{"id":6116,"date":"2023-03-27T04:33:55","date_gmt":"2023-03-27T04:33:55","guid":{"rendered":"https:\/\/redmediterranea.com\/?p=6116"},"modified":"2023-03-27T04:33:56","modified_gmt":"2023-03-27T04:33:56","slug":"mauricio-macri-anuncio-que-no-sera-candidato-en-las-elecciones-presidenciales","status":"publish","type":"post","link":"https:\/\/redmediterranea.com\/index.php\/2023\/03\/27\/mauricio-macri-anuncio-que-no-sera-candidato-en-las-elecciones-presidenciales\/","title":{"rendered":"Mauricio Macri anunci\u00f3 que no ser\u00e1 candidato en las elecciones presidenciales"},"content":{"rendered":"\n<p>El ex presidente&nbsp;<strong>Mauricio Macri<\/strong>&nbsp;anunci\u00f3 este domingo que no ser\u00e1 candidato en las elecciones presidenciales de octubre, al afirmar que la alianza opositora<strong>&nbsp;Juntos por el Cambio (JxC)<\/strong>&nbsp;\u00abha logrado superar esa falsa ilusi\u00f3n del individuo salvador\u00bb.<\/p>\n\n\n\n<p>\u00abQuiero ratificar la decisi\u00f3n de que no ser\u00e9 candidato en la pr\u00f3xima elecci\u00f3n y lo hago convencido de que hay que agrandar el espacio pol\u00edtico del cambio que iniciamos, que tenemos que inspirar a los dem\u00e1s con nuestras acciones\u00bb, expres\u00f3.<\/p>\n\n\n\n<p>\u00abEste tiempo oscuro ya empez\u00f3 a terminar, lo siento en el coraz\u00f3n y conf\u00edo en la decisi\u00f3n de los argentinos de dejarlo atr\u00e1s para siempre; millones de personas tienen el deseo de que volvamos a trabajar juntos\u00bb, expres\u00f3 el ex mandatario a trav\u00e9s de un video de seis minutos, publicado en sus redes sociales.<\/p>\n\n\n\n<p>Expres\u00f3&nbsp;<strong>Macri<\/strong>&nbsp;que pese a declinar de la posibilidad de disputar la candidatura para presidente, seguir\u00e1 \u00abdefendiendo la libertad, la democracia y los valores\u00bb dentro de JxC.<\/p>\n\n\n\n<figure class=\"wp-block-embed is-type-rich is-provider-gestor-del-servicio wp-block-embed-gestor-del-servicio wp-embed-aspect-16-9 wp-has-aspect-ratio\"><div class=\"wp-block-embed__wrapper\">\n<div class=\"youtube-embed\" data-video_id=\"s_eJi9iswRM\"><iframe loading=\"lazy\" title=\"26-03-2023\" width=\"696\" height=\"392\" src=\"https:\/\/www.youtube.com\/embed\/s_eJi9iswRM?feature=oembed&#038;enablejsapi=1\" frameborder=\"0\" allow=\"accelerometer; autoplay; clipboard-write; encrypted-media; gyroscope; picture-in-picture; web-share\" allowfullscreen><\/iframe><\/div>\n<\/div><\/figure>\n\n\n\n<p>A trav\u00e9s de su cuenta de Twitter, la precandidata a presidenta&nbsp;<strong>Patricia Bullrich<\/strong>&nbsp;analiz\u00f3 que \u00abla hist\u00f3rica decisi\u00f3n de Mauricio Macri confirma su grandeza y generosidad\u00bb.<\/p>\n\n\n\n<p>Complet\u00f3 su mensaje la ex ministra de Seguridad de la Naci\u00f3n (2015 &#8211; 2019), subrayando que \u00aba\u00fan pudiendo volver a ser presidente\u00bb, Macri \u00abha priorizado los intereses de nuestro pa\u00eds antes que los propios, como muy pocos dirigentes lo han hecho en la historia argentina\u00bb.<\/p>\n\n\n\n<p>\u00abUna vez m\u00e1s y c\u00f3mo lo ha hecho a lo largo de toda su vida, Mauricio Macri toma una decisi\u00f3n que deja en claro su enorme visi\u00f3n, su generosidad, valent\u00eda y amor por los argentinos\u00bb, indic\u00f3\u00a0<strong>Horacio Rodr\u00edguez Larreta<\/strong>, otro de los interesados en disputar la candidatura a presidente por Juntos por el Cambio.<\/p>\n\n\n\n<p>El presidente de la Uni\u00f3n C\u00edvica Radical,&nbsp;<strong>Gerardo Morales<\/strong>, por su parte, dijo que la renuncia de Mauricio Macri a la candidatura presidencial \u00abordenar\u00e1 la interna del PRO\u00bb, al tiempo que dijo que, ante este escenario, \u00abser\u00eda bueno que Cristina (Kirchner) se vaya a su casa\u00bb.<\/p>\n\n\n\n<p>\u00abSer\u00eda bueno que Cristina se vaya a su casa, le va a hacer bien al pa\u00eds\u00bb, dijo Morales al referirse a la vicepresidenta, de quien dijo \u00abva a ser la sepulturera del peronismo\u00bb.<\/p>\n\n\n\n<p><strong>Morales<\/strong>&nbsp;se\u00f1al\u00f3 que la determinaci\u00f3n de Macri de retirarse de la contienda electoral \u00abes una buena decisi\u00f3n que aporta a la cohesi\u00f3n del PRO\u00bb, ya que contribuir\u00e1 a encarrilar la disputa principalmente entre Horacio Rodr\u00edguez Larrea y Patricia Bullrich.<\/p>\n\n\n\n<p>\u00abEs una buena decisi\u00f3n. Estimo que, habiendo hablado con Larreta y Patricia, ayudar\u00e1 a ordenar la interna del PRO y tambi\u00e9n ayudar\u00e1 a ordenar la interna de Juntos por el Cambio\u00bb, se\u00f1al\u00f3 el gobernador de Jujuy.<\/p>\n\n\n\n<p>No obstante consider\u00f3 que \u00abMauricio va a tener un rol gravitante\u00bb, dentro del espacio como referente de consulta para el pr\u00f3ximo gobierno.<\/p>\n","protected":false},"excerpt":{"rendered":"<p>El ex presidente&nbsp;Mauricio Macri&nbsp;anunci\u00f3 este domingo que no ser\u00e1 candidato en las elecciones presidenciales de octubre, al afirmar que la alianza opositora&nbsp;Juntos por el Cambio (JxC)&nbsp;\u00abha logrado superar esa falsa ilusi\u00f3n del individuo salvador\u00bb. \u00abQuiero ratificar la decisi\u00f3n de que no ser\u00e9 candidato en la pr\u00f3xima elecci\u00f3n y lo hago convencido de que hay que [&hellip;]<\/p>\n","protected":false},"author":1,"featured_media":6118,"comment_status":"open","ping_status":"open","sticky":false,"template":"","format":"standard","meta":{"footnotes":""},"categories":[64,41],"tags":[302,1939,1301],"class_list":{"0":"post-6116","1":"post","2":"type-post","3":"status-publish","4":"format-standard","5":"has-post-thumbnail","7":"category-nacionales","8":"category-politica","9":"tag-candidato","10":"tag-horacio-rodriguez-larreta","11":"tag-mauricio-macri"},"yoast_head":"<!-- This site is optimized with the Yoast SEO plugin v27.4 - https:\/\/yoast.com\/product\/yoast-seo-wordpress\/ -->\n<title>Mauricio Macri anunci\u00f3 que no ser\u00e1 candidato en las elecciones presidenciales &#8212; Red Mediterr\u00e1nea<\/title>\n<meta name=\"robots\" content=\"index, follow, max-snippet:-1, max-image-preview:large, max-video-preview:-1\" \/>\n<link rel=\"canonical\" href=\"https:\/\/redmediterranea.com\/index.php\/2023\/03\/27\/mauricio-macri-anuncio-que-no-sera-candidato-en-las-elecciones-presidenciales\/\" \/>\n<meta property=\"og:locale\" content=\"es_ES\" \/>\n<meta property=\"og:type\" content=\"article\" \/>\n<meta property=\"og:title\" content=\"Mauricio Macri anunci\u00f3 que no ser\u00e1 candidato en las elecciones presidenciales &#8212; Red Mediterr\u00e1nea\" \/>\n<meta property=\"og:description\" content=\"El ex presidente&nbsp;Mauricio Macri&nbsp;anunci\u00f3 este domingo que no ser\u00e1 candidato en las elecciones presidenciales de octubre, al afirmar que la alianza opositora&nbsp;Juntos por el Cambio (JxC)&nbsp;\u00abha logrado superar esa falsa ilusi\u00f3n del individuo salvador\u00bb. \u00abQuiero ratificar la decisi\u00f3n de que no ser\u00e9 candidato en la pr\u00f3xima elecci\u00f3n y lo hago convencido de que hay que [&hellip;]\" \/>\n<meta property=\"og:url\" content=\"https:\/\/redmediterranea.com\/index.php\/2023\/03\/27\/mauricio-macri-anuncio-que-no-sera-candidato-en-las-elecciones-presidenciales\/\" \/>\n<meta property=\"og:site_name\" content=\"Red Mediterr\u00e1nea\" \/>\n<meta property=\"article:publisher\" content=\"https:\/\/www.facebook.com\/redmediterranea.net\" \/>\n<meta property=\"article:published_time\" content=\"2023-03-27T04:33:55+00:00\" \/>\n<meta property=\"article:modified_time\" content=\"2023-03-27T04:33:56+00:00\" \/>\n<meta property=\"og:image\" content=\"http:\/\/redmediterranea.com\/wp-content\/uploads\/2023\/03\/macri.webp\" \/>\n\t<meta property=\"og:image:width\" content=\"1025\" \/>\n\t<meta property=\"og:image:height\" content=\"747\" \/>\n\t<meta property=\"og:image:type\" content=\"image\/webp\" \/>\n<meta name=\"author\" content=\"Red Mediterr\u00e1nea\" \/>\n<meta name=\"twitter:card\" content=\"summary_large_image\" \/>\n<meta name=\"twitter:label1\" content=\"Escrito por\" \/>\n\t<meta name=\"twitter:data1\" content=\"Red Mediterr\u00e1nea\" \/>\n\t<meta name=\"twitter:label2\" content=\"Tiempo de lectura\" \/>\n\t<meta name=\"twitter:data2\" content=\"3 minutos\" \/>\n<script type=\"application\/ld+json\" class=\"yoast-schema-graph\">{\"@context\":\"https:\\\/\\\/schema.org\",\"@graph\":[{\"@type\":\"Article\",\"@id\":\"https:\\\/\\\/redmediterranea.com\\\/index.php\\\/2023\\\/03\\\/27\\\/mauricio-macri-anuncio-que-no-sera-candidato-en-las-elecciones-presidenciales\\\/#article\",\"isPartOf\":{\"@id\":\"https:\\\/\\\/redmediterranea.com\\\/index.php\\\/2023\\\/03\\\/27\\\/mauricio-macri-anuncio-que-no-sera-candidato-en-las-elecciones-presidenciales\\\/\"},\"author\":{\"name\":\"Red Mediterr\u00e1nea\",\"@id\":\"https:\\\/\\\/redmediterranea.com\\\/#\\\/schema\\\/person\\\/a59f6085115b75a865fb0338fe81d577\"},\"headline\":\"Mauricio Macri anunci\u00f3 que no ser\u00e1 candidato en las elecciones presidenciales\",\"datePublished\":\"2023-03-27T04:33:55+00:00\",\"dateModified\":\"2023-03-27T04:33:56+00:00\",\"mainEntityOfPage\":{\"@id\":\"https:\\\/\\\/redmediterranea.com\\\/index.php\\\/2023\\\/03\\\/27\\\/mauricio-macri-anuncio-que-no-sera-candidato-en-las-elecciones-presidenciales\\\/\"},\"wordCount\":524,\"commentCount\":0,\"publisher\":{\"@id\":\"https:\\\/\\\/redmediterranea.com\\\/#organization\"},\"image\":{\"@id\":\"https:\\\/\\\/redmediterranea.com\\\/index.php\\\/2023\\\/03\\\/27\\\/mauricio-macri-anuncio-que-no-sera-candidato-en-las-elecciones-presidenciales\\\/#primaryimage\"},\"thumbnailUrl\":\"https:\\\/\\\/redmediterranea.com\\\/wp-content\\\/uploads\\\/2023\\\/03\\\/macri.webp\",\"keywords\":[\"Candidato\",\"Horacio Rodr\u00edguez Larreta\",\"Mauricio Macri\"],\"articleSection\":[\"Nacionales\",\"Pol\u00edtica\"],\"inLanguage\":\"es\",\"potentialAction\":[{\"@type\":\"CommentAction\",\"name\":\"Comment\",\"target\":[\"https:\\\/\\\/redmediterranea.com\\\/index.php\\\/2023\\\/03\\\/27\\\/mauricio-macri-anuncio-que-no-sera-candidato-en-las-elecciones-presidenciales\\\/#respond\"]}]},{\"@type\":\"WebPage\",\"@id\":\"https:\\\/\\\/redmediterranea.com\\\/index.php\\\/2023\\\/03\\\/27\\\/mauricio-macri-anuncio-que-no-sera-candidato-en-las-elecciones-presidenciales\\\/\",\"url\":\"https:\\\/\\\/redmediterranea.com\\\/index.php\\\/2023\\\/03\\\/27\\\/mauricio-macri-anuncio-que-no-sera-candidato-en-las-elecciones-presidenciales\\\/\",\"name\":\"Mauricio Macri anunci\u00f3 que no ser\u00e1 candidato en las elecciones presidenciales &#8212; Red Mediterr\u00e1nea\",\"isPartOf\":{\"@id\":\"https:\\\/\\\/redmediterranea.com\\\/#website\"},\"primaryImageOfPage\":{\"@id\":\"https:\\\/\\\/redmediterranea.com\\\/index.php\\\/2023\\\/03\\\/27\\\/mauricio-macri-anuncio-que-no-sera-candidato-en-las-elecciones-presidenciales\\\/#primaryimage\"},\"image\":{\"@id\":\"https:\\\/\\\/redmediterranea.com\\\/index.php\\\/2023\\\/03\\\/27\\\/mauricio-macri-anuncio-que-no-sera-candidato-en-las-elecciones-presidenciales\\\/#primaryimage\"},\"thumbnailUrl\":\"https:\\\/\\\/redmediterranea.com\\\/wp-content\\\/uploads\\\/2023\\\/03\\\/macri.webp\",\"datePublished\":\"2023-03-27T04:33:55+00:00\",\"dateModified\":\"2023-03-27T04:33:56+00:00\",\"breadcrumb\":{\"@id\":\"https:\\\/\\\/redmediterranea.com\\\/index.php\\\/2023\\\/03\\\/27\\\/mauricio-macri-anuncio-que-no-sera-candidato-en-las-elecciones-presidenciales\\\/#breadcrumb\"},\"inLanguage\":\"es\",\"potentialAction\":[{\"@type\":\"ReadAction\",\"target\":[\"https:\\\/\\\/redmediterranea.com\\\/index.php\\\/2023\\\/03\\\/27\\\/mauricio-macri-anuncio-que-no-sera-candidato-en-las-elecciones-presidenciales\\\/\"]}]},{\"@type\":\"ImageObject\",\"inLanguage\":\"es\",\"@id\":\"https:\\\/\\\/redmediterranea.com\\\/index.php\\\/2023\\\/03\\\/27\\\/mauricio-macri-anuncio-que-no-sera-candidato-en-las-elecciones-presidenciales\\\/#primaryimage\",\"url\":\"https:\\\/\\\/redmediterranea.com\\\/wp-content\\\/uploads\\\/2023\\\/03\\\/macri.webp\",\"contentUrl\":\"https:\\\/\\\/redmediterranea.com\\\/wp-content\\\/uploads\\\/2023\\\/03\\\/macri.webp\",\"width\":1025,\"height\":747},{\"@type\":\"BreadcrumbList\",\"@id\":\"https:\\\/\\\/redmediterranea.com\\\/index.php\\\/2023\\\/03\\\/27\\\/mauricio-macri-anuncio-que-no-sera-candidato-en-las-elecciones-presidenciales\\\/#breadcrumb\",\"itemListElement\":[{\"@type\":\"ListItem\",\"position\":1,\"name\":\"Portada\",\"item\":\"https:\\\/\\\/redmediterranea.com\\\/\"},{\"@type\":\"ListItem\",\"position\":2,\"name\":\"Mauricio Macri anunci\u00f3 que no ser\u00e1 candidato en las elecciones presidenciales\"}]},{\"@type\":\"WebSite\",\"@id\":\"https:\\\/\\\/redmediterranea.com\\\/#website\",\"url\":\"https:\\\/\\\/redmediterranea.com\\\/\",\"name\":\"Red Mediterr\u00e1nea\",\"description\":\"Noticias de De\u00e1n Funes\",\"publisher\":{\"@id\":\"https:\\\/\\\/redmediterranea.com\\\/#organization\"},\"potentialAction\":[{\"@type\":\"SearchAction\",\"target\":{\"@type\":\"EntryPoint\",\"urlTemplate\":\"https:\\\/\\\/redmediterranea.com\\\/?s={search_term_string}\"},\"query-input\":{\"@type\":\"PropertyValueSpecification\",\"valueRequired\":true,\"valueName\":\"search_term_string\"}}],\"inLanguage\":\"es\"},{\"@type\":\"Organization\",\"@id\":\"https:\\\/\\\/redmediterranea.com\\\/#organization\",\"name\":\"Red Mediterr\u00e1nea\",\"url\":\"https:\\\/\\\/redmediterranea.com\\\/\",\"logo\":{\"@type\":\"ImageObject\",\"inLanguage\":\"es\",\"@id\":\"https:\\\/\\\/redmediterranea.com\\\/#\\\/schema\\\/logo\\\/image\\\/\",\"url\":\"https:\\\/\\\/redmediterranea.com\\\/wp-content\\\/uploads\\\/2021\\\/09\\\/red.png\",\"contentUrl\":\"https:\\\/\\\/redmediterranea.com\\\/wp-content\\\/uploads\\\/2021\\\/09\\\/red.png\",\"width\":400,\"height\":260,\"caption\":\"Red Mediterr\u00e1nea\"},\"image\":{\"@id\":\"https:\\\/\\\/redmediterranea.com\\\/#\\\/schema\\\/logo\\\/image\\\/\"},\"sameAs\":[\"https:\\\/\\\/www.facebook.com\\\/redmediterranea.net\",\"https:\\\/\\\/www.youtube.com\\\/channel\\\/UCvm4ojIMOGKnk5v9TsWnFWQ\"]},{\"@type\":\"Person\",\"@id\":\"https:\\\/\\\/redmediterranea.com\\\/#\\\/schema\\\/person\\\/a59f6085115b75a865fb0338fe81d577\",\"name\":\"Red Mediterr\u00e1nea\",\"image\":{\"@type\":\"ImageObject\",\"inLanguage\":\"es\",\"@id\":\"https:\\\/\\\/redmediterranea.com\\\/wp-content\\\/litespeed\\\/avatar\\\/1a3770c806a5dd31cb05580dd57bedd6.jpg?ver=1777231671\",\"url\":\"https:\\\/\\\/redmediterranea.com\\\/wp-content\\\/litespeed\\\/avatar\\\/1a3770c806a5dd31cb05580dd57bedd6.jpg?ver=1777231671\",\"contentUrl\":\"https:\\\/\\\/redmediterranea.com\\\/wp-content\\\/litespeed\\\/avatar\\\/1a3770c806a5dd31cb05580dd57bedd6.jpg?ver=1777231671\",\"caption\":\"Red Mediterr\u00e1nea\"},\"sameAs\":[\"http:\\\/\\\/redmediterranea.com\"],\"url\":\"https:\\\/\\\/redmediterranea.com\\\/index.php\\\/author\\\/hg-hatecraft\\\/\"}]}<\/script>\n<!-- \/ Yoast SEO plugin. -->","yoast_head_json":{"title":"Mauricio Macri anunci\u00f3 que no ser\u00e1 candidato en las elecciones presidenciales &#8212; Red Mediterr\u00e1nea","robots":{"index":"index","follow":"follow","max-snippet":"max-snippet:-1","max-image-preview":"max-image-preview:large","max-video-preview":"max-video-preview:-1"},"canonical":"https:\/\/redmediterranea.com\/index.php\/2023\/03\/27\/mauricio-macri-anuncio-que-no-sera-candidato-en-las-elecciones-presidenciales\/","og_locale":"es_ES","og_type":"article","og_title":"Mauricio Macri anunci\u00f3 que no ser\u00e1 candidato en las elecciones presidenciales &#8212; Red Mediterr\u00e1nea","og_description":"El ex presidente&nbsp;Mauricio Macri&nbsp;anunci\u00f3 este domingo que no ser\u00e1 candidato en las elecciones presidenciales de octubre, al afirmar que la alianza opositora&nbsp;Juntos por el Cambio (JxC)&nbsp;\u00abha logrado superar esa falsa ilusi\u00f3n del individuo salvador\u00bb. \u00abQuiero ratificar la decisi\u00f3n de que no ser\u00e9 candidato en la pr\u00f3xima elecci\u00f3n y lo hago convencido de que hay que [&hellip;]","og_url":"https:\/\/redmediterranea.com\/index.php\/2023\/03\/27\/mauricio-macri-anuncio-que-no-sera-candidato-en-las-elecciones-presidenciales\/","og_site_name":"Red Mediterr\u00e1nea","article_publisher":"https:\/\/www.facebook.com\/redmediterranea.net","article_published_time":"2023-03-27T04:33:55+00:00","article_modified_time":"2023-03-27T04:33:56+00:00","og_image":[{"width":1025,"height":747,"url":"http:\/\/redmediterranea.com\/wp-content\/uploads\/2023\/03\/macri.webp","type":"image\/webp"}],"author":"Red Mediterr\u00e1nea","twitter_card":"summary_large_image","twitter_misc":{"Escrito por":"Red Mediterr\u00e1nea","Tiempo de lectura":"3 minutos"},"schema":{"@context":"https:\/\/schema.org","@graph":[{"@type":"Article","@id":"https:\/\/redmediterranea.com\/index.php\/2023\/03\/27\/mauricio-macri-anuncio-que-no-sera-candidato-en-las-elecciones-presidenciales\/#article","isPartOf":{"@id":"https:\/\/redmediterranea.com\/index.php\/2023\/03\/27\/mauricio-macri-anuncio-que-no-sera-candidato-en-las-elecciones-presidenciales\/"},"author":{"name":"Red Mediterr\u00e1nea","@id":"https:\/\/redmediterranea.com\/#\/schema\/person\/a59f6085115b75a865fb0338fe81d577"},"headline":"Mauricio Macri anunci\u00f3 que no ser\u00e1 candidato en las elecciones presidenciales","datePublished":"2023-03-27T04:33:55+00:00","dateModified":"2023-03-27T04:33:56+00:00","mainEntityOfPage":{"@id":"https:\/\/redmediterranea.com\/index.php\/2023\/03\/27\/mauricio-macri-anuncio-que-no-sera-candidato-en-las-elecciones-presidenciales\/"},"wordCount":524,"commentCount":0,"publisher":{"@id":"https:\/\/redmediterranea.com\/#organization"},"image":{"@id":"https:\/\/redmediterranea.com\/index.php\/2023\/03\/27\/mauricio-macri-anuncio-que-no-sera-candidato-en-las-elecciones-presidenciales\/#primaryimage"},"thumbnailUrl":"https:\/\/redmediterranea.com\/wp-content\/uploads\/2023\/03\/macri.webp","keywords":["Candidato","Horacio Rodr\u00edguez Larreta","Mauricio Macri"],"articleSection":["Nacionales","Pol\u00edtica"],"inLanguage":"es","potentialAction":[{"@type":"CommentAction","name":"Comment","target":["https:\/\/redmediterranea.com\/index.php\/2023\/03\/27\/mauricio-macri-anuncio-que-no-sera-candidato-en-las-elecciones-presidenciales\/#respond"]}]},{"@type":"WebPage","@id":"https:\/\/redmediterranea.com\/index.php\/2023\/03\/27\/mauricio-macri-anuncio-que-no-sera-candidato-en-las-elecciones-presidenciales\/","url":"https:\/\/redmediterranea.com\/index.php\/2023\/03\/27\/mauricio-macri-anuncio-que-no-sera-candidato-en-las-elecciones-presidenciales\/","name":"Mauricio Macri anunci\u00f3 que no ser\u00e1 candidato en las elecciones presidenciales &#8212; Red Mediterr\u00e1nea","isPartOf":{"@id":"https:\/\/redmediterranea.com\/#website"},"primaryImageOfPage":{"@id":"https:\/\/redmediterranea.com\/index.php\/2023\/03\/27\/mauricio-macri-anuncio-que-no-sera-candidato-en-las-elecciones-presidenciales\/#primaryimage"},"image":{"@id":"https:\/\/redmediterranea.com\/index.php\/2023\/03\/27\/mauricio-macri-anuncio-que-no-sera-candidato-en-las-elecciones-presidenciales\/#primaryimage"},"thumbnailUrl":"https:\/\/redmediterranea.com\/wp-content\/uploads\/2023\/03\/macri.webp","datePublished":"2023-03-27T04:33:55+00:00","dateModified":"2023-03-27T04:33:56+00:00","breadcrumb":{"@id":"https:\/\/redmediterranea.com\/index.php\/2023\/03\/27\/mauricio-macri-anuncio-que-no-sera-candidato-en-las-elecciones-presidenciales\/#breadcrumb"},"inLanguage":"es","potentialAction":[{"@type":"ReadAction","target":["https:\/\/redmediterranea.com\/index.php\/2023\/03\/27\/mauricio-macri-anuncio-que-no-sera-candidato-en-las-elecciones-presidenciales\/"]}]},{"@type":"ImageObject","inLanguage":"es","@id":"https:\/\/redmediterranea.com\/index.php\/2023\/03\/27\/mauricio-macri-anuncio-que-no-sera-candidato-en-las-elecciones-presidenciales\/#primaryimage","url":"https:\/\/redmediterranea.com\/wp-content\/uploads\/2023\/03\/macri.webp","contentUrl":"https:\/\/redmediterranea.com\/wp-content\/uploads\/2023\/03\/macri.webp","width":1025,"height":747},{"@type":"BreadcrumbList","@id":"https:\/\/redmediterranea.com\/index.php\/2023\/03\/27\/mauricio-macri-anuncio-que-no-sera-candidato-en-las-elecciones-presidenciales\/#breadcrumb","itemListElement":[{"@type":"ListItem","position":1,"name":"Portada","item":"https:\/\/redmediterranea.com\/"},{"@type":"ListItem","position":2,"name":"Mauricio Macri anunci\u00f3 que no ser\u00e1 candidato en las elecciones presidenciales"}]},{"@type":"WebSite","@id":"https:\/\/redmediterranea.com\/#website","url":"https:\/\/redmediterranea.com\/","name":"Red Mediterr\u00e1nea","description":"Noticias de De\u00e1n Funes","publisher":{"@id":"https:\/\/redmediterranea.com\/#organization"},"potentialAction":[{"@type":"SearchAction","target":{"@type":"EntryPoint","urlTemplate":"https:\/\/redmediterranea.com\/?s={search_term_string}"},"query-input":{"@type":"PropertyValueSpecification","valueRequired":true,"valueName":"search_term_string"}}],"inLanguage":"es"},{"@type":"Organization","@id":"https:\/\/redmediterranea.com\/#organization","name":"Red Mediterr\u00e1nea","url":"https:\/\/redmediterranea.com\/","logo":{"@type":"ImageObject","inLanguage":"es","@id":"https:\/\/redmediterranea.com\/#\/schema\/logo\/image\/","url":"https:\/\/redmediterranea.com\/wp-content\/uploads\/2021\/09\/red.png","contentUrl":"https:\/\/redmediterranea.com\/wp-content\/uploads\/2021\/09\/red.png","width":400,"height":260,"caption":"Red Mediterr\u00e1nea"},"image":{"@id":"https:\/\/redmediterranea.com\/#\/schema\/logo\/image\/"},"sameAs":["https:\/\/www.facebook.com\/redmediterranea.net","https:\/\/www.youtube.com\/channel\/UCvm4ojIMOGKnk5v9TsWnFWQ"]},{"@type":"Person","@id":"https:\/\/redmediterranea.com\/#\/schema\/person\/a59f6085115b75a865fb0338fe81d577","name":"Red Mediterr\u00e1nea","image":{"@type":"ImageObject","inLanguage":"es","@id":"https:\/\/redmediterranea.com\/wp-content\/litespeed\/avatar\/1a3770c806a5dd31cb05580dd57bedd6.jpg?ver=1777231671","url":"https:\/\/redmediterranea.com\/wp-content\/litespeed\/avatar\/1a3770c806a5dd31cb05580dd57bedd6.jpg?ver=1777231671","contentUrl":"https:\/\/redmediterranea.com\/wp-content\/litespeed\/avatar\/1a3770c806a5dd31cb05580dd57bedd6.jpg?ver=1777231671","caption":"Red Mediterr\u00e1nea"},"sameAs":["http:\/\/redmediterranea.com"],"url":"https:\/\/redmediterranea.com\/index.php\/author\/hg-hatecraft\/"}]}},"_links":{"self":[{"href":"https:\/\/redmediterranea.com\/index.php\/wp-json\/wp\/v2\/posts\/6116","targetHints":{"allow":["GET"]}}],"collection":[{"href":"https:\/\/redmediterranea.com\/index.php\/wp-json\/wp\/v2\/posts"}],"about":[{"href":"https:\/\/redmediterranea.com\/index.php\/wp-json\/wp\/v2\/types\/post"}],"author":[{"embeddable":true,"href":"https:\/\/redmediterranea.com\/index.php\/wp-json\/wp\/v2\/users\/1"}],"replies":[{"embeddable":true,"href":"https:\/\/redmediterranea.com\/index.php\/wp-json\/wp\/v2\/comments?post=6116"}],"version-history":[{"count":1,"href":"https:\/\/redmediterranea.com\/index.php\/wp-json\/wp\/v2\/posts\/6116\/revisions"}],"predecessor-version":[{"id":6119,"href":"https:\/\/redmediterranea.com\/index.php\/wp-json\/wp\/v2\/posts\/6116\/revisions\/6119"}],"wp:featuredmedia":[{"embeddable":true,"href":"https:\/\/redmediterranea.com\/index.php\/wp-json\/wp\/v2\/media\/6118"}],"wp:attachment":[{"href":"https:\/\/redmediterranea.com\/index.php\/wp-json\/wp\/v2\/media?parent=6116"}],"wp:term":[{"taxonomy":"category","embeddable":true,"href":"https:\/\/redmediterranea.com\/index.php\/wp-json\/wp\/v2\/categories?post=6116"},{"taxonomy":"post_tag","embeddable":true,"href":"https:\/\/redmediterranea.com\/index.php\/wp-json\/wp\/v2\/tags?post=6116"}],"curies":[{"name":"wp","href":"https:\/\/api.w.org\/{rel}","templated":true}]}}