{"id":5931,"date":"2023-03-15T13:16:51","date_gmt":"2023-03-15T13:16:51","guid":{"rendered":"https:\/\/redmediterranea.com\/?p=5931"},"modified":"2023-03-15T13:16:52","modified_gmt":"2023-03-15T13:16:52","slug":"intendenta-mabel-godoy-se-reune-con-centros-educativos-de-quilino-villa-quilino-y-zona-rural","status":"publish","type":"post","link":"https:\/\/redmediterranea.com\/index.php\/2023\/03\/15\/intendenta-mabel-godoy-se-reune-con-centros-educativos-de-quilino-villa-quilino-y-zona-rural\/","title":{"rendered":"Intendenta Mabel Godoy se re\u00fane con Centros Educativos de Quilino, Villa Quilino y Zona Rural"},"content":{"rendered":"\n<p>Se realiz\u00f3 la primera reuni\u00f3n del a\u00f1o de la Intendente Municipal Profesora Mabel Godoy, su equipo de gesti\u00f3n y  las autoridades de los distintos centros educativos de Quilino, Villa Quilino y Zona rural.<\/p>\n\n\n\n<p>En la misma se trataron diferentes temas,  entre ellos la distribuci\u00f3n dela organizaci\u00f3n de los distintos actos durante el 2023. Para finalizar, la intendente municipal realiz\u00f3 el obsequio de una agenda de cada directivo.<\/p>\n\n\n\n<p><\/p>\n","protected":false},"excerpt":{"rendered":"<p>Se realiz\u00f3 la primera reuni\u00f3n del a\u00f1o de la Intendente Municipal Profesora Mabel Godoy, su equipo de gesti\u00f3n y las autoridades de los distintos centros educativos de Quilino, Villa Quilino y Zona rural. En la misma se trataron diferentes temas, entre ellos la distribuci\u00f3n dela organizaci\u00f3n de los distintos actos durante el 2023. Para finalizar, [&hellip;]<\/p>\n","protected":false},"author":1,"featured_media":5932,"comment_status":"open","ping_status":"open","sticky":false,"template":"","format":"standard","meta":{"footnotes":""},"categories":[53],"tags":[],"class_list":{"0":"post-5931","1":"post","2":"type-post","3":"status-publish","4":"format-standard","5":"has-post-thumbnail","7":"category-portada"},"yoast_head":"<!-- This site is optimized with the Yoast SEO plugin v27.4 - https:\/\/yoast.com\/product\/yoast-seo-wordpress\/ -->\n<title>Intendenta Mabel Godoy se re\u00fane con Centros Educativos de Quilino, Villa Quilino y Zona Rural &#8212; Red Mediterr\u00e1nea<\/title>\n<meta name=\"robots\" content=\"index, follow, max-snippet:-1, max-image-preview:large, max-video-preview:-1\" \/>\n<link rel=\"canonical\" href=\"https:\/\/redmediterranea.com\/index.php\/2023\/03\/15\/intendenta-mabel-godoy-se-reune-con-centros-educativos-de-quilino-villa-quilino-y-zona-rural\/\" \/>\n<meta property=\"og:locale\" content=\"es_ES\" \/>\n<meta property=\"og:type\" content=\"article\" \/>\n<meta property=\"og:title\" content=\"Intendenta Mabel Godoy se re\u00fane con Centros Educativos de Quilino, Villa Quilino y Zona Rural &#8212; Red Mediterr\u00e1nea\" \/>\n<meta property=\"og:description\" content=\"Se realiz\u00f3 la primera reuni\u00f3n del a\u00f1o de la Intendente Municipal Profesora Mabel Godoy, su equipo de gesti\u00f3n y las autoridades de los distintos centros educativos de Quilino, Villa Quilino y Zona rural. En la misma se trataron diferentes temas, entre ellos la distribuci\u00f3n dela organizaci\u00f3n de los distintos actos durante el 2023. Para finalizar, [&hellip;]\" \/>\n<meta property=\"og:url\" content=\"https:\/\/redmediterranea.com\/index.php\/2023\/03\/15\/intendenta-mabel-godoy-se-reune-con-centros-educativos-de-quilino-villa-quilino-y-zona-rural\/\" \/>\n<meta property=\"og:site_name\" content=\"Red Mediterr\u00e1nea\" \/>\n<meta property=\"article:publisher\" content=\"https:\/\/www.facebook.com\/redmediterranea.net\" \/>\n<meta property=\"article:published_time\" content=\"2023-03-15T13:16:51+00:00\" \/>\n<meta property=\"article:modified_time\" content=\"2023-03-15T13:16:52+00:00\" \/>\n<meta property=\"og:image\" content=\"http:\/\/redmediterranea.com\/wp-content\/uploads\/2023\/03\/IMG-20230315-WA0001.jpg\" \/>\n\t<meta property=\"og:image:width\" content=\"1600\" \/>\n\t<meta property=\"og:image:height\" content=\"1200\" \/>\n\t<meta property=\"og:image:type\" content=\"image\/jpeg\" \/>\n<meta name=\"author\" content=\"Red Mediterr\u00e1nea\" \/>\n<meta name=\"twitter:card\" content=\"summary_large_image\" \/>\n<meta name=\"twitter:label1\" content=\"Escrito por\" \/>\n\t<meta name=\"twitter:data1\" content=\"Red Mediterr\u00e1nea\" \/>\n\t<meta name=\"twitter:label2\" content=\"Tiempo de lectura\" \/>\n\t<meta name=\"twitter:data2\" content=\"1 minuto\" \/>\n<script type=\"application\/ld+json\" class=\"yoast-schema-graph\">{\"@context\":\"https:\\\/\\\/schema.org\",\"@graph\":[{\"@type\":\"Article\",\"@id\":\"https:\\\/\\\/redmediterranea.com\\\/index.php\\\/2023\\\/03\\\/15\\\/intendenta-mabel-godoy-se-reune-con-centros-educativos-de-quilino-villa-quilino-y-zona-rural\\\/#article\",\"isPartOf\":{\"@id\":\"https:\\\/\\\/redmediterranea.com\\\/index.php\\\/2023\\\/03\\\/15\\\/intendenta-mabel-godoy-se-reune-con-centros-educativos-de-quilino-villa-quilino-y-zona-rural\\\/\"},\"author\":{\"name\":\"Red Mediterr\u00e1nea\",\"@id\":\"https:\\\/\\\/redmediterranea.com\\\/#\\\/schema\\\/person\\\/a59f6085115b75a865fb0338fe81d577\"},\"headline\":\"Intendenta Mabel Godoy se re\u00fane con Centros Educativos de Quilino, Villa Quilino y Zona Rural\",\"datePublished\":\"2023-03-15T13:16:51+00:00\",\"dateModified\":\"2023-03-15T13:16:52+00:00\",\"mainEntityOfPage\":{\"@id\":\"https:\\\/\\\/redmediterranea.com\\\/index.php\\\/2023\\\/03\\\/15\\\/intendenta-mabel-godoy-se-reune-con-centros-educativos-de-quilino-villa-quilino-y-zona-rural\\\/\"},\"wordCount\":87,\"commentCount\":0,\"publisher\":{\"@id\":\"https:\\\/\\\/redmediterranea.com\\\/#organization\"},\"image\":{\"@id\":\"https:\\\/\\\/redmediterranea.com\\\/index.php\\\/2023\\\/03\\\/15\\\/intendenta-mabel-godoy-se-reune-con-centros-educativos-de-quilino-villa-quilino-y-zona-rural\\\/#primaryimage\"},\"thumbnailUrl\":\"https:\\\/\\\/redmediterranea.com\\\/wp-content\\\/uploads\\\/2023\\\/03\\\/IMG-20230315-WA0001.jpg\",\"articleSection\":[\"Portada\"],\"inLanguage\":\"es\",\"potentialAction\":[{\"@type\":\"CommentAction\",\"name\":\"Comment\",\"target\":[\"https:\\\/\\\/redmediterranea.com\\\/index.php\\\/2023\\\/03\\\/15\\\/intendenta-mabel-godoy-se-reune-con-centros-educativos-de-quilino-villa-quilino-y-zona-rural\\\/#respond\"]}]},{\"@type\":\"WebPage\",\"@id\":\"https:\\\/\\\/redmediterranea.com\\\/index.php\\\/2023\\\/03\\\/15\\\/intendenta-mabel-godoy-se-reune-con-centros-educativos-de-quilino-villa-quilino-y-zona-rural\\\/\",\"url\":\"https:\\\/\\\/redmediterranea.com\\\/index.php\\\/2023\\\/03\\\/15\\\/intendenta-mabel-godoy-se-reune-con-centros-educativos-de-quilino-villa-quilino-y-zona-rural\\\/\",\"name\":\"Intendenta Mabel Godoy se re\u00fane con Centros Educativos de Quilino, Villa Quilino y Zona Rural &#8212; Red Mediterr\u00e1nea\",\"isPartOf\":{\"@id\":\"https:\\\/\\\/redmediterranea.com\\\/#website\"},\"primaryImageOfPage\":{\"@id\":\"https:\\\/\\\/redmediterranea.com\\\/index.php\\\/2023\\\/03\\\/15\\\/intendenta-mabel-godoy-se-reune-con-centros-educativos-de-quilino-villa-quilino-y-zona-rural\\\/#primaryimage\"},\"image\":{\"@id\":\"https:\\\/\\\/redmediterranea.com\\\/index.php\\\/2023\\\/03\\\/15\\\/intendenta-mabel-godoy-se-reune-con-centros-educativos-de-quilino-villa-quilino-y-zona-rural\\\/#primaryimage\"},\"thumbnailUrl\":\"https:\\\/\\\/redmediterranea.com\\\/wp-content\\\/uploads\\\/2023\\\/03\\\/IMG-20230315-WA0001.jpg\",\"datePublished\":\"2023-03-15T13:16:51+00:00\",\"dateModified\":\"2023-03-15T13:16:52+00:00\",\"breadcrumb\":{\"@id\":\"https:\\\/\\\/redmediterranea.com\\\/index.php\\\/2023\\\/03\\\/15\\\/intendenta-mabel-godoy-se-reune-con-centros-educativos-de-quilino-villa-quilino-y-zona-rural\\\/#breadcrumb\"},\"inLanguage\":\"es\",\"potentialAction\":[{\"@type\":\"ReadAction\",\"target\":[\"https:\\\/\\\/redmediterranea.com\\\/index.php\\\/2023\\\/03\\\/15\\\/intendenta-mabel-godoy-se-reune-con-centros-educativos-de-quilino-villa-quilino-y-zona-rural\\\/\"]}]},{\"@type\":\"ImageObject\",\"inLanguage\":\"es\",\"@id\":\"https:\\\/\\\/redmediterranea.com\\\/index.php\\\/2023\\\/03\\\/15\\\/intendenta-mabel-godoy-se-reune-con-centros-educativos-de-quilino-villa-quilino-y-zona-rural\\\/#primaryimage\",\"url\":\"https:\\\/\\\/redmediterranea.com\\\/wp-content\\\/uploads\\\/2023\\\/03\\\/IMG-20230315-WA0001.jpg\",\"contentUrl\":\"https:\\\/\\\/redmediterranea.com\\\/wp-content\\\/uploads\\\/2023\\\/03\\\/IMG-20230315-WA0001.jpg\",\"width\":1600,\"height\":1200},{\"@type\":\"BreadcrumbList\",\"@id\":\"https:\\\/\\\/redmediterranea.com\\\/index.php\\\/2023\\\/03\\\/15\\\/intendenta-mabel-godoy-se-reune-con-centros-educativos-de-quilino-villa-quilino-y-zona-rural\\\/#breadcrumb\",\"itemListElement\":[{\"@type\":\"ListItem\",\"position\":1,\"name\":\"Portada\",\"item\":\"https:\\\/\\\/redmediterranea.com\\\/\"},{\"@type\":\"ListItem\",\"position\":2,\"name\":\"Intendenta Mabel Godoy se re\u00fane con Centros Educativos de Quilino, Villa Quilino y Zona Rural\"}]},{\"@type\":\"WebSite\",\"@id\":\"https:\\\/\\\/redmediterranea.com\\\/#website\",\"url\":\"https:\\\/\\\/redmediterranea.com\\\/\",\"name\":\"Red Mediterr\u00e1nea\",\"description\":\"Noticias de De\u00e1n Funes\",\"publisher\":{\"@id\":\"https:\\\/\\\/redmediterranea.com\\\/#organization\"},\"potentialAction\":[{\"@type\":\"SearchAction\",\"target\":{\"@type\":\"EntryPoint\",\"urlTemplate\":\"https:\\\/\\\/redmediterranea.com\\\/?s={search_term_string}\"},\"query-input\":{\"@type\":\"PropertyValueSpecification\",\"valueRequired\":true,\"valueName\":\"search_term_string\"}}],\"inLanguage\":\"es\"},{\"@type\":\"Organization\",\"@id\":\"https:\\\/\\\/redmediterranea.com\\\/#organization\",\"name\":\"Red Mediterr\u00e1nea\",\"url\":\"https:\\\/\\\/redmediterranea.com\\\/\",\"logo\":{\"@type\":\"ImageObject\",\"inLanguage\":\"es\",\"@id\":\"https:\\\/\\\/redmediterranea.com\\\/#\\\/schema\\\/logo\\\/image\\\/\",\"url\":\"https:\\\/\\\/redmediterranea.com\\\/wp-content\\\/uploads\\\/2021\\\/09\\\/red.png\",\"contentUrl\":\"https:\\\/\\\/redmediterranea.com\\\/wp-content\\\/uploads\\\/2021\\\/09\\\/red.png\",\"width\":400,\"height\":260,\"caption\":\"Red Mediterr\u00e1nea\"},\"image\":{\"@id\":\"https:\\\/\\\/redmediterranea.com\\\/#\\\/schema\\\/logo\\\/image\\\/\"},\"sameAs\":[\"https:\\\/\\\/www.facebook.com\\\/redmediterranea.net\",\"https:\\\/\\\/www.youtube.com\\\/channel\\\/UCvm4ojIMOGKnk5v9TsWnFWQ\"]},{\"@type\":\"Person\",\"@id\":\"https:\\\/\\\/redmediterranea.com\\\/#\\\/schema\\\/person\\\/a59f6085115b75a865fb0338fe81d577\",\"name\":\"Red Mediterr\u00e1nea\",\"image\":{\"@type\":\"ImageObject\",\"inLanguage\":\"es\",\"@id\":\"https:\\\/\\\/redmediterranea.com\\\/wp-content\\\/litespeed\\\/avatar\\\/1a3770c806a5dd31cb05580dd57bedd6.jpg?ver=1777231671\",\"url\":\"https:\\\/\\\/redmediterranea.com\\\/wp-content\\\/litespeed\\\/avatar\\\/1a3770c806a5dd31cb05580dd57bedd6.jpg?ver=1777231671\",\"contentUrl\":\"https:\\\/\\\/redmediterranea.com\\\/wp-content\\\/litespeed\\\/avatar\\\/1a3770c806a5dd31cb05580dd57bedd6.jpg?ver=1777231671\",\"caption\":\"Red Mediterr\u00e1nea\"},\"sameAs\":[\"http:\\\/\\\/redmediterranea.com\"],\"url\":\"https:\\\/\\\/redmediterranea.com\\\/index.php\\\/author\\\/hg-hatecraft\\\/\"}]}<\/script>\n<!-- \/ Yoast SEO plugin. -->","yoast_head_json":{"title":"Intendenta Mabel Godoy se re\u00fane con Centros Educativos de Quilino, Villa Quilino y Zona Rural &#8212; Red Mediterr\u00e1nea","robots":{"index":"index","follow":"follow","max-snippet":"max-snippet:-1","max-image-preview":"max-image-preview:large","max-video-preview":"max-video-preview:-1"},"canonical":"https:\/\/redmediterranea.com\/index.php\/2023\/03\/15\/intendenta-mabel-godoy-se-reune-con-centros-educativos-de-quilino-villa-quilino-y-zona-rural\/","og_locale":"es_ES","og_type":"article","og_title":"Intendenta Mabel Godoy se re\u00fane con Centros Educativos de Quilino, Villa Quilino y Zona Rural &#8212; Red Mediterr\u00e1nea","og_description":"Se realiz\u00f3 la primera reuni\u00f3n del a\u00f1o de la Intendente Municipal Profesora Mabel Godoy, su equipo de gesti\u00f3n y las autoridades de los distintos centros educativos de Quilino, Villa Quilino y Zona rural. En la misma se trataron diferentes temas, entre ellos la distribuci\u00f3n dela organizaci\u00f3n de los distintos actos durante el 2023. Para finalizar, [&hellip;]","og_url":"https:\/\/redmediterranea.com\/index.php\/2023\/03\/15\/intendenta-mabel-godoy-se-reune-con-centros-educativos-de-quilino-villa-quilino-y-zona-rural\/","og_site_name":"Red Mediterr\u00e1nea","article_publisher":"https:\/\/www.facebook.com\/redmediterranea.net","article_published_time":"2023-03-15T13:16:51+00:00","article_modified_time":"2023-03-15T13:16:52+00:00","og_image":[{"width":1600,"height":1200,"url":"http:\/\/redmediterranea.com\/wp-content\/uploads\/2023\/03\/IMG-20230315-WA0001.jpg","type":"image\/jpeg"}],"author":"Red Mediterr\u00e1nea","twitter_card":"summary_large_image","twitter_misc":{"Escrito por":"Red Mediterr\u00e1nea","Tiempo de lectura":"1 minuto"},"schema":{"@context":"https:\/\/schema.org","@graph":[{"@type":"Article","@id":"https:\/\/redmediterranea.com\/index.php\/2023\/03\/15\/intendenta-mabel-godoy-se-reune-con-centros-educativos-de-quilino-villa-quilino-y-zona-rural\/#article","isPartOf":{"@id":"https:\/\/redmediterranea.com\/index.php\/2023\/03\/15\/intendenta-mabel-godoy-se-reune-con-centros-educativos-de-quilino-villa-quilino-y-zona-rural\/"},"author":{"name":"Red Mediterr\u00e1nea","@id":"https:\/\/redmediterranea.com\/#\/schema\/person\/a59f6085115b75a865fb0338fe81d577"},"headline":"Intendenta Mabel Godoy se re\u00fane con Centros Educativos de Quilino, Villa Quilino y Zona Rural","datePublished":"2023-03-15T13:16:51+00:00","dateModified":"2023-03-15T13:16:52+00:00","mainEntityOfPage":{"@id":"https:\/\/redmediterranea.com\/index.php\/2023\/03\/15\/intendenta-mabel-godoy-se-reune-con-centros-educativos-de-quilino-villa-quilino-y-zona-rural\/"},"wordCount":87,"commentCount":0,"publisher":{"@id":"https:\/\/redmediterranea.com\/#organization"},"image":{"@id":"https:\/\/redmediterranea.com\/index.php\/2023\/03\/15\/intendenta-mabel-godoy-se-reune-con-centros-educativos-de-quilino-villa-quilino-y-zona-rural\/#primaryimage"},"thumbnailUrl":"https:\/\/redmediterranea.com\/wp-content\/uploads\/2023\/03\/IMG-20230315-WA0001.jpg","articleSection":["Portada"],"inLanguage":"es","potentialAction":[{"@type":"CommentAction","name":"Comment","target":["https:\/\/redmediterranea.com\/index.php\/2023\/03\/15\/intendenta-mabel-godoy-se-reune-con-centros-educativos-de-quilino-villa-quilino-y-zona-rural\/#respond"]}]},{"@type":"WebPage","@id":"https:\/\/redmediterranea.com\/index.php\/2023\/03\/15\/intendenta-mabel-godoy-se-reune-con-centros-educativos-de-quilino-villa-quilino-y-zona-rural\/","url":"https:\/\/redmediterranea.com\/index.php\/2023\/03\/15\/intendenta-mabel-godoy-se-reune-con-centros-educativos-de-quilino-villa-quilino-y-zona-rural\/","name":"Intendenta Mabel Godoy se re\u00fane con Centros Educativos de Quilino, Villa Quilino y Zona Rural &#8212; Red Mediterr\u00e1nea","isPartOf":{"@id":"https:\/\/redmediterranea.com\/#website"},"primaryImageOfPage":{"@id":"https:\/\/redmediterranea.com\/index.php\/2023\/03\/15\/intendenta-mabel-godoy-se-reune-con-centros-educativos-de-quilino-villa-quilino-y-zona-rural\/#primaryimage"},"image":{"@id":"https:\/\/redmediterranea.com\/index.php\/2023\/03\/15\/intendenta-mabel-godoy-se-reune-con-centros-educativos-de-quilino-villa-quilino-y-zona-rural\/#primaryimage"},"thumbnailUrl":"https:\/\/redmediterranea.com\/wp-content\/uploads\/2023\/03\/IMG-20230315-WA0001.jpg","datePublished":"2023-03-15T13:16:51+00:00","dateModified":"2023-03-15T13:16:52+00:00","breadcrumb":{"@id":"https:\/\/redmediterranea.com\/index.php\/2023\/03\/15\/intendenta-mabel-godoy-se-reune-con-centros-educativos-de-quilino-villa-quilino-y-zona-rural\/#breadcrumb"},"inLanguage":"es","potentialAction":[{"@type":"ReadAction","target":["https:\/\/redmediterranea.com\/index.php\/2023\/03\/15\/intendenta-mabel-godoy-se-reune-con-centros-educativos-de-quilino-villa-quilino-y-zona-rural\/"]}]},{"@type":"ImageObject","inLanguage":"es","@id":"https:\/\/redmediterranea.com\/index.php\/2023\/03\/15\/intendenta-mabel-godoy-se-reune-con-centros-educativos-de-quilino-villa-quilino-y-zona-rural\/#primaryimage","url":"https:\/\/redmediterranea.com\/wp-content\/uploads\/2023\/03\/IMG-20230315-WA0001.jpg","contentUrl":"https:\/\/redmediterranea.com\/wp-content\/uploads\/2023\/03\/IMG-20230315-WA0001.jpg","width":1600,"height":1200},{"@type":"BreadcrumbList","@id":"https:\/\/redmediterranea.com\/index.php\/2023\/03\/15\/intendenta-mabel-godoy-se-reune-con-centros-educativos-de-quilino-villa-quilino-y-zona-rural\/#breadcrumb","itemListElement":[{"@type":"ListItem","position":1,"name":"Portada","item":"https:\/\/redmediterranea.com\/"},{"@type":"ListItem","position":2,"name":"Intendenta Mabel Godoy se re\u00fane con Centros Educativos de Quilino, Villa Quilino y Zona Rural"}]},{"@type":"WebSite","@id":"https:\/\/redmediterranea.com\/#website","url":"https:\/\/redmediterranea.com\/","name":"Red Mediterr\u00e1nea","description":"Noticias de De\u00e1n Funes","publisher":{"@id":"https:\/\/redmediterranea.com\/#organization"},"potentialAction":[{"@type":"SearchAction","target":{"@type":"EntryPoint","urlTemplate":"https:\/\/redmediterranea.com\/?s={search_term_string}"},"query-input":{"@type":"PropertyValueSpecification","valueRequired":true,"valueName":"search_term_string"}}],"inLanguage":"es"},{"@type":"Organization","@id":"https:\/\/redmediterranea.com\/#organization","name":"Red Mediterr\u00e1nea","url":"https:\/\/redmediterranea.com\/","logo":{"@type":"ImageObject","inLanguage":"es","@id":"https:\/\/redmediterranea.com\/#\/schema\/logo\/image\/","url":"https:\/\/redmediterranea.com\/wp-content\/uploads\/2021\/09\/red.png","contentUrl":"https:\/\/redmediterranea.com\/wp-content\/uploads\/2021\/09\/red.png","width":400,"height":260,"caption":"Red Mediterr\u00e1nea"},"image":{"@id":"https:\/\/redmediterranea.com\/#\/schema\/logo\/image\/"},"sameAs":["https:\/\/www.facebook.com\/redmediterranea.net","https:\/\/www.youtube.com\/channel\/UCvm4ojIMOGKnk5v9TsWnFWQ"]},{"@type":"Person","@id":"https:\/\/redmediterranea.com\/#\/schema\/person\/a59f6085115b75a865fb0338fe81d577","name":"Red Mediterr\u00e1nea","image":{"@type":"ImageObject","inLanguage":"es","@id":"https:\/\/redmediterranea.com\/wp-content\/litespeed\/avatar\/1a3770c806a5dd31cb05580dd57bedd6.jpg?ver=1777231671","url":"https:\/\/redmediterranea.com\/wp-content\/litespeed\/avatar\/1a3770c806a5dd31cb05580dd57bedd6.jpg?ver=1777231671","contentUrl":"https:\/\/redmediterranea.com\/wp-content\/litespeed\/avatar\/1a3770c806a5dd31cb05580dd57bedd6.jpg?ver=1777231671","caption":"Red Mediterr\u00e1nea"},"sameAs":["http:\/\/redmediterranea.com"],"url":"https:\/\/redmediterranea.com\/index.php\/author\/hg-hatecraft\/"}]}},"_links":{"self":[{"href":"https:\/\/redmediterranea.com\/index.php\/wp-json\/wp\/v2\/posts\/5931","targetHints":{"allow":["GET"]}}],"collection":[{"href":"https:\/\/redmediterranea.com\/index.php\/wp-json\/wp\/v2\/posts"}],"about":[{"href":"https:\/\/redmediterranea.com\/index.php\/wp-json\/wp\/v2\/types\/post"}],"author":[{"embeddable":true,"href":"https:\/\/redmediterranea.com\/index.php\/wp-json\/wp\/v2\/users\/1"}],"replies":[{"embeddable":true,"href":"https:\/\/redmediterranea.com\/index.php\/wp-json\/wp\/v2\/comments?post=5931"}],"version-history":[{"count":1,"href":"https:\/\/redmediterranea.com\/index.php\/wp-json\/wp\/v2\/posts\/5931\/revisions"}],"predecessor-version":[{"id":5933,"href":"https:\/\/redmediterranea.com\/index.php\/wp-json\/wp\/v2\/posts\/5931\/revisions\/5933"}],"wp:featuredmedia":[{"embeddable":true,"href":"https:\/\/redmediterranea.com\/index.php\/wp-json\/wp\/v2\/media\/5932"}],"wp:attachment":[{"href":"https:\/\/redmediterranea.com\/index.php\/wp-json\/wp\/v2\/media?parent=5931"}],"wp:term":[{"taxonomy":"category","embeddable":true,"href":"https:\/\/redmediterranea.com\/index.php\/wp-json\/wp\/v2\/categories?post=5931"},{"taxonomy":"post_tag","embeddable":true,"href":"https:\/\/redmediterranea.com\/index.php\/wp-json\/wp\/v2\/tags?post=5931"}],"curies":[{"name":"wp","href":"https:\/\/api.w.org\/{rel}","templated":true}]}}