{"id":5645,"date":"2023-02-16T17:56:31","date_gmt":"2023-02-16T17:56:31","guid":{"rendered":"https:\/\/redmediterranea.com\/?p=5645"},"modified":"2023-02-16T17:56:32","modified_gmt":"2023-02-16T17:56:32","slug":"mabel-godoy-participo-de-la-presentacion-de-campus-norte-y-del-plan-de-desarrollo-regional-sostenible","status":"publish","type":"post","link":"https:\/\/redmediterranea.com\/index.php\/2023\/02\/16\/mabel-godoy-participo-de-la-presentacion-de-campus-norte-y-del-plan-de-desarrollo-regional-sostenible\/","title":{"rendered":"Mabel Godoy particip\u00f3 de la Presentaci\u00f3n de Campus Norte y del Plan de Desarrollo Regional Sostenible"},"content":{"rendered":"\n<p>La Sra. Intendente Municipal Prof. Mabel Godoy fue invitada a participar de la reuni\u00f3n donde se realiz\u00f3 la \u201cPresentaci\u00f3n de Campus Norte y del Plan de Desarrollo Regional Sostenible para el Norte Cordob\u00e9s\u201d.<br>El encuentro tuvo lugar en el Campus Norte de la U.N.C, de la localidad de Ju\u00e1rez Celman, donde estuvo presente el Rector de la Universidad Nacional de C\u00f3rdoba Mgter. Jhon Boretto, la Vicerrectora Mgter. Mariela Marchisio, el Prorrector de Desarrollo Territorial de la UNC Ing. Juan Marcel Conrero, la Intendente Municipal de Ju\u00e1rez Celman, Myriam Prunotto, adem\u00e1s de Intendentes y Jefes Comunales de la Provincia.<br>El temario consisti\u00f3 en la formulaci\u00f3n de proyectos y programas mediante el desarrollo de un centro de experimentaci\u00f3n e innovaci\u00f3n universitaria e implementar un modelo educativo que pueda acompa\u00f1ar la formaci\u00f3n para la reconversi\u00f3n laboral y la capacitaci\u00f3n para el nuevo mundo del trabajo debido a los constantes cambios tecnol\u00f3gicos.<br>La Sra. Intendente, en la oportunidad estuvo acompa\u00f1ada por el Ing. Gustavo Bracamonte.<\/p>\n","protected":false},"excerpt":{"rendered":"<p>La Sra. Intendente Municipal Prof. Mabel Godoy fue invitada a participar de la reuni\u00f3n donde se realiz\u00f3 la \u201cPresentaci\u00f3n de Campus Norte y del Plan de Desarrollo Regional Sostenible para el Norte Cordob\u00e9s\u201d.El encuentro tuvo lugar en el Campus Norte de la U.N.C, de la localidad de Ju\u00e1rez Celman, donde estuvo presente el Rector de [&hellip;]<\/p>\n","protected":false},"author":1,"featured_media":5646,"comment_status":"open","ping_status":"open","sticky":false,"template":"","format":"standard","meta":{"footnotes":""},"categories":[13],"tags":[1842,15],"class_list":{"0":"post-5645","1":"post","2":"type-post","3":"status-publish","4":"format-standard","5":"has-post-thumbnail","7":"category-quilino","8":"tag-campus-norte-y-del-plan-de-desarrollo-regional-sostenible","9":"tag-mabel-godoy"},"yoast_head":"<!-- This site is optimized with the Yoast SEO plugin v27.4 - https:\/\/yoast.com\/product\/yoast-seo-wordpress\/ -->\n<title>Mabel Godoy particip\u00f3 de la Presentaci\u00f3n de Campus Norte y del Plan de Desarrollo Regional Sostenible &#8212; Red Mediterr\u00e1nea<\/title>\n<meta name=\"robots\" content=\"index, follow, max-snippet:-1, max-image-preview:large, max-video-preview:-1\" \/>\n<link rel=\"canonical\" href=\"https:\/\/redmediterranea.com\/index.php\/2023\/02\/16\/mabel-godoy-participo-de-la-presentacion-de-campus-norte-y-del-plan-de-desarrollo-regional-sostenible\/\" \/>\n<meta property=\"og:locale\" content=\"es_ES\" \/>\n<meta property=\"og:type\" content=\"article\" \/>\n<meta property=\"og:title\" content=\"Mabel Godoy particip\u00f3 de la Presentaci\u00f3n de Campus Norte y del Plan de Desarrollo Regional Sostenible &#8212; Red Mediterr\u00e1nea\" \/>\n<meta property=\"og:description\" content=\"La Sra. Intendente Municipal Prof. Mabel Godoy fue invitada a participar de la reuni\u00f3n donde se realiz\u00f3 la \u201cPresentaci\u00f3n de Campus Norte y del Plan de Desarrollo Regional Sostenible para el Norte Cordob\u00e9s\u201d.El encuentro tuvo lugar en el Campus Norte de la U.N.C, de la localidad de Ju\u00e1rez Celman, donde estuvo presente el Rector de [&hellip;]\" \/>\n<meta property=\"og:url\" content=\"https:\/\/redmediterranea.com\/index.php\/2023\/02\/16\/mabel-godoy-participo-de-la-presentacion-de-campus-norte-y-del-plan-de-desarrollo-regional-sostenible\/\" \/>\n<meta property=\"og:site_name\" content=\"Red Mediterr\u00e1nea\" \/>\n<meta property=\"article:publisher\" content=\"https:\/\/www.facebook.com\/redmediterranea.net\" \/>\n<meta property=\"article:published_time\" content=\"2023-02-16T17:56:31+00:00\" \/>\n<meta property=\"article:modified_time\" content=\"2023-02-16T17:56:32+00:00\" \/>\n<meta property=\"og:image\" content=\"http:\/\/redmediterranea.com\/wp-content\/uploads\/2023\/02\/WhatsApp-Image-2023-02-15-at-10.42.46-PM.jpeg\" \/>\n\t<meta property=\"og:image:width\" content=\"1600\" \/>\n\t<meta property=\"og:image:height\" content=\"1017\" \/>\n\t<meta property=\"og:image:type\" content=\"image\/jpeg\" \/>\n<meta name=\"author\" content=\"Red Mediterr\u00e1nea\" \/>\n<meta name=\"twitter:card\" content=\"summary_large_image\" \/>\n<meta name=\"twitter:label1\" content=\"Escrito por\" \/>\n\t<meta name=\"twitter:data1\" content=\"Red Mediterr\u00e1nea\" \/>\n\t<meta name=\"twitter:label2\" content=\"Tiempo de lectura\" \/>\n\t<meta name=\"twitter:data2\" content=\"1 minuto\" \/>\n<script type=\"application\/ld+json\" class=\"yoast-schema-graph\">{\"@context\":\"https:\\\/\\\/schema.org\",\"@graph\":[{\"@type\":\"Article\",\"@id\":\"https:\\\/\\\/redmediterranea.com\\\/index.php\\\/2023\\\/02\\\/16\\\/mabel-godoy-participo-de-la-presentacion-de-campus-norte-y-del-plan-de-desarrollo-regional-sostenible\\\/#article\",\"isPartOf\":{\"@id\":\"https:\\\/\\\/redmediterranea.com\\\/index.php\\\/2023\\\/02\\\/16\\\/mabel-godoy-participo-de-la-presentacion-de-campus-norte-y-del-plan-de-desarrollo-regional-sostenible\\\/\"},\"author\":{\"name\":\"Red Mediterr\u00e1nea\",\"@id\":\"https:\\\/\\\/redmediterranea.com\\\/#\\\/schema\\\/person\\\/a59f6085115b75a865fb0338fe81d577\"},\"headline\":\"Mabel Godoy particip\u00f3 de la Presentaci\u00f3n de Campus Norte y del Plan de Desarrollo Regional Sostenible\",\"datePublished\":\"2023-02-16T17:56:31+00:00\",\"dateModified\":\"2023-02-16T17:56:32+00:00\",\"mainEntityOfPage\":{\"@id\":\"https:\\\/\\\/redmediterranea.com\\\/index.php\\\/2023\\\/02\\\/16\\\/mabel-godoy-participo-de-la-presentacion-de-campus-norte-y-del-plan-de-desarrollo-regional-sostenible\\\/\"},\"wordCount\":196,\"commentCount\":0,\"publisher\":{\"@id\":\"https:\\\/\\\/redmediterranea.com\\\/#organization\"},\"image\":{\"@id\":\"https:\\\/\\\/redmediterranea.com\\\/index.php\\\/2023\\\/02\\\/16\\\/mabel-godoy-participo-de-la-presentacion-de-campus-norte-y-del-plan-de-desarrollo-regional-sostenible\\\/#primaryimage\"},\"thumbnailUrl\":\"https:\\\/\\\/redmediterranea.com\\\/wp-content\\\/uploads\\\/2023\\\/02\\\/WhatsApp-Image-2023-02-15-at-10.42.46-PM.jpeg\",\"keywords\":[\"Campus Norte y del Plan de Desarrollo Regional Sostenible\",\"Mabel Godoy\"],\"articleSection\":[\"Quilino\"],\"inLanguage\":\"es\",\"potentialAction\":[{\"@type\":\"CommentAction\",\"name\":\"Comment\",\"target\":[\"https:\\\/\\\/redmediterranea.com\\\/index.php\\\/2023\\\/02\\\/16\\\/mabel-godoy-participo-de-la-presentacion-de-campus-norte-y-del-plan-de-desarrollo-regional-sostenible\\\/#respond\"]}]},{\"@type\":\"WebPage\",\"@id\":\"https:\\\/\\\/redmediterranea.com\\\/index.php\\\/2023\\\/02\\\/16\\\/mabel-godoy-participo-de-la-presentacion-de-campus-norte-y-del-plan-de-desarrollo-regional-sostenible\\\/\",\"url\":\"https:\\\/\\\/redmediterranea.com\\\/index.php\\\/2023\\\/02\\\/16\\\/mabel-godoy-participo-de-la-presentacion-de-campus-norte-y-del-plan-de-desarrollo-regional-sostenible\\\/\",\"name\":\"Mabel Godoy particip\u00f3 de la Presentaci\u00f3n de Campus Norte y del Plan de Desarrollo Regional Sostenible &#8212; Red Mediterr\u00e1nea\",\"isPartOf\":{\"@id\":\"https:\\\/\\\/redmediterranea.com\\\/#website\"},\"primaryImageOfPage\":{\"@id\":\"https:\\\/\\\/redmediterranea.com\\\/index.php\\\/2023\\\/02\\\/16\\\/mabel-godoy-participo-de-la-presentacion-de-campus-norte-y-del-plan-de-desarrollo-regional-sostenible\\\/#primaryimage\"},\"image\":{\"@id\":\"https:\\\/\\\/redmediterranea.com\\\/index.php\\\/2023\\\/02\\\/16\\\/mabel-godoy-participo-de-la-presentacion-de-campus-norte-y-del-plan-de-desarrollo-regional-sostenible\\\/#primaryimage\"},\"thumbnailUrl\":\"https:\\\/\\\/redmediterranea.com\\\/wp-content\\\/uploads\\\/2023\\\/02\\\/WhatsApp-Image-2023-02-15-at-10.42.46-PM.jpeg\",\"datePublished\":\"2023-02-16T17:56:31+00:00\",\"dateModified\":\"2023-02-16T17:56:32+00:00\",\"breadcrumb\":{\"@id\":\"https:\\\/\\\/redmediterranea.com\\\/index.php\\\/2023\\\/02\\\/16\\\/mabel-godoy-participo-de-la-presentacion-de-campus-norte-y-del-plan-de-desarrollo-regional-sostenible\\\/#breadcrumb\"},\"inLanguage\":\"es\",\"potentialAction\":[{\"@type\":\"ReadAction\",\"target\":[\"https:\\\/\\\/redmediterranea.com\\\/index.php\\\/2023\\\/02\\\/16\\\/mabel-godoy-participo-de-la-presentacion-de-campus-norte-y-del-plan-de-desarrollo-regional-sostenible\\\/\"]}]},{\"@type\":\"ImageObject\",\"inLanguage\":\"es\",\"@id\":\"https:\\\/\\\/redmediterranea.com\\\/index.php\\\/2023\\\/02\\\/16\\\/mabel-godoy-participo-de-la-presentacion-de-campus-norte-y-del-plan-de-desarrollo-regional-sostenible\\\/#primaryimage\",\"url\":\"https:\\\/\\\/redmediterranea.com\\\/wp-content\\\/uploads\\\/2023\\\/02\\\/WhatsApp-Image-2023-02-15-at-10.42.46-PM.jpeg\",\"contentUrl\":\"https:\\\/\\\/redmediterranea.com\\\/wp-content\\\/uploads\\\/2023\\\/02\\\/WhatsApp-Image-2023-02-15-at-10.42.46-PM.jpeg\",\"width\":1600,\"height\":1017},{\"@type\":\"BreadcrumbList\",\"@id\":\"https:\\\/\\\/redmediterranea.com\\\/index.php\\\/2023\\\/02\\\/16\\\/mabel-godoy-participo-de-la-presentacion-de-campus-norte-y-del-plan-de-desarrollo-regional-sostenible\\\/#breadcrumb\",\"itemListElement\":[{\"@type\":\"ListItem\",\"position\":1,\"name\":\"Portada\",\"item\":\"https:\\\/\\\/redmediterranea.com\\\/\"},{\"@type\":\"ListItem\",\"position\":2,\"name\":\"Mabel Godoy particip\u00f3 de la Presentaci\u00f3n de Campus Norte y del Plan de Desarrollo Regional Sostenible\"}]},{\"@type\":\"WebSite\",\"@id\":\"https:\\\/\\\/redmediterranea.com\\\/#website\",\"url\":\"https:\\\/\\\/redmediterranea.com\\\/\",\"name\":\"Red Mediterr\u00e1nea\",\"description\":\"Noticias de De\u00e1n Funes\",\"publisher\":{\"@id\":\"https:\\\/\\\/redmediterranea.com\\\/#organization\"},\"potentialAction\":[{\"@type\":\"SearchAction\",\"target\":{\"@type\":\"EntryPoint\",\"urlTemplate\":\"https:\\\/\\\/redmediterranea.com\\\/?s={search_term_string}\"},\"query-input\":{\"@type\":\"PropertyValueSpecification\",\"valueRequired\":true,\"valueName\":\"search_term_string\"}}],\"inLanguage\":\"es\"},{\"@type\":\"Organization\",\"@id\":\"https:\\\/\\\/redmediterranea.com\\\/#organization\",\"name\":\"Red Mediterr\u00e1nea\",\"url\":\"https:\\\/\\\/redmediterranea.com\\\/\",\"logo\":{\"@type\":\"ImageObject\",\"inLanguage\":\"es\",\"@id\":\"https:\\\/\\\/redmediterranea.com\\\/#\\\/schema\\\/logo\\\/image\\\/\",\"url\":\"https:\\\/\\\/redmediterranea.com\\\/wp-content\\\/uploads\\\/2021\\\/09\\\/red.png\",\"contentUrl\":\"https:\\\/\\\/redmediterranea.com\\\/wp-content\\\/uploads\\\/2021\\\/09\\\/red.png\",\"width\":400,\"height\":260,\"caption\":\"Red Mediterr\u00e1nea\"},\"image\":{\"@id\":\"https:\\\/\\\/redmediterranea.com\\\/#\\\/schema\\\/logo\\\/image\\\/\"},\"sameAs\":[\"https:\\\/\\\/www.facebook.com\\\/redmediterranea.net\",\"https:\\\/\\\/www.youtube.com\\\/channel\\\/UCvm4ojIMOGKnk5v9TsWnFWQ\"]},{\"@type\":\"Person\",\"@id\":\"https:\\\/\\\/redmediterranea.com\\\/#\\\/schema\\\/person\\\/a59f6085115b75a865fb0338fe81d577\",\"name\":\"Red Mediterr\u00e1nea\",\"image\":{\"@type\":\"ImageObject\",\"inLanguage\":\"es\",\"@id\":\"https:\\\/\\\/redmediterranea.com\\\/wp-content\\\/litespeed\\\/avatar\\\/1a3770c806a5dd31cb05580dd57bedd6.jpg?ver=1777231671\",\"url\":\"https:\\\/\\\/redmediterranea.com\\\/wp-content\\\/litespeed\\\/avatar\\\/1a3770c806a5dd31cb05580dd57bedd6.jpg?ver=1777231671\",\"contentUrl\":\"https:\\\/\\\/redmediterranea.com\\\/wp-content\\\/litespeed\\\/avatar\\\/1a3770c806a5dd31cb05580dd57bedd6.jpg?ver=1777231671\",\"caption\":\"Red Mediterr\u00e1nea\"},\"sameAs\":[\"http:\\\/\\\/redmediterranea.com\"],\"url\":\"https:\\\/\\\/redmediterranea.com\\\/index.php\\\/author\\\/hg-hatecraft\\\/\"}]}<\/script>\n<!-- \/ Yoast SEO plugin. -->","yoast_head_json":{"title":"Mabel Godoy particip\u00f3 de la Presentaci\u00f3n de Campus Norte y del Plan de Desarrollo Regional Sostenible &#8212; Red Mediterr\u00e1nea","robots":{"index":"index","follow":"follow","max-snippet":"max-snippet:-1","max-image-preview":"max-image-preview:large","max-video-preview":"max-video-preview:-1"},"canonical":"https:\/\/redmediterranea.com\/index.php\/2023\/02\/16\/mabel-godoy-participo-de-la-presentacion-de-campus-norte-y-del-plan-de-desarrollo-regional-sostenible\/","og_locale":"es_ES","og_type":"article","og_title":"Mabel Godoy particip\u00f3 de la Presentaci\u00f3n de Campus Norte y del Plan de Desarrollo Regional Sostenible &#8212; Red Mediterr\u00e1nea","og_description":"La Sra. Intendente Municipal Prof. Mabel Godoy fue invitada a participar de la reuni\u00f3n donde se realiz\u00f3 la \u201cPresentaci\u00f3n de Campus Norte y del Plan de Desarrollo Regional Sostenible para el Norte Cordob\u00e9s\u201d.El encuentro tuvo lugar en el Campus Norte de la U.N.C, de la localidad de Ju\u00e1rez Celman, donde estuvo presente el Rector de [&hellip;]","og_url":"https:\/\/redmediterranea.com\/index.php\/2023\/02\/16\/mabel-godoy-participo-de-la-presentacion-de-campus-norte-y-del-plan-de-desarrollo-regional-sostenible\/","og_site_name":"Red Mediterr\u00e1nea","article_publisher":"https:\/\/www.facebook.com\/redmediterranea.net","article_published_time":"2023-02-16T17:56:31+00:00","article_modified_time":"2023-02-16T17:56:32+00:00","og_image":[{"width":1600,"height":1017,"url":"http:\/\/redmediterranea.com\/wp-content\/uploads\/2023\/02\/WhatsApp-Image-2023-02-15-at-10.42.46-PM.jpeg","type":"image\/jpeg"}],"author":"Red Mediterr\u00e1nea","twitter_card":"summary_large_image","twitter_misc":{"Escrito por":"Red Mediterr\u00e1nea","Tiempo de lectura":"1 minuto"},"schema":{"@context":"https:\/\/schema.org","@graph":[{"@type":"Article","@id":"https:\/\/redmediterranea.com\/index.php\/2023\/02\/16\/mabel-godoy-participo-de-la-presentacion-de-campus-norte-y-del-plan-de-desarrollo-regional-sostenible\/#article","isPartOf":{"@id":"https:\/\/redmediterranea.com\/index.php\/2023\/02\/16\/mabel-godoy-participo-de-la-presentacion-de-campus-norte-y-del-plan-de-desarrollo-regional-sostenible\/"},"author":{"name":"Red Mediterr\u00e1nea","@id":"https:\/\/redmediterranea.com\/#\/schema\/person\/a59f6085115b75a865fb0338fe81d577"},"headline":"Mabel Godoy particip\u00f3 de la Presentaci\u00f3n de Campus Norte y del Plan de Desarrollo Regional Sostenible","datePublished":"2023-02-16T17:56:31+00:00","dateModified":"2023-02-16T17:56:32+00:00","mainEntityOfPage":{"@id":"https:\/\/redmediterranea.com\/index.php\/2023\/02\/16\/mabel-godoy-participo-de-la-presentacion-de-campus-norte-y-del-plan-de-desarrollo-regional-sostenible\/"},"wordCount":196,"commentCount":0,"publisher":{"@id":"https:\/\/redmediterranea.com\/#organization"},"image":{"@id":"https:\/\/redmediterranea.com\/index.php\/2023\/02\/16\/mabel-godoy-participo-de-la-presentacion-de-campus-norte-y-del-plan-de-desarrollo-regional-sostenible\/#primaryimage"},"thumbnailUrl":"https:\/\/redmediterranea.com\/wp-content\/uploads\/2023\/02\/WhatsApp-Image-2023-02-15-at-10.42.46-PM.jpeg","keywords":["Campus Norte y del Plan de Desarrollo Regional Sostenible","Mabel Godoy"],"articleSection":["Quilino"],"inLanguage":"es","potentialAction":[{"@type":"CommentAction","name":"Comment","target":["https:\/\/redmediterranea.com\/index.php\/2023\/02\/16\/mabel-godoy-participo-de-la-presentacion-de-campus-norte-y-del-plan-de-desarrollo-regional-sostenible\/#respond"]}]},{"@type":"WebPage","@id":"https:\/\/redmediterranea.com\/index.php\/2023\/02\/16\/mabel-godoy-participo-de-la-presentacion-de-campus-norte-y-del-plan-de-desarrollo-regional-sostenible\/","url":"https:\/\/redmediterranea.com\/index.php\/2023\/02\/16\/mabel-godoy-participo-de-la-presentacion-de-campus-norte-y-del-plan-de-desarrollo-regional-sostenible\/","name":"Mabel Godoy particip\u00f3 de la Presentaci\u00f3n de Campus Norte y del Plan de Desarrollo Regional Sostenible &#8212; Red Mediterr\u00e1nea","isPartOf":{"@id":"https:\/\/redmediterranea.com\/#website"},"primaryImageOfPage":{"@id":"https:\/\/redmediterranea.com\/index.php\/2023\/02\/16\/mabel-godoy-participo-de-la-presentacion-de-campus-norte-y-del-plan-de-desarrollo-regional-sostenible\/#primaryimage"},"image":{"@id":"https:\/\/redmediterranea.com\/index.php\/2023\/02\/16\/mabel-godoy-participo-de-la-presentacion-de-campus-norte-y-del-plan-de-desarrollo-regional-sostenible\/#primaryimage"},"thumbnailUrl":"https:\/\/redmediterranea.com\/wp-content\/uploads\/2023\/02\/WhatsApp-Image-2023-02-15-at-10.42.46-PM.jpeg","datePublished":"2023-02-16T17:56:31+00:00","dateModified":"2023-02-16T17:56:32+00:00","breadcrumb":{"@id":"https:\/\/redmediterranea.com\/index.php\/2023\/02\/16\/mabel-godoy-participo-de-la-presentacion-de-campus-norte-y-del-plan-de-desarrollo-regional-sostenible\/#breadcrumb"},"inLanguage":"es","potentialAction":[{"@type":"ReadAction","target":["https:\/\/redmediterranea.com\/index.php\/2023\/02\/16\/mabel-godoy-participo-de-la-presentacion-de-campus-norte-y-del-plan-de-desarrollo-regional-sostenible\/"]}]},{"@type":"ImageObject","inLanguage":"es","@id":"https:\/\/redmediterranea.com\/index.php\/2023\/02\/16\/mabel-godoy-participo-de-la-presentacion-de-campus-norte-y-del-plan-de-desarrollo-regional-sostenible\/#primaryimage","url":"https:\/\/redmediterranea.com\/wp-content\/uploads\/2023\/02\/WhatsApp-Image-2023-02-15-at-10.42.46-PM.jpeg","contentUrl":"https:\/\/redmediterranea.com\/wp-content\/uploads\/2023\/02\/WhatsApp-Image-2023-02-15-at-10.42.46-PM.jpeg","width":1600,"height":1017},{"@type":"BreadcrumbList","@id":"https:\/\/redmediterranea.com\/index.php\/2023\/02\/16\/mabel-godoy-participo-de-la-presentacion-de-campus-norte-y-del-plan-de-desarrollo-regional-sostenible\/#breadcrumb","itemListElement":[{"@type":"ListItem","position":1,"name":"Portada","item":"https:\/\/redmediterranea.com\/"},{"@type":"ListItem","position":2,"name":"Mabel Godoy particip\u00f3 de la Presentaci\u00f3n de Campus Norte y del Plan de Desarrollo Regional Sostenible"}]},{"@type":"WebSite","@id":"https:\/\/redmediterranea.com\/#website","url":"https:\/\/redmediterranea.com\/","name":"Red Mediterr\u00e1nea","description":"Noticias de De\u00e1n Funes","publisher":{"@id":"https:\/\/redmediterranea.com\/#organization"},"potentialAction":[{"@type":"SearchAction","target":{"@type":"EntryPoint","urlTemplate":"https:\/\/redmediterranea.com\/?s={search_term_string}"},"query-input":{"@type":"PropertyValueSpecification","valueRequired":true,"valueName":"search_term_string"}}],"inLanguage":"es"},{"@type":"Organization","@id":"https:\/\/redmediterranea.com\/#organization","name":"Red Mediterr\u00e1nea","url":"https:\/\/redmediterranea.com\/","logo":{"@type":"ImageObject","inLanguage":"es","@id":"https:\/\/redmediterranea.com\/#\/schema\/logo\/image\/","url":"https:\/\/redmediterranea.com\/wp-content\/uploads\/2021\/09\/red.png","contentUrl":"https:\/\/redmediterranea.com\/wp-content\/uploads\/2021\/09\/red.png","width":400,"height":260,"caption":"Red Mediterr\u00e1nea"},"image":{"@id":"https:\/\/redmediterranea.com\/#\/schema\/logo\/image\/"},"sameAs":["https:\/\/www.facebook.com\/redmediterranea.net","https:\/\/www.youtube.com\/channel\/UCvm4ojIMOGKnk5v9TsWnFWQ"]},{"@type":"Person","@id":"https:\/\/redmediterranea.com\/#\/schema\/person\/a59f6085115b75a865fb0338fe81d577","name":"Red Mediterr\u00e1nea","image":{"@type":"ImageObject","inLanguage":"es","@id":"https:\/\/redmediterranea.com\/wp-content\/litespeed\/avatar\/1a3770c806a5dd31cb05580dd57bedd6.jpg?ver=1777231671","url":"https:\/\/redmediterranea.com\/wp-content\/litespeed\/avatar\/1a3770c806a5dd31cb05580dd57bedd6.jpg?ver=1777231671","contentUrl":"https:\/\/redmediterranea.com\/wp-content\/litespeed\/avatar\/1a3770c806a5dd31cb05580dd57bedd6.jpg?ver=1777231671","caption":"Red Mediterr\u00e1nea"},"sameAs":["http:\/\/redmediterranea.com"],"url":"https:\/\/redmediterranea.com\/index.php\/author\/hg-hatecraft\/"}]}},"_links":{"self":[{"href":"https:\/\/redmediterranea.com\/index.php\/wp-json\/wp\/v2\/posts\/5645","targetHints":{"allow":["GET"]}}],"collection":[{"href":"https:\/\/redmediterranea.com\/index.php\/wp-json\/wp\/v2\/posts"}],"about":[{"href":"https:\/\/redmediterranea.com\/index.php\/wp-json\/wp\/v2\/types\/post"}],"author":[{"embeddable":true,"href":"https:\/\/redmediterranea.com\/index.php\/wp-json\/wp\/v2\/users\/1"}],"replies":[{"embeddable":true,"href":"https:\/\/redmediterranea.com\/index.php\/wp-json\/wp\/v2\/comments?post=5645"}],"version-history":[{"count":1,"href":"https:\/\/redmediterranea.com\/index.php\/wp-json\/wp\/v2\/posts\/5645\/revisions"}],"predecessor-version":[{"id":5647,"href":"https:\/\/redmediterranea.com\/index.php\/wp-json\/wp\/v2\/posts\/5645\/revisions\/5647"}],"wp:featuredmedia":[{"embeddable":true,"href":"https:\/\/redmediterranea.com\/index.php\/wp-json\/wp\/v2\/media\/5646"}],"wp:attachment":[{"href":"https:\/\/redmediterranea.com\/index.php\/wp-json\/wp\/v2\/media?parent=5645"}],"wp:term":[{"taxonomy":"category","embeddable":true,"href":"https:\/\/redmediterranea.com\/index.php\/wp-json\/wp\/v2\/categories?post=5645"},{"taxonomy":"post_tag","embeddable":true,"href":"https:\/\/redmediterranea.com\/index.php\/wp-json\/wp\/v2\/tags?post=5645"}],"curies":[{"name":"wp","href":"https:\/\/api.w.org\/{rel}","templated":true}]}}