{"id":5507,"date":"2023-01-25T18:02:31","date_gmt":"2023-01-25T18:02:31","guid":{"rendered":"https:\/\/redmediterranea.com\/?p=5507"},"modified":"2023-01-25T18:02:33","modified_gmt":"2023-01-25T18:02:33","slug":"se-viene-una-degustacion-de-vinos-en-villa-tulumba","status":"publish","type":"post","link":"https:\/\/redmediterranea.com\/index.php\/2023\/01\/25\/se-viene-una-degustacion-de-vinos-en-villa-tulumba\/","title":{"rendered":"Se viene una Degustaci\u00f3n de Vinos en Villa Tulumba"},"content":{"rendered":"\n<p>\ud83d\udcab En el marco de la 8\ufe0f\u20e32\ufe0f\u20e3 Semana de Tulumba se llevar\u00e1 a cabo una degustaci\u00f3n de vinos de la BODEGA DEL GREDAL \ud83c\udf47\ud83c\udf77. El evento tendr\u00e1 lugar el pr\u00f3ximo lunes 30\/01, desde las 20 horas y contar\u00e1 con la presencia del productor y elaborador de la firma.<br>\ud83d\udccd Centro de Interpretaci\u00f3n Camino Real, Villa Tulumba &#8211; C\u00f3rdoba.<br>\u2022<br>\u2139\ufe0f Bodega Del Gredal: Se trata de un emprendimiento familiar que desarrolla vinos con car\u00e1cter sobre terru\u00f1os ubicados a unos 1000 msnm. Ubicado en San Pedro Norte, Departamento Tulumba, C\u00f3rdoba.<br>\ud83d\ude4c\ud83c\udffd Te invitamos a disfrutar de una experiencia \u00fanica \ud83d\udcab\ud83c\udf47\u2728\ud83c\udf77<br>\u00a1Te esperamos! \ud83d\udcab\u2728<\/p>\n","protected":false},"excerpt":{"rendered":"<p>\ud83d\udcab En el marco de la 8\ufe0f\u20e32\ufe0f\u20e3 Semana de Tulumba se llevar\u00e1 a cabo una degustaci\u00f3n de vinos de la BODEGA DEL GREDAL \ud83c\udf47\ud83c\udf77. El evento tendr\u00e1 lugar el pr\u00f3ximo lunes 30\/01, desde las 20 horas y contar\u00e1 con la presencia del productor y elaborador de la firma.\ud83d\udccd Centro de Interpretaci\u00f3n Camino Real, Villa Tulumba [&hellip;]<\/p>\n","protected":false},"author":1,"featured_media":5508,"comment_status":"open","ping_status":"open","sticky":false,"template":"","format":"standard","meta":{"footnotes":""},"categories":[620],"tags":[1797,1795,621,1796],"class_list":{"0":"post-5507","1":"post","2":"type-post","3":"status-publish","4":"format-standard","5":"has-post-thumbnail","7":"category-villa-tulumba","8":"tag-bodega-del-gredal","9":"tag-degustacion","10":"tag-villa-tulumba","11":"tag-vinos"},"yoast_head":"<!-- This site is optimized with the Yoast SEO plugin v27.4 - https:\/\/yoast.com\/product\/yoast-seo-wordpress\/ -->\n<title>Se viene una Degustaci\u00f3n de Vinos en Villa Tulumba &#8212; Red Mediterr\u00e1nea<\/title>\n<meta name=\"robots\" content=\"index, follow, max-snippet:-1, max-image-preview:large, max-video-preview:-1\" \/>\n<link rel=\"canonical\" href=\"https:\/\/redmediterranea.com\/index.php\/2023\/01\/25\/se-viene-una-degustacion-de-vinos-en-villa-tulumba\/\" \/>\n<meta property=\"og:locale\" content=\"es_ES\" \/>\n<meta property=\"og:type\" content=\"article\" \/>\n<meta property=\"og:title\" content=\"Se viene una Degustaci\u00f3n de Vinos en Villa Tulumba &#8212; Red Mediterr\u00e1nea\" \/>\n<meta property=\"og:description\" content=\"\ud83d\udcab En el marco de la 8\ufe0f\u20e32\ufe0f\u20e3 Semana de Tulumba se llevar\u00e1 a cabo una degustaci\u00f3n de vinos de la BODEGA DEL GREDAL \ud83c\udf47\ud83c\udf77. El evento tendr\u00e1 lugar el pr\u00f3ximo lunes 30\/01, desde las 20 horas y contar\u00e1 con la presencia del productor y elaborador de la firma.\ud83d\udccd Centro de Interpretaci\u00f3n Camino Real, Villa Tulumba [&hellip;]\" \/>\n<meta property=\"og:url\" content=\"https:\/\/redmediterranea.com\/index.php\/2023\/01\/25\/se-viene-una-degustacion-de-vinos-en-villa-tulumba\/\" \/>\n<meta property=\"og:site_name\" content=\"Red Mediterr\u00e1nea\" \/>\n<meta property=\"article:publisher\" content=\"https:\/\/www.facebook.com\/redmediterranea.net\" \/>\n<meta property=\"article:published_time\" content=\"2023-01-25T18:02:31+00:00\" \/>\n<meta property=\"article:modified_time\" content=\"2023-01-25T18:02:33+00:00\" \/>\n<meta property=\"og:image\" content=\"http:\/\/redmediterranea.com\/wp-content\/uploads\/2023\/01\/WhatsApp-Image-2023-01-25-at-10.11.31-AM.jpeg\" \/>\n\t<meta property=\"og:image:width\" content=\"720\" \/>\n\t<meta property=\"og:image:height\" content=\"1280\" \/>\n\t<meta property=\"og:image:type\" content=\"image\/jpeg\" \/>\n<meta name=\"author\" content=\"Red Mediterr\u00e1nea\" \/>\n<meta name=\"twitter:card\" content=\"summary_large_image\" \/>\n<meta name=\"twitter:label1\" content=\"Escrito por\" \/>\n\t<meta name=\"twitter:data1\" content=\"Red Mediterr\u00e1nea\" \/>\n\t<meta name=\"twitter:label2\" content=\"Tiempo de lectura\" \/>\n\t<meta name=\"twitter:data2\" content=\"1 minuto\" \/>\n<script type=\"application\/ld+json\" class=\"yoast-schema-graph\">{\"@context\":\"https:\\\/\\\/schema.org\",\"@graph\":[{\"@type\":\"Article\",\"@id\":\"https:\\\/\\\/redmediterranea.com\\\/index.php\\\/2023\\\/01\\\/25\\\/se-viene-una-degustacion-de-vinos-en-villa-tulumba\\\/#article\",\"isPartOf\":{\"@id\":\"https:\\\/\\\/redmediterranea.com\\\/index.php\\\/2023\\\/01\\\/25\\\/se-viene-una-degustacion-de-vinos-en-villa-tulumba\\\/\"},\"author\":{\"name\":\"Red Mediterr\u00e1nea\",\"@id\":\"https:\\\/\\\/redmediterranea.com\\\/#\\\/schema\\\/person\\\/a59f6085115b75a865fb0338fe81d577\"},\"headline\":\"Se viene una Degustaci\u00f3n de Vinos en Villa Tulumba\",\"datePublished\":\"2023-01-25T18:02:31+00:00\",\"dateModified\":\"2023-01-25T18:02:33+00:00\",\"mainEntityOfPage\":{\"@id\":\"https:\\\/\\\/redmediterranea.com\\\/index.php\\\/2023\\\/01\\\/25\\\/se-viene-una-degustacion-de-vinos-en-villa-tulumba\\\/\"},\"wordCount\":107,\"commentCount\":0,\"publisher\":{\"@id\":\"https:\\\/\\\/redmediterranea.com\\\/#organization\"},\"image\":{\"@id\":\"https:\\\/\\\/redmediterranea.com\\\/index.php\\\/2023\\\/01\\\/25\\\/se-viene-una-degustacion-de-vinos-en-villa-tulumba\\\/#primaryimage\"},\"thumbnailUrl\":\"https:\\\/\\\/redmediterranea.com\\\/wp-content\\\/uploads\\\/2023\\\/01\\\/WhatsApp-Image-2023-01-25-at-10.11.31-AM.jpeg\",\"keywords\":[\"Bodega Del Gredal\",\"Degustaci\u00f3n\",\"Villa Tulumba\",\"Vinos\"],\"articleSection\":[\"Villa Tulumba\"],\"inLanguage\":\"es\",\"potentialAction\":[{\"@type\":\"CommentAction\",\"name\":\"Comment\",\"target\":[\"https:\\\/\\\/redmediterranea.com\\\/index.php\\\/2023\\\/01\\\/25\\\/se-viene-una-degustacion-de-vinos-en-villa-tulumba\\\/#respond\"]}]},{\"@type\":\"WebPage\",\"@id\":\"https:\\\/\\\/redmediterranea.com\\\/index.php\\\/2023\\\/01\\\/25\\\/se-viene-una-degustacion-de-vinos-en-villa-tulumba\\\/\",\"url\":\"https:\\\/\\\/redmediterranea.com\\\/index.php\\\/2023\\\/01\\\/25\\\/se-viene-una-degustacion-de-vinos-en-villa-tulumba\\\/\",\"name\":\"Se viene una Degustaci\u00f3n de Vinos en Villa Tulumba &#8212; Red Mediterr\u00e1nea\",\"isPartOf\":{\"@id\":\"https:\\\/\\\/redmediterranea.com\\\/#website\"},\"primaryImageOfPage\":{\"@id\":\"https:\\\/\\\/redmediterranea.com\\\/index.php\\\/2023\\\/01\\\/25\\\/se-viene-una-degustacion-de-vinos-en-villa-tulumba\\\/#primaryimage\"},\"image\":{\"@id\":\"https:\\\/\\\/redmediterranea.com\\\/index.php\\\/2023\\\/01\\\/25\\\/se-viene-una-degustacion-de-vinos-en-villa-tulumba\\\/#primaryimage\"},\"thumbnailUrl\":\"https:\\\/\\\/redmediterranea.com\\\/wp-content\\\/uploads\\\/2023\\\/01\\\/WhatsApp-Image-2023-01-25-at-10.11.31-AM.jpeg\",\"datePublished\":\"2023-01-25T18:02:31+00:00\",\"dateModified\":\"2023-01-25T18:02:33+00:00\",\"breadcrumb\":{\"@id\":\"https:\\\/\\\/redmediterranea.com\\\/index.php\\\/2023\\\/01\\\/25\\\/se-viene-una-degustacion-de-vinos-en-villa-tulumba\\\/#breadcrumb\"},\"inLanguage\":\"es\",\"potentialAction\":[{\"@type\":\"ReadAction\",\"target\":[\"https:\\\/\\\/redmediterranea.com\\\/index.php\\\/2023\\\/01\\\/25\\\/se-viene-una-degustacion-de-vinos-en-villa-tulumba\\\/\"]}]},{\"@type\":\"ImageObject\",\"inLanguage\":\"es\",\"@id\":\"https:\\\/\\\/redmediterranea.com\\\/index.php\\\/2023\\\/01\\\/25\\\/se-viene-una-degustacion-de-vinos-en-villa-tulumba\\\/#primaryimage\",\"url\":\"https:\\\/\\\/redmediterranea.com\\\/wp-content\\\/uploads\\\/2023\\\/01\\\/WhatsApp-Image-2023-01-25-at-10.11.31-AM.jpeg\",\"contentUrl\":\"https:\\\/\\\/redmediterranea.com\\\/wp-content\\\/uploads\\\/2023\\\/01\\\/WhatsApp-Image-2023-01-25-at-10.11.31-AM.jpeg\",\"width\":720,\"height\":1280},{\"@type\":\"BreadcrumbList\",\"@id\":\"https:\\\/\\\/redmediterranea.com\\\/index.php\\\/2023\\\/01\\\/25\\\/se-viene-una-degustacion-de-vinos-en-villa-tulumba\\\/#breadcrumb\",\"itemListElement\":[{\"@type\":\"ListItem\",\"position\":1,\"name\":\"Portada\",\"item\":\"https:\\\/\\\/redmediterranea.com\\\/\"},{\"@type\":\"ListItem\",\"position\":2,\"name\":\"Se viene una Degustaci\u00f3n de Vinos en Villa Tulumba\"}]},{\"@type\":\"WebSite\",\"@id\":\"https:\\\/\\\/redmediterranea.com\\\/#website\",\"url\":\"https:\\\/\\\/redmediterranea.com\\\/\",\"name\":\"Red Mediterr\u00e1nea\",\"description\":\"Noticias de De\u00e1n Funes\",\"publisher\":{\"@id\":\"https:\\\/\\\/redmediterranea.com\\\/#organization\"},\"potentialAction\":[{\"@type\":\"SearchAction\",\"target\":{\"@type\":\"EntryPoint\",\"urlTemplate\":\"https:\\\/\\\/redmediterranea.com\\\/?s={search_term_string}\"},\"query-input\":{\"@type\":\"PropertyValueSpecification\",\"valueRequired\":true,\"valueName\":\"search_term_string\"}}],\"inLanguage\":\"es\"},{\"@type\":\"Organization\",\"@id\":\"https:\\\/\\\/redmediterranea.com\\\/#organization\",\"name\":\"Red Mediterr\u00e1nea\",\"url\":\"https:\\\/\\\/redmediterranea.com\\\/\",\"logo\":{\"@type\":\"ImageObject\",\"inLanguage\":\"es\",\"@id\":\"https:\\\/\\\/redmediterranea.com\\\/#\\\/schema\\\/logo\\\/image\\\/\",\"url\":\"https:\\\/\\\/redmediterranea.com\\\/wp-content\\\/uploads\\\/2021\\\/09\\\/red.png\",\"contentUrl\":\"https:\\\/\\\/redmediterranea.com\\\/wp-content\\\/uploads\\\/2021\\\/09\\\/red.png\",\"width\":400,\"height\":260,\"caption\":\"Red Mediterr\u00e1nea\"},\"image\":{\"@id\":\"https:\\\/\\\/redmediterranea.com\\\/#\\\/schema\\\/logo\\\/image\\\/\"},\"sameAs\":[\"https:\\\/\\\/www.facebook.com\\\/redmediterranea.net\",\"https:\\\/\\\/www.youtube.com\\\/channel\\\/UCvm4ojIMOGKnk5v9TsWnFWQ\"]},{\"@type\":\"Person\",\"@id\":\"https:\\\/\\\/redmediterranea.com\\\/#\\\/schema\\\/person\\\/a59f6085115b75a865fb0338fe81d577\",\"name\":\"Red Mediterr\u00e1nea\",\"image\":{\"@type\":\"ImageObject\",\"inLanguage\":\"es\",\"@id\":\"https:\\\/\\\/redmediterranea.com\\\/wp-content\\\/litespeed\\\/avatar\\\/1a3770c806a5dd31cb05580dd57bedd6.jpg?ver=1777231671\",\"url\":\"https:\\\/\\\/redmediterranea.com\\\/wp-content\\\/litespeed\\\/avatar\\\/1a3770c806a5dd31cb05580dd57bedd6.jpg?ver=1777231671\",\"contentUrl\":\"https:\\\/\\\/redmediterranea.com\\\/wp-content\\\/litespeed\\\/avatar\\\/1a3770c806a5dd31cb05580dd57bedd6.jpg?ver=1777231671\",\"caption\":\"Red Mediterr\u00e1nea\"},\"sameAs\":[\"http:\\\/\\\/redmediterranea.com\"],\"url\":\"https:\\\/\\\/redmediterranea.com\\\/index.php\\\/author\\\/hg-hatecraft\\\/\"}]}<\/script>\n<!-- \/ Yoast SEO plugin. -->","yoast_head_json":{"title":"Se viene una Degustaci\u00f3n de Vinos en Villa Tulumba &#8212; Red Mediterr\u00e1nea","robots":{"index":"index","follow":"follow","max-snippet":"max-snippet:-1","max-image-preview":"max-image-preview:large","max-video-preview":"max-video-preview:-1"},"canonical":"https:\/\/redmediterranea.com\/index.php\/2023\/01\/25\/se-viene-una-degustacion-de-vinos-en-villa-tulumba\/","og_locale":"es_ES","og_type":"article","og_title":"Se viene una Degustaci\u00f3n de Vinos en Villa Tulumba &#8212; Red Mediterr\u00e1nea","og_description":"\ud83d\udcab En el marco de la 8\ufe0f\u20e32\ufe0f\u20e3 Semana de Tulumba se llevar\u00e1 a cabo una degustaci\u00f3n de vinos de la BODEGA DEL GREDAL \ud83c\udf47\ud83c\udf77. El evento tendr\u00e1 lugar el pr\u00f3ximo lunes 30\/01, desde las 20 horas y contar\u00e1 con la presencia del productor y elaborador de la firma.\ud83d\udccd Centro de Interpretaci\u00f3n Camino Real, Villa Tulumba [&hellip;]","og_url":"https:\/\/redmediterranea.com\/index.php\/2023\/01\/25\/se-viene-una-degustacion-de-vinos-en-villa-tulumba\/","og_site_name":"Red Mediterr\u00e1nea","article_publisher":"https:\/\/www.facebook.com\/redmediterranea.net","article_published_time":"2023-01-25T18:02:31+00:00","article_modified_time":"2023-01-25T18:02:33+00:00","og_image":[{"width":720,"height":1280,"url":"http:\/\/redmediterranea.com\/wp-content\/uploads\/2023\/01\/WhatsApp-Image-2023-01-25-at-10.11.31-AM.jpeg","type":"image\/jpeg"}],"author":"Red Mediterr\u00e1nea","twitter_card":"summary_large_image","twitter_misc":{"Escrito por":"Red Mediterr\u00e1nea","Tiempo de lectura":"1 minuto"},"schema":{"@context":"https:\/\/schema.org","@graph":[{"@type":"Article","@id":"https:\/\/redmediterranea.com\/index.php\/2023\/01\/25\/se-viene-una-degustacion-de-vinos-en-villa-tulumba\/#article","isPartOf":{"@id":"https:\/\/redmediterranea.com\/index.php\/2023\/01\/25\/se-viene-una-degustacion-de-vinos-en-villa-tulumba\/"},"author":{"name":"Red Mediterr\u00e1nea","@id":"https:\/\/redmediterranea.com\/#\/schema\/person\/a59f6085115b75a865fb0338fe81d577"},"headline":"Se viene una Degustaci\u00f3n de Vinos en Villa Tulumba","datePublished":"2023-01-25T18:02:31+00:00","dateModified":"2023-01-25T18:02:33+00:00","mainEntityOfPage":{"@id":"https:\/\/redmediterranea.com\/index.php\/2023\/01\/25\/se-viene-una-degustacion-de-vinos-en-villa-tulumba\/"},"wordCount":107,"commentCount":0,"publisher":{"@id":"https:\/\/redmediterranea.com\/#organization"},"image":{"@id":"https:\/\/redmediterranea.com\/index.php\/2023\/01\/25\/se-viene-una-degustacion-de-vinos-en-villa-tulumba\/#primaryimage"},"thumbnailUrl":"https:\/\/redmediterranea.com\/wp-content\/uploads\/2023\/01\/WhatsApp-Image-2023-01-25-at-10.11.31-AM.jpeg","keywords":["Bodega Del Gredal","Degustaci\u00f3n","Villa Tulumba","Vinos"],"articleSection":["Villa Tulumba"],"inLanguage":"es","potentialAction":[{"@type":"CommentAction","name":"Comment","target":["https:\/\/redmediterranea.com\/index.php\/2023\/01\/25\/se-viene-una-degustacion-de-vinos-en-villa-tulumba\/#respond"]}]},{"@type":"WebPage","@id":"https:\/\/redmediterranea.com\/index.php\/2023\/01\/25\/se-viene-una-degustacion-de-vinos-en-villa-tulumba\/","url":"https:\/\/redmediterranea.com\/index.php\/2023\/01\/25\/se-viene-una-degustacion-de-vinos-en-villa-tulumba\/","name":"Se viene una Degustaci\u00f3n de Vinos en Villa Tulumba &#8212; Red Mediterr\u00e1nea","isPartOf":{"@id":"https:\/\/redmediterranea.com\/#website"},"primaryImageOfPage":{"@id":"https:\/\/redmediterranea.com\/index.php\/2023\/01\/25\/se-viene-una-degustacion-de-vinos-en-villa-tulumba\/#primaryimage"},"image":{"@id":"https:\/\/redmediterranea.com\/index.php\/2023\/01\/25\/se-viene-una-degustacion-de-vinos-en-villa-tulumba\/#primaryimage"},"thumbnailUrl":"https:\/\/redmediterranea.com\/wp-content\/uploads\/2023\/01\/WhatsApp-Image-2023-01-25-at-10.11.31-AM.jpeg","datePublished":"2023-01-25T18:02:31+00:00","dateModified":"2023-01-25T18:02:33+00:00","breadcrumb":{"@id":"https:\/\/redmediterranea.com\/index.php\/2023\/01\/25\/se-viene-una-degustacion-de-vinos-en-villa-tulumba\/#breadcrumb"},"inLanguage":"es","potentialAction":[{"@type":"ReadAction","target":["https:\/\/redmediterranea.com\/index.php\/2023\/01\/25\/se-viene-una-degustacion-de-vinos-en-villa-tulumba\/"]}]},{"@type":"ImageObject","inLanguage":"es","@id":"https:\/\/redmediterranea.com\/index.php\/2023\/01\/25\/se-viene-una-degustacion-de-vinos-en-villa-tulumba\/#primaryimage","url":"https:\/\/redmediterranea.com\/wp-content\/uploads\/2023\/01\/WhatsApp-Image-2023-01-25-at-10.11.31-AM.jpeg","contentUrl":"https:\/\/redmediterranea.com\/wp-content\/uploads\/2023\/01\/WhatsApp-Image-2023-01-25-at-10.11.31-AM.jpeg","width":720,"height":1280},{"@type":"BreadcrumbList","@id":"https:\/\/redmediterranea.com\/index.php\/2023\/01\/25\/se-viene-una-degustacion-de-vinos-en-villa-tulumba\/#breadcrumb","itemListElement":[{"@type":"ListItem","position":1,"name":"Portada","item":"https:\/\/redmediterranea.com\/"},{"@type":"ListItem","position":2,"name":"Se viene una Degustaci\u00f3n de Vinos en Villa Tulumba"}]},{"@type":"WebSite","@id":"https:\/\/redmediterranea.com\/#website","url":"https:\/\/redmediterranea.com\/","name":"Red Mediterr\u00e1nea","description":"Noticias de De\u00e1n Funes","publisher":{"@id":"https:\/\/redmediterranea.com\/#organization"},"potentialAction":[{"@type":"SearchAction","target":{"@type":"EntryPoint","urlTemplate":"https:\/\/redmediterranea.com\/?s={search_term_string}"},"query-input":{"@type":"PropertyValueSpecification","valueRequired":true,"valueName":"search_term_string"}}],"inLanguage":"es"},{"@type":"Organization","@id":"https:\/\/redmediterranea.com\/#organization","name":"Red Mediterr\u00e1nea","url":"https:\/\/redmediterranea.com\/","logo":{"@type":"ImageObject","inLanguage":"es","@id":"https:\/\/redmediterranea.com\/#\/schema\/logo\/image\/","url":"https:\/\/redmediterranea.com\/wp-content\/uploads\/2021\/09\/red.png","contentUrl":"https:\/\/redmediterranea.com\/wp-content\/uploads\/2021\/09\/red.png","width":400,"height":260,"caption":"Red Mediterr\u00e1nea"},"image":{"@id":"https:\/\/redmediterranea.com\/#\/schema\/logo\/image\/"},"sameAs":["https:\/\/www.facebook.com\/redmediterranea.net","https:\/\/www.youtube.com\/channel\/UCvm4ojIMOGKnk5v9TsWnFWQ"]},{"@type":"Person","@id":"https:\/\/redmediterranea.com\/#\/schema\/person\/a59f6085115b75a865fb0338fe81d577","name":"Red Mediterr\u00e1nea","image":{"@type":"ImageObject","inLanguage":"es","@id":"https:\/\/redmediterranea.com\/wp-content\/litespeed\/avatar\/1a3770c806a5dd31cb05580dd57bedd6.jpg?ver=1777231671","url":"https:\/\/redmediterranea.com\/wp-content\/litespeed\/avatar\/1a3770c806a5dd31cb05580dd57bedd6.jpg?ver=1777231671","contentUrl":"https:\/\/redmediterranea.com\/wp-content\/litespeed\/avatar\/1a3770c806a5dd31cb05580dd57bedd6.jpg?ver=1777231671","caption":"Red Mediterr\u00e1nea"},"sameAs":["http:\/\/redmediterranea.com"],"url":"https:\/\/redmediterranea.com\/index.php\/author\/hg-hatecraft\/"}]}},"_links":{"self":[{"href":"https:\/\/redmediterranea.com\/index.php\/wp-json\/wp\/v2\/posts\/5507","targetHints":{"allow":["GET"]}}],"collection":[{"href":"https:\/\/redmediterranea.com\/index.php\/wp-json\/wp\/v2\/posts"}],"about":[{"href":"https:\/\/redmediterranea.com\/index.php\/wp-json\/wp\/v2\/types\/post"}],"author":[{"embeddable":true,"href":"https:\/\/redmediterranea.com\/index.php\/wp-json\/wp\/v2\/users\/1"}],"replies":[{"embeddable":true,"href":"https:\/\/redmediterranea.com\/index.php\/wp-json\/wp\/v2\/comments?post=5507"}],"version-history":[{"count":1,"href":"https:\/\/redmediterranea.com\/index.php\/wp-json\/wp\/v2\/posts\/5507\/revisions"}],"predecessor-version":[{"id":5509,"href":"https:\/\/redmediterranea.com\/index.php\/wp-json\/wp\/v2\/posts\/5507\/revisions\/5509"}],"wp:featuredmedia":[{"embeddable":true,"href":"https:\/\/redmediterranea.com\/index.php\/wp-json\/wp\/v2\/media\/5508"}],"wp:attachment":[{"href":"https:\/\/redmediterranea.com\/index.php\/wp-json\/wp\/v2\/media?parent=5507"}],"wp:term":[{"taxonomy":"category","embeddable":true,"href":"https:\/\/redmediterranea.com\/index.php\/wp-json\/wp\/v2\/categories?post=5507"},{"taxonomy":"post_tag","embeddable":true,"href":"https:\/\/redmediterranea.com\/index.php\/wp-json\/wp\/v2\/tags?post=5507"}],"curies":[{"name":"wp","href":"https:\/\/api.w.org\/{rel}","templated":true}]}}