{"id":5495,"date":"2023-01-23T17:46:23","date_gmt":"2023-01-23T17:46:23","guid":{"rendered":"https:\/\/redmediterranea.com\/?p=5495"},"modified":"2023-01-23T17:46:25","modified_gmt":"2023-01-23T17:46:25","slug":"cordoba-fue-uno-de-los-destinos-mas-elegidos-del-pais-el-fin-de-semana","status":"publish","type":"post","link":"https:\/\/redmediterranea.com\/index.php\/2023\/01\/23\/cordoba-fue-uno-de-los-destinos-mas-elegidos-del-pais-el-fin-de-semana\/","title":{"rendered":"C\u00f3rdoba fue uno de los destinos m\u00e1s elegidos del pa\u00eds el fin de semana"},"content":{"rendered":"\n<p>En el &nbsp;marco de un buen clima y las excelentes propuestas de C\u00f3rdoba para el turismo<strong>, un gran n\u00famero de visitantes lleg\u00f3 a la provincia mediterr\u00e1nea para disfrutar de sus r\u00edos, lagos, la buena gastronom\u00eda<\/strong>&nbsp;y por supuesto, de las destacadas fiestas y festivales que este fin de semana se produjeron en los diferentes valles del terru\u00f1o cordob\u00e9s.<\/p>\n\n\n\n<p><strong>Los destinos m\u00e1s importantes dentro del contexto tur\u00edstico, dieron a conocer los porcentajes de los niveles de ocupaci\u00f3n que se adjudicaron durante el \u201cfinde\u201d en la provincia de C\u00f3rdoba<\/strong>, en lo que respecta a un gran incremento de manera positiva en las econom\u00edas locales y regionales que gener\u00f3 este fin de semana, el turismo en los corredores de C\u00f3rdoba.<\/p>\n\n\n\n<p>En esa l\u00ednea,&nbsp;<strong>algunas localidades y comunas registraron un promedio del 100%, llegando al tope m\u00e1ximo de la ocupaci\u00f3n hotelera<\/strong>, mientras que&nbsp;<strong>en otros sitios, se reconoci\u00f3 que los porcentajes de ocupaci\u00f3n alcanzaron entre un 99% al 95% de su capacidad de alojamiento<\/strong>. Sin duda, uno de los mejores fin de semana en lo que va de la temporada 2022\/23.<\/p>\n\n\n\n<figure class=\"wp-block-image\"><img decoding=\"async\" src=\"http:\/\/lmdiario.com.ar\/download\/multimedia.normal.8f0e6df9cfc7481e.54757269736d6f20656e206c6173207369657272617320766572616e6f2062795f6e6f726d616c2e77656270.webp\" alt=\"Turismo en las sierras verano by @SecTurismoVCPaz\"\/><\/figure>\n\n\n\n<h3 class=\"wp-block-heading\">Regi\u00f3n por regi\u00f3n<\/h3>\n\n\n\n<p>En la<strong>&nbsp;Regi\u00f3n de Ansenuza<\/strong>, uno de los destinos m\u00e1s elegidos fue Miramar con un porcentaje de ocupaci\u00f3n del 99.8%, y el norte de la provincia, Villa del Totoral indic\u00f3 un 80%.<\/p>\n\n\n\n<p>Para el&nbsp;<strong>Valle de Traslasierra<\/strong>&nbsp;los n\u00fameros m\u00e1s relevantes se dieron en la ciudad de Mina Clavero con el &nbsp;97% de la ocupaci\u00f3n hotelera, en Villa Cura Brochero que registr\u00f3 un 98.3%, y en la localidad de Nono super\u00f3 el 98.99% de su ocupaci\u00f3n.<\/p>\n\n\n\n<p>Otro de los corredores con m\u00e1s afluencia tur\u00edstica fue en el&nbsp;<strong>Valle de Calamuchita<\/strong>, donde los viajeros pudieron disfrutar de un colmado Villa General Belgrano que lleg\u00f3 al 99%, y Villa Rumipal cerr\u00f3 con el ideal, un 100% de su nivel de ocupaci\u00f3n, el mismo \u00e9xito se produjo en Embalse de Calamuchita con el 99% de sus plazas cubiertas, La Cumbrecita excedi\u00f3 el 87%, y Santa Rosa de Calamuchita (exhib\u00eda el Festival del R\u00edo y La Luna) sobrepas\u00f3 el 98% de su capacidad de alojamiento.<\/p>\n\n\n\n<p>A su vez, en el cord\u00f3n serrano de&nbsp;<strong>Paravachasca<\/strong>, La Serranita alberg\u00f3 a un 90% de turistas, mientras que Alta Gracia (presentaba el Festival del Mionca) ascendi\u00f3 al 98% de la ocupaci\u00f3n de plazas.<\/p>\n\n\n\n<p>Por otra parte, en el&nbsp;<strong>Valle de Punilla<\/strong>&nbsp;&nbsp;la gran ciudad de Carlos Paz, rebas\u00f3 el 97.6%, en cambio, en la localidad de La Cumbre, al norte del valle, el porcentaje de ocupaci\u00f3n se alz\u00f3 por arriba del 92%, Huerta Grande lleg\u00f3 al 95%, y las estad\u00edsticas indican que La Falda (contin\u00faa con shows como La Falda Bajo Las Estrellas) concret\u00f3 un 85% de su nivel de ocupaci\u00f3n, y Cosqu\u00edn, que justo este fin de semana comenz\u00f3 con el Festival Nacional de Folklore, el &nbsp;m\u00e1s importante del sur de Latinoam\u00e9rica, se acerc\u00f3 al 95% del pernocte tur\u00edstico.<\/p>\n\n\n\n<p><strong>San Marcos Sierras<\/strong>, localidad del noroeste cordob\u00e9s inform\u00f3 un \u00f3ptimo en la ocupaci\u00f3n hotelera, al 100%. Y finalmente, el corredor de las Sierras Chicas de C\u00f3rdoba constat\u00f3 un 82% para la ciudad de R\u00edo Ceballos.<\/p>\n","protected":false},"excerpt":{"rendered":"<p>En el &nbsp;marco de un buen clima y las excelentes propuestas de C\u00f3rdoba para el turismo, un gran n\u00famero de visitantes lleg\u00f3 a la provincia mediterr\u00e1nea para disfrutar de sus r\u00edos, lagos, la buena gastronom\u00eda&nbsp;y por supuesto, de las destacadas fiestas y festivales que este fin de semana se produjeron en los diferentes valles del [&hellip;]<\/p>\n","protected":false},"author":1,"featured_media":5496,"comment_status":"open","ping_status":"open","sticky":false,"template":"","format":"standard","meta":{"footnotes":""},"categories":[25,291],"tags":[210,964,841],"class_list":{"0":"post-5495","1":"post","2":"type-post","3":"status-publish","4":"format-standard","5":"has-post-thumbnail","7":"category-provinciales","8":"category-turismo","9":"tag-cordoba","10":"tag-fin-de-semana","11":"tag-turismo"},"yoast_head":"<!-- This site is optimized with the Yoast SEO plugin v27.4 - https:\/\/yoast.com\/product\/yoast-seo-wordpress\/ -->\n<title>C\u00f3rdoba fue uno de los destinos m\u00e1s elegidos del pa\u00eds el fin de semana &#8212; Red Mediterr\u00e1nea<\/title>\n<meta name=\"robots\" content=\"index, follow, max-snippet:-1, max-image-preview:large, max-video-preview:-1\" \/>\n<link rel=\"canonical\" href=\"https:\/\/redmediterranea.com\/index.php\/2023\/01\/23\/cordoba-fue-uno-de-los-destinos-mas-elegidos-del-pais-el-fin-de-semana\/\" \/>\n<meta property=\"og:locale\" content=\"es_ES\" \/>\n<meta property=\"og:type\" content=\"article\" \/>\n<meta property=\"og:title\" content=\"C\u00f3rdoba fue uno de los destinos m\u00e1s elegidos del pa\u00eds el fin de semana &#8212; Red Mediterr\u00e1nea\" \/>\n<meta property=\"og:description\" content=\"En el &nbsp;marco de un buen clima y las excelentes propuestas de C\u00f3rdoba para el turismo, un gran n\u00famero de visitantes lleg\u00f3 a la provincia mediterr\u00e1nea para disfrutar de sus r\u00edos, lagos, la buena gastronom\u00eda&nbsp;y por supuesto, de las destacadas fiestas y festivales que este fin de semana se produjeron en los diferentes valles del [&hellip;]\" \/>\n<meta property=\"og:url\" content=\"https:\/\/redmediterranea.com\/index.php\/2023\/01\/23\/cordoba-fue-uno-de-los-destinos-mas-elegidos-del-pais-el-fin-de-semana\/\" \/>\n<meta property=\"og:site_name\" content=\"Red Mediterr\u00e1nea\" \/>\n<meta property=\"article:publisher\" content=\"https:\/\/www.facebook.com\/redmediterranea.net\" \/>\n<meta property=\"article:published_time\" content=\"2023-01-23T17:46:23+00:00\" \/>\n<meta property=\"article:modified_time\" content=\"2023-01-23T17:46:25+00:00\" \/>\n<meta property=\"og:image\" content=\"http:\/\/redmediterranea.com\/wp-content\/uploads\/2023\/01\/cordoba.webp\" \/>\n\t<meta property=\"og:image:width\" content=\"720\" \/>\n\t<meta property=\"og:image:height\" content=\"454\" \/>\n\t<meta property=\"og:image:type\" content=\"image\/webp\" \/>\n<meta name=\"author\" content=\"Red Mediterr\u00e1nea\" \/>\n<meta name=\"twitter:card\" content=\"summary_large_image\" \/>\n<meta name=\"twitter:label1\" content=\"Escrito por\" \/>\n\t<meta name=\"twitter:data1\" content=\"Red Mediterr\u00e1nea\" \/>\n\t<meta name=\"twitter:label2\" content=\"Tiempo de lectura\" \/>\n\t<meta name=\"twitter:data2\" content=\"3 minutos\" \/>\n<script type=\"application\/ld+json\" class=\"yoast-schema-graph\">{\"@context\":\"https:\\\/\\\/schema.org\",\"@graph\":[{\"@type\":\"Article\",\"@id\":\"https:\\\/\\\/redmediterranea.com\\\/index.php\\\/2023\\\/01\\\/23\\\/cordoba-fue-uno-de-los-destinos-mas-elegidos-del-pais-el-fin-de-semana\\\/#article\",\"isPartOf\":{\"@id\":\"https:\\\/\\\/redmediterranea.com\\\/index.php\\\/2023\\\/01\\\/23\\\/cordoba-fue-uno-de-los-destinos-mas-elegidos-del-pais-el-fin-de-semana\\\/\"},\"author\":{\"name\":\"Red Mediterr\u00e1nea\",\"@id\":\"https:\\\/\\\/redmediterranea.com\\\/#\\\/schema\\\/person\\\/a59f6085115b75a865fb0338fe81d577\"},\"headline\":\"C\u00f3rdoba fue uno de los destinos m\u00e1s elegidos del pa\u00eds el fin de semana\",\"datePublished\":\"2023-01-23T17:46:23+00:00\",\"dateModified\":\"2023-01-23T17:46:25+00:00\",\"mainEntityOfPage\":{\"@id\":\"https:\\\/\\\/redmediterranea.com\\\/index.php\\\/2023\\\/01\\\/23\\\/cordoba-fue-uno-de-los-destinos-mas-elegidos-del-pais-el-fin-de-semana\\\/\"},\"wordCount\":560,\"commentCount\":0,\"publisher\":{\"@id\":\"https:\\\/\\\/redmediterranea.com\\\/#organization\"},\"image\":{\"@id\":\"https:\\\/\\\/redmediterranea.com\\\/index.php\\\/2023\\\/01\\\/23\\\/cordoba-fue-uno-de-los-destinos-mas-elegidos-del-pais-el-fin-de-semana\\\/#primaryimage\"},\"thumbnailUrl\":\"https:\\\/\\\/redmediterranea.com\\\/wp-content\\\/uploads\\\/2023\\\/01\\\/cordoba.webp\",\"keywords\":[\"C\u00f3rdoba\",\"Fin de Semana\",\"Turismo\"],\"articleSection\":[\"Provinciales\",\"Turismo\"],\"inLanguage\":\"es\",\"potentialAction\":[{\"@type\":\"CommentAction\",\"name\":\"Comment\",\"target\":[\"https:\\\/\\\/redmediterranea.com\\\/index.php\\\/2023\\\/01\\\/23\\\/cordoba-fue-uno-de-los-destinos-mas-elegidos-del-pais-el-fin-de-semana\\\/#respond\"]}]},{\"@type\":\"WebPage\",\"@id\":\"https:\\\/\\\/redmediterranea.com\\\/index.php\\\/2023\\\/01\\\/23\\\/cordoba-fue-uno-de-los-destinos-mas-elegidos-del-pais-el-fin-de-semana\\\/\",\"url\":\"https:\\\/\\\/redmediterranea.com\\\/index.php\\\/2023\\\/01\\\/23\\\/cordoba-fue-uno-de-los-destinos-mas-elegidos-del-pais-el-fin-de-semana\\\/\",\"name\":\"C\u00f3rdoba fue uno de los destinos m\u00e1s elegidos del pa\u00eds el fin de semana &#8212; Red Mediterr\u00e1nea\",\"isPartOf\":{\"@id\":\"https:\\\/\\\/redmediterranea.com\\\/#website\"},\"primaryImageOfPage\":{\"@id\":\"https:\\\/\\\/redmediterranea.com\\\/index.php\\\/2023\\\/01\\\/23\\\/cordoba-fue-uno-de-los-destinos-mas-elegidos-del-pais-el-fin-de-semana\\\/#primaryimage\"},\"image\":{\"@id\":\"https:\\\/\\\/redmediterranea.com\\\/index.php\\\/2023\\\/01\\\/23\\\/cordoba-fue-uno-de-los-destinos-mas-elegidos-del-pais-el-fin-de-semana\\\/#primaryimage\"},\"thumbnailUrl\":\"https:\\\/\\\/redmediterranea.com\\\/wp-content\\\/uploads\\\/2023\\\/01\\\/cordoba.webp\",\"datePublished\":\"2023-01-23T17:46:23+00:00\",\"dateModified\":\"2023-01-23T17:46:25+00:00\",\"breadcrumb\":{\"@id\":\"https:\\\/\\\/redmediterranea.com\\\/index.php\\\/2023\\\/01\\\/23\\\/cordoba-fue-uno-de-los-destinos-mas-elegidos-del-pais-el-fin-de-semana\\\/#breadcrumb\"},\"inLanguage\":\"es\",\"potentialAction\":[{\"@type\":\"ReadAction\",\"target\":[\"https:\\\/\\\/redmediterranea.com\\\/index.php\\\/2023\\\/01\\\/23\\\/cordoba-fue-uno-de-los-destinos-mas-elegidos-del-pais-el-fin-de-semana\\\/\"]}]},{\"@type\":\"ImageObject\",\"inLanguage\":\"es\",\"@id\":\"https:\\\/\\\/redmediterranea.com\\\/index.php\\\/2023\\\/01\\\/23\\\/cordoba-fue-uno-de-los-destinos-mas-elegidos-del-pais-el-fin-de-semana\\\/#primaryimage\",\"url\":\"https:\\\/\\\/redmediterranea.com\\\/wp-content\\\/uploads\\\/2023\\\/01\\\/cordoba.webp\",\"contentUrl\":\"https:\\\/\\\/redmediterranea.com\\\/wp-content\\\/uploads\\\/2023\\\/01\\\/cordoba.webp\",\"width\":720,\"height\":454},{\"@type\":\"BreadcrumbList\",\"@id\":\"https:\\\/\\\/redmediterranea.com\\\/index.php\\\/2023\\\/01\\\/23\\\/cordoba-fue-uno-de-los-destinos-mas-elegidos-del-pais-el-fin-de-semana\\\/#breadcrumb\",\"itemListElement\":[{\"@type\":\"ListItem\",\"position\":1,\"name\":\"Portada\",\"item\":\"https:\\\/\\\/redmediterranea.com\\\/\"},{\"@type\":\"ListItem\",\"position\":2,\"name\":\"C\u00f3rdoba fue uno de los destinos m\u00e1s elegidos del pa\u00eds el fin de semana\"}]},{\"@type\":\"WebSite\",\"@id\":\"https:\\\/\\\/redmediterranea.com\\\/#website\",\"url\":\"https:\\\/\\\/redmediterranea.com\\\/\",\"name\":\"Red Mediterr\u00e1nea\",\"description\":\"Noticias de De\u00e1n Funes\",\"publisher\":{\"@id\":\"https:\\\/\\\/redmediterranea.com\\\/#organization\"},\"potentialAction\":[{\"@type\":\"SearchAction\",\"target\":{\"@type\":\"EntryPoint\",\"urlTemplate\":\"https:\\\/\\\/redmediterranea.com\\\/?s={search_term_string}\"},\"query-input\":{\"@type\":\"PropertyValueSpecification\",\"valueRequired\":true,\"valueName\":\"search_term_string\"}}],\"inLanguage\":\"es\"},{\"@type\":\"Organization\",\"@id\":\"https:\\\/\\\/redmediterranea.com\\\/#organization\",\"name\":\"Red Mediterr\u00e1nea\",\"url\":\"https:\\\/\\\/redmediterranea.com\\\/\",\"logo\":{\"@type\":\"ImageObject\",\"inLanguage\":\"es\",\"@id\":\"https:\\\/\\\/redmediterranea.com\\\/#\\\/schema\\\/logo\\\/image\\\/\",\"url\":\"https:\\\/\\\/redmediterranea.com\\\/wp-content\\\/uploads\\\/2021\\\/09\\\/red.png\",\"contentUrl\":\"https:\\\/\\\/redmediterranea.com\\\/wp-content\\\/uploads\\\/2021\\\/09\\\/red.png\",\"width\":400,\"height\":260,\"caption\":\"Red Mediterr\u00e1nea\"},\"image\":{\"@id\":\"https:\\\/\\\/redmediterranea.com\\\/#\\\/schema\\\/logo\\\/image\\\/\"},\"sameAs\":[\"https:\\\/\\\/www.facebook.com\\\/redmediterranea.net\",\"https:\\\/\\\/www.youtube.com\\\/channel\\\/UCvm4ojIMOGKnk5v9TsWnFWQ\"]},{\"@type\":\"Person\",\"@id\":\"https:\\\/\\\/redmediterranea.com\\\/#\\\/schema\\\/person\\\/a59f6085115b75a865fb0338fe81d577\",\"name\":\"Red Mediterr\u00e1nea\",\"image\":{\"@type\":\"ImageObject\",\"inLanguage\":\"es\",\"@id\":\"https:\\\/\\\/redmediterranea.com\\\/wp-content\\\/litespeed\\\/avatar\\\/1a3770c806a5dd31cb05580dd57bedd6.jpg?ver=1777231671\",\"url\":\"https:\\\/\\\/redmediterranea.com\\\/wp-content\\\/litespeed\\\/avatar\\\/1a3770c806a5dd31cb05580dd57bedd6.jpg?ver=1777231671\",\"contentUrl\":\"https:\\\/\\\/redmediterranea.com\\\/wp-content\\\/litespeed\\\/avatar\\\/1a3770c806a5dd31cb05580dd57bedd6.jpg?ver=1777231671\",\"caption\":\"Red Mediterr\u00e1nea\"},\"sameAs\":[\"http:\\\/\\\/redmediterranea.com\"],\"url\":\"https:\\\/\\\/redmediterranea.com\\\/index.php\\\/author\\\/hg-hatecraft\\\/\"}]}<\/script>\n<!-- \/ Yoast SEO plugin. -->","yoast_head_json":{"title":"C\u00f3rdoba fue uno de los destinos m\u00e1s elegidos del pa\u00eds el fin de semana &#8212; Red Mediterr\u00e1nea","robots":{"index":"index","follow":"follow","max-snippet":"max-snippet:-1","max-image-preview":"max-image-preview:large","max-video-preview":"max-video-preview:-1"},"canonical":"https:\/\/redmediterranea.com\/index.php\/2023\/01\/23\/cordoba-fue-uno-de-los-destinos-mas-elegidos-del-pais-el-fin-de-semana\/","og_locale":"es_ES","og_type":"article","og_title":"C\u00f3rdoba fue uno de los destinos m\u00e1s elegidos del pa\u00eds el fin de semana &#8212; Red Mediterr\u00e1nea","og_description":"En el &nbsp;marco de un buen clima y las excelentes propuestas de C\u00f3rdoba para el turismo, un gran n\u00famero de visitantes lleg\u00f3 a la provincia mediterr\u00e1nea para disfrutar de sus r\u00edos, lagos, la buena gastronom\u00eda&nbsp;y por supuesto, de las destacadas fiestas y festivales que este fin de semana se produjeron en los diferentes valles del [&hellip;]","og_url":"https:\/\/redmediterranea.com\/index.php\/2023\/01\/23\/cordoba-fue-uno-de-los-destinos-mas-elegidos-del-pais-el-fin-de-semana\/","og_site_name":"Red Mediterr\u00e1nea","article_publisher":"https:\/\/www.facebook.com\/redmediterranea.net","article_published_time":"2023-01-23T17:46:23+00:00","article_modified_time":"2023-01-23T17:46:25+00:00","og_image":[{"width":720,"height":454,"url":"http:\/\/redmediterranea.com\/wp-content\/uploads\/2023\/01\/cordoba.webp","type":"image\/webp"}],"author":"Red Mediterr\u00e1nea","twitter_card":"summary_large_image","twitter_misc":{"Escrito por":"Red Mediterr\u00e1nea","Tiempo de lectura":"3 minutos"},"schema":{"@context":"https:\/\/schema.org","@graph":[{"@type":"Article","@id":"https:\/\/redmediterranea.com\/index.php\/2023\/01\/23\/cordoba-fue-uno-de-los-destinos-mas-elegidos-del-pais-el-fin-de-semana\/#article","isPartOf":{"@id":"https:\/\/redmediterranea.com\/index.php\/2023\/01\/23\/cordoba-fue-uno-de-los-destinos-mas-elegidos-del-pais-el-fin-de-semana\/"},"author":{"name":"Red Mediterr\u00e1nea","@id":"https:\/\/redmediterranea.com\/#\/schema\/person\/a59f6085115b75a865fb0338fe81d577"},"headline":"C\u00f3rdoba fue uno de los destinos m\u00e1s elegidos del pa\u00eds el fin de semana","datePublished":"2023-01-23T17:46:23+00:00","dateModified":"2023-01-23T17:46:25+00:00","mainEntityOfPage":{"@id":"https:\/\/redmediterranea.com\/index.php\/2023\/01\/23\/cordoba-fue-uno-de-los-destinos-mas-elegidos-del-pais-el-fin-de-semana\/"},"wordCount":560,"commentCount":0,"publisher":{"@id":"https:\/\/redmediterranea.com\/#organization"},"image":{"@id":"https:\/\/redmediterranea.com\/index.php\/2023\/01\/23\/cordoba-fue-uno-de-los-destinos-mas-elegidos-del-pais-el-fin-de-semana\/#primaryimage"},"thumbnailUrl":"https:\/\/redmediterranea.com\/wp-content\/uploads\/2023\/01\/cordoba.webp","keywords":["C\u00f3rdoba","Fin de Semana","Turismo"],"articleSection":["Provinciales","Turismo"],"inLanguage":"es","potentialAction":[{"@type":"CommentAction","name":"Comment","target":["https:\/\/redmediterranea.com\/index.php\/2023\/01\/23\/cordoba-fue-uno-de-los-destinos-mas-elegidos-del-pais-el-fin-de-semana\/#respond"]}]},{"@type":"WebPage","@id":"https:\/\/redmediterranea.com\/index.php\/2023\/01\/23\/cordoba-fue-uno-de-los-destinos-mas-elegidos-del-pais-el-fin-de-semana\/","url":"https:\/\/redmediterranea.com\/index.php\/2023\/01\/23\/cordoba-fue-uno-de-los-destinos-mas-elegidos-del-pais-el-fin-de-semana\/","name":"C\u00f3rdoba fue uno de los destinos m\u00e1s elegidos del pa\u00eds el fin de semana &#8212; Red Mediterr\u00e1nea","isPartOf":{"@id":"https:\/\/redmediterranea.com\/#website"},"primaryImageOfPage":{"@id":"https:\/\/redmediterranea.com\/index.php\/2023\/01\/23\/cordoba-fue-uno-de-los-destinos-mas-elegidos-del-pais-el-fin-de-semana\/#primaryimage"},"image":{"@id":"https:\/\/redmediterranea.com\/index.php\/2023\/01\/23\/cordoba-fue-uno-de-los-destinos-mas-elegidos-del-pais-el-fin-de-semana\/#primaryimage"},"thumbnailUrl":"https:\/\/redmediterranea.com\/wp-content\/uploads\/2023\/01\/cordoba.webp","datePublished":"2023-01-23T17:46:23+00:00","dateModified":"2023-01-23T17:46:25+00:00","breadcrumb":{"@id":"https:\/\/redmediterranea.com\/index.php\/2023\/01\/23\/cordoba-fue-uno-de-los-destinos-mas-elegidos-del-pais-el-fin-de-semana\/#breadcrumb"},"inLanguage":"es","potentialAction":[{"@type":"ReadAction","target":["https:\/\/redmediterranea.com\/index.php\/2023\/01\/23\/cordoba-fue-uno-de-los-destinos-mas-elegidos-del-pais-el-fin-de-semana\/"]}]},{"@type":"ImageObject","inLanguage":"es","@id":"https:\/\/redmediterranea.com\/index.php\/2023\/01\/23\/cordoba-fue-uno-de-los-destinos-mas-elegidos-del-pais-el-fin-de-semana\/#primaryimage","url":"https:\/\/redmediterranea.com\/wp-content\/uploads\/2023\/01\/cordoba.webp","contentUrl":"https:\/\/redmediterranea.com\/wp-content\/uploads\/2023\/01\/cordoba.webp","width":720,"height":454},{"@type":"BreadcrumbList","@id":"https:\/\/redmediterranea.com\/index.php\/2023\/01\/23\/cordoba-fue-uno-de-los-destinos-mas-elegidos-del-pais-el-fin-de-semana\/#breadcrumb","itemListElement":[{"@type":"ListItem","position":1,"name":"Portada","item":"https:\/\/redmediterranea.com\/"},{"@type":"ListItem","position":2,"name":"C\u00f3rdoba fue uno de los destinos m\u00e1s elegidos del pa\u00eds el fin de semana"}]},{"@type":"WebSite","@id":"https:\/\/redmediterranea.com\/#website","url":"https:\/\/redmediterranea.com\/","name":"Red Mediterr\u00e1nea","description":"Noticias de De\u00e1n Funes","publisher":{"@id":"https:\/\/redmediterranea.com\/#organization"},"potentialAction":[{"@type":"SearchAction","target":{"@type":"EntryPoint","urlTemplate":"https:\/\/redmediterranea.com\/?s={search_term_string}"},"query-input":{"@type":"PropertyValueSpecification","valueRequired":true,"valueName":"search_term_string"}}],"inLanguage":"es"},{"@type":"Organization","@id":"https:\/\/redmediterranea.com\/#organization","name":"Red Mediterr\u00e1nea","url":"https:\/\/redmediterranea.com\/","logo":{"@type":"ImageObject","inLanguage":"es","@id":"https:\/\/redmediterranea.com\/#\/schema\/logo\/image\/","url":"https:\/\/redmediterranea.com\/wp-content\/uploads\/2021\/09\/red.png","contentUrl":"https:\/\/redmediterranea.com\/wp-content\/uploads\/2021\/09\/red.png","width":400,"height":260,"caption":"Red Mediterr\u00e1nea"},"image":{"@id":"https:\/\/redmediterranea.com\/#\/schema\/logo\/image\/"},"sameAs":["https:\/\/www.facebook.com\/redmediterranea.net","https:\/\/www.youtube.com\/channel\/UCvm4ojIMOGKnk5v9TsWnFWQ"]},{"@type":"Person","@id":"https:\/\/redmediterranea.com\/#\/schema\/person\/a59f6085115b75a865fb0338fe81d577","name":"Red Mediterr\u00e1nea","image":{"@type":"ImageObject","inLanguage":"es","@id":"https:\/\/redmediterranea.com\/wp-content\/litespeed\/avatar\/1a3770c806a5dd31cb05580dd57bedd6.jpg?ver=1777231671","url":"https:\/\/redmediterranea.com\/wp-content\/litespeed\/avatar\/1a3770c806a5dd31cb05580dd57bedd6.jpg?ver=1777231671","contentUrl":"https:\/\/redmediterranea.com\/wp-content\/litespeed\/avatar\/1a3770c806a5dd31cb05580dd57bedd6.jpg?ver=1777231671","caption":"Red Mediterr\u00e1nea"},"sameAs":["http:\/\/redmediterranea.com"],"url":"https:\/\/redmediterranea.com\/index.php\/author\/hg-hatecraft\/"}]}},"_links":{"self":[{"href":"https:\/\/redmediterranea.com\/index.php\/wp-json\/wp\/v2\/posts\/5495","targetHints":{"allow":["GET"]}}],"collection":[{"href":"https:\/\/redmediterranea.com\/index.php\/wp-json\/wp\/v2\/posts"}],"about":[{"href":"https:\/\/redmediterranea.com\/index.php\/wp-json\/wp\/v2\/types\/post"}],"author":[{"embeddable":true,"href":"https:\/\/redmediterranea.com\/index.php\/wp-json\/wp\/v2\/users\/1"}],"replies":[{"embeddable":true,"href":"https:\/\/redmediterranea.com\/index.php\/wp-json\/wp\/v2\/comments?post=5495"}],"version-history":[{"count":1,"href":"https:\/\/redmediterranea.com\/index.php\/wp-json\/wp\/v2\/posts\/5495\/revisions"}],"predecessor-version":[{"id":5497,"href":"https:\/\/redmediterranea.com\/index.php\/wp-json\/wp\/v2\/posts\/5495\/revisions\/5497"}],"wp:featuredmedia":[{"embeddable":true,"href":"https:\/\/redmediterranea.com\/index.php\/wp-json\/wp\/v2\/media\/5496"}],"wp:attachment":[{"href":"https:\/\/redmediterranea.com\/index.php\/wp-json\/wp\/v2\/media?parent=5495"}],"wp:term":[{"taxonomy":"category","embeddable":true,"href":"https:\/\/redmediterranea.com\/index.php\/wp-json\/wp\/v2\/categories?post=5495"},{"taxonomy":"post_tag","embeddable":true,"href":"https:\/\/redmediterranea.com\/index.php\/wp-json\/wp\/v2\/tags?post=5495"}],"curies":[{"name":"wp","href":"https:\/\/api.w.org\/{rel}","templated":true}]}}