{"id":5444,"date":"2023-01-16T16:11:25","date_gmt":"2023-01-16T16:11:25","guid":{"rendered":"https:\/\/redmediterranea.com\/?p=5444"},"modified":"2023-01-16T16:11:27","modified_gmt":"2023-01-16T16:11:27","slug":"cordoba-tuvo-mas-del-90-de-ocupacion-en-zonas-turisticas-durante-la-primera-quincena-de-enero","status":"publish","type":"post","link":"https:\/\/redmediterranea.com\/index.php\/2023\/01\/16\/cordoba-tuvo-mas-del-90-de-ocupacion-en-zonas-turisticas-durante-la-primera-quincena-de-enero\/","title":{"rendered":"C\u00f3rdoba tuvo m\u00e1s del 90% de ocupaci\u00f3n en zonas tur\u00edsticas durante la primera quincena de Enero"},"content":{"rendered":"\n<p>La primera quincena de enero finaliz\u00f3 este fin de semana con promedios de&nbsp;<strong>ocupaci\u00f3n superiores al 90% en los diferentes destinos tur\u00edsticos&nbsp;<\/strong>de la provincia, inform\u00f3 la Agencia C\u00f3rdoba Turismo (ACT), con un fin de semana en el que algunos lugares alcanzaron lleno total.<\/p>\n\n\n\n<p>Las plazas que estuvieron colmadas fueron principalmente en las que se desarrollan los diferentes festivales, fiestas y la cartelera teatral.<\/p>\n\n\n\n<p>El presidente de la ACT,&nbsp;<strong>Esteban Avil\u00e9s,<\/strong>&nbsp;destac\u00f3: \u201cTranscurridos los primeros d\u00edas de enero, podemos confirmar que C\u00f3rdoba es el destino elegido por la familia argentina con altos niveles de ocupaci\u00f3n general, tanto en los destinos tur\u00edsticos cl\u00e1sicos como en los emergentes\u201d<\/p>\n\n\n\n<p>\u201cCon estos porcentajes podemos adelantar que vamos a estar con un n\u00famero de turistas superior a la prepandemia, entre un 5% y un 10%\u201d, destac\u00f3 el funcionario.<\/p>\n\n\n\n<p>Seg\u00fan los datos brindados, en el Valle de punilla, La Falda lleg\u00f3 al 85% de ocupaci\u00f3n, mientras Villa Carlos Paz con obras teatrales, con hasta tres funciones por noche, tiene un promedio de ocupaci\u00f3n del 92,4%.<\/p>\n\n\n\n<p>Asimismo, destacaron que C\u00f3rdoba, por lo que se desarrolla en<strong>&nbsp;Villa Carlos Paz, lidera en cuanto a destinos tur\u00edsticos nacionales la taquilla de obras teatrales.<\/strong><\/p>\n\n\n\n<p>Con el Festival de Doma y Folclore, Jes\u00fas Mar\u00eda como tambi\u00e9n Colonia Caroya tienen ocupaci\u00f3n plena de sus plazas y derivaron turistas a localidades cercanas, que tambi\u00e9n completaron sus alojamientos disponibles.<\/p>\n\n\n\n<p><strong>\u201cEs muy importante destacar aqu\u00ed la gran cartelera de eventos, fiestas y festivales; C\u00f3rdoba es un destino con infinidad de propuestas\u201d,&nbsp;<\/strong>reforz\u00f3 Avil\u00e9s.<\/p>\n\n\n\n<p>Por \u00faltimo, el titular de la carteta, sostuvo: \u201cCarlos Paz tiene el 92% de sus plazas ocupadas con obras de teatro de primer nivel, Jes\u00fas Mar\u00eda y las localidades aleda\u00f1as, con el festival est\u00e1n colmados. Estamos teniendo una gran temporada de verano y eso se debe al trabajo realizado por cada destino, por el sector p\u00fablico y el privado\u201d.<\/p>\n\n\n\n<p>En tanto Miramar, hac\u00eda en noreste provincial, tiene el 99% de sus lugares ocupados; en el Valle de Traslasierra, Mina Clavero ocupaci\u00f3n del 90%, Nono (94,9%) y Villa Cura Brochero (87%).<\/p>\n\n\n\n<p>Mientras que en el Valle de Calamuchita, Villa General Belgrano registra un 87% de ocupaci\u00f3n y La Cumbrecita 89%.<\/p>\n\n\n\n<p><strong>El gasto promedio por persona por d\u00eda es de $14.000, aproximadamente<\/strong>, lo que incluye alojamiento, comidas, recreaci\u00f3n, traslados y compras, y en lo referido al origen de los turistas que eligen C\u00f3rdoba son oriundos de la provincia de Buenos Aires, Santa Fe, Rosario, Capital Federal y Cuyo.<\/p>\n","protected":false},"excerpt":{"rendered":"<p>La primera quincena de enero finaliz\u00f3 este fin de semana con promedios de&nbsp;ocupaci\u00f3n superiores al 90% en los diferentes destinos tur\u00edsticos&nbsp;de la provincia, inform\u00f3 la Agencia C\u00f3rdoba Turismo (ACT), con un fin de semana en el que algunos lugares alcanzaron lleno total. Las plazas que estuvieron colmadas fueron principalmente en las que se desarrollan los [&hellip;]<\/p>\n","protected":false},"author":1,"featured_media":5445,"comment_status":"open","ping_status":"open","sticky":false,"template":"","format":"standard","meta":{"footnotes":""},"categories":[25,291],"tags":[210,841],"class_list":{"0":"post-5444","1":"post","2":"type-post","3":"status-publish","4":"format-standard","5":"has-post-thumbnail","7":"category-provinciales","8":"category-turismo","9":"tag-cordoba","10":"tag-turismo"},"yoast_head":"<!-- This site is optimized with the Yoast SEO plugin v27.4 - https:\/\/yoast.com\/product\/yoast-seo-wordpress\/ -->\n<title>C\u00f3rdoba tuvo m\u00e1s del 90% de ocupaci\u00f3n en zonas tur\u00edsticas durante la primera quincena de Enero &#8212; Red Mediterr\u00e1nea<\/title>\n<meta name=\"robots\" content=\"index, follow, max-snippet:-1, max-image-preview:large, max-video-preview:-1\" \/>\n<link rel=\"canonical\" href=\"https:\/\/redmediterranea.com\/index.php\/2023\/01\/16\/cordoba-tuvo-mas-del-90-de-ocupacion-en-zonas-turisticas-durante-la-primera-quincena-de-enero\/\" \/>\n<meta property=\"og:locale\" content=\"es_ES\" \/>\n<meta property=\"og:type\" content=\"article\" \/>\n<meta property=\"og:title\" content=\"C\u00f3rdoba tuvo m\u00e1s del 90% de ocupaci\u00f3n en zonas tur\u00edsticas durante la primera quincena de Enero &#8212; Red Mediterr\u00e1nea\" \/>\n<meta property=\"og:description\" content=\"La primera quincena de enero finaliz\u00f3 este fin de semana con promedios de&nbsp;ocupaci\u00f3n superiores al 90% en los diferentes destinos tur\u00edsticos&nbsp;de la provincia, inform\u00f3 la Agencia C\u00f3rdoba Turismo (ACT), con un fin de semana en el que algunos lugares alcanzaron lleno total. Las plazas que estuvieron colmadas fueron principalmente en las que se desarrollan los [&hellip;]\" \/>\n<meta property=\"og:url\" content=\"https:\/\/redmediterranea.com\/index.php\/2023\/01\/16\/cordoba-tuvo-mas-del-90-de-ocupacion-en-zonas-turisticas-durante-la-primera-quincena-de-enero\/\" \/>\n<meta property=\"og:site_name\" content=\"Red Mediterr\u00e1nea\" \/>\n<meta property=\"article:publisher\" content=\"https:\/\/www.facebook.com\/redmediterranea.net\" \/>\n<meta property=\"article:published_time\" content=\"2023-01-16T16:11:25+00:00\" \/>\n<meta property=\"article:modified_time\" content=\"2023-01-16T16:11:27+00:00\" \/>\n<meta property=\"og:image\" content=\"http:\/\/redmediterranea.com\/wp-content\/uploads\/2023\/01\/turi.jpg\" \/>\n\t<meta property=\"og:image:width\" content=\"1004\" \/>\n\t<meta property=\"og:image:height\" content=\"565\" \/>\n\t<meta property=\"og:image:type\" content=\"image\/jpeg\" \/>\n<meta name=\"author\" content=\"Red Mediterr\u00e1nea\" \/>\n<meta name=\"twitter:card\" content=\"summary_large_image\" \/>\n<meta name=\"twitter:label1\" content=\"Escrito por\" \/>\n\t<meta name=\"twitter:data1\" content=\"Red Mediterr\u00e1nea\" \/>\n\t<meta name=\"twitter:label2\" content=\"Tiempo de lectura\" \/>\n\t<meta name=\"twitter:data2\" content=\"2 minutos\" \/>\n<script type=\"application\/ld+json\" class=\"yoast-schema-graph\">{\"@context\":\"https:\\\/\\\/schema.org\",\"@graph\":[{\"@type\":\"Article\",\"@id\":\"https:\\\/\\\/redmediterranea.com\\\/index.php\\\/2023\\\/01\\\/16\\\/cordoba-tuvo-mas-del-90-de-ocupacion-en-zonas-turisticas-durante-la-primera-quincena-de-enero\\\/#article\",\"isPartOf\":{\"@id\":\"https:\\\/\\\/redmediterranea.com\\\/index.php\\\/2023\\\/01\\\/16\\\/cordoba-tuvo-mas-del-90-de-ocupacion-en-zonas-turisticas-durante-la-primera-quincena-de-enero\\\/\"},\"author\":{\"name\":\"Red Mediterr\u00e1nea\",\"@id\":\"https:\\\/\\\/redmediterranea.com\\\/#\\\/schema\\\/person\\\/a59f6085115b75a865fb0338fe81d577\"},\"headline\":\"C\u00f3rdoba tuvo m\u00e1s del 90% de ocupaci\u00f3n en zonas tur\u00edsticas durante la primera quincena de Enero\",\"datePublished\":\"2023-01-16T16:11:25+00:00\",\"dateModified\":\"2023-01-16T16:11:27+00:00\",\"mainEntityOfPage\":{\"@id\":\"https:\\\/\\\/redmediterranea.com\\\/index.php\\\/2023\\\/01\\\/16\\\/cordoba-tuvo-mas-del-90-de-ocupacion-en-zonas-turisticas-durante-la-primera-quincena-de-enero\\\/\"},\"wordCount\":449,\"commentCount\":0,\"publisher\":{\"@id\":\"https:\\\/\\\/redmediterranea.com\\\/#organization\"},\"image\":{\"@id\":\"https:\\\/\\\/redmediterranea.com\\\/index.php\\\/2023\\\/01\\\/16\\\/cordoba-tuvo-mas-del-90-de-ocupacion-en-zonas-turisticas-durante-la-primera-quincena-de-enero\\\/#primaryimage\"},\"thumbnailUrl\":\"https:\\\/\\\/redmediterranea.com\\\/wp-content\\\/uploads\\\/2023\\\/01\\\/turi.jpg\",\"keywords\":[\"C\u00f3rdoba\",\"Turismo\"],\"articleSection\":[\"Provinciales\",\"Turismo\"],\"inLanguage\":\"es\",\"potentialAction\":[{\"@type\":\"CommentAction\",\"name\":\"Comment\",\"target\":[\"https:\\\/\\\/redmediterranea.com\\\/index.php\\\/2023\\\/01\\\/16\\\/cordoba-tuvo-mas-del-90-de-ocupacion-en-zonas-turisticas-durante-la-primera-quincena-de-enero\\\/#respond\"]}]},{\"@type\":\"WebPage\",\"@id\":\"https:\\\/\\\/redmediterranea.com\\\/index.php\\\/2023\\\/01\\\/16\\\/cordoba-tuvo-mas-del-90-de-ocupacion-en-zonas-turisticas-durante-la-primera-quincena-de-enero\\\/\",\"url\":\"https:\\\/\\\/redmediterranea.com\\\/index.php\\\/2023\\\/01\\\/16\\\/cordoba-tuvo-mas-del-90-de-ocupacion-en-zonas-turisticas-durante-la-primera-quincena-de-enero\\\/\",\"name\":\"C\u00f3rdoba tuvo m\u00e1s del 90% de ocupaci\u00f3n en zonas tur\u00edsticas durante la primera quincena de Enero &#8212; Red Mediterr\u00e1nea\",\"isPartOf\":{\"@id\":\"https:\\\/\\\/redmediterranea.com\\\/#website\"},\"primaryImageOfPage\":{\"@id\":\"https:\\\/\\\/redmediterranea.com\\\/index.php\\\/2023\\\/01\\\/16\\\/cordoba-tuvo-mas-del-90-de-ocupacion-en-zonas-turisticas-durante-la-primera-quincena-de-enero\\\/#primaryimage\"},\"image\":{\"@id\":\"https:\\\/\\\/redmediterranea.com\\\/index.php\\\/2023\\\/01\\\/16\\\/cordoba-tuvo-mas-del-90-de-ocupacion-en-zonas-turisticas-durante-la-primera-quincena-de-enero\\\/#primaryimage\"},\"thumbnailUrl\":\"https:\\\/\\\/redmediterranea.com\\\/wp-content\\\/uploads\\\/2023\\\/01\\\/turi.jpg\",\"datePublished\":\"2023-01-16T16:11:25+00:00\",\"dateModified\":\"2023-01-16T16:11:27+00:00\",\"breadcrumb\":{\"@id\":\"https:\\\/\\\/redmediterranea.com\\\/index.php\\\/2023\\\/01\\\/16\\\/cordoba-tuvo-mas-del-90-de-ocupacion-en-zonas-turisticas-durante-la-primera-quincena-de-enero\\\/#breadcrumb\"},\"inLanguage\":\"es\",\"potentialAction\":[{\"@type\":\"ReadAction\",\"target\":[\"https:\\\/\\\/redmediterranea.com\\\/index.php\\\/2023\\\/01\\\/16\\\/cordoba-tuvo-mas-del-90-de-ocupacion-en-zonas-turisticas-durante-la-primera-quincena-de-enero\\\/\"]}]},{\"@type\":\"ImageObject\",\"inLanguage\":\"es\",\"@id\":\"https:\\\/\\\/redmediterranea.com\\\/index.php\\\/2023\\\/01\\\/16\\\/cordoba-tuvo-mas-del-90-de-ocupacion-en-zonas-turisticas-durante-la-primera-quincena-de-enero\\\/#primaryimage\",\"url\":\"https:\\\/\\\/redmediterranea.com\\\/wp-content\\\/uploads\\\/2023\\\/01\\\/turi.jpg\",\"contentUrl\":\"https:\\\/\\\/redmediterranea.com\\\/wp-content\\\/uploads\\\/2023\\\/01\\\/turi.jpg\",\"width\":1004,\"height\":565},{\"@type\":\"BreadcrumbList\",\"@id\":\"https:\\\/\\\/redmediterranea.com\\\/index.php\\\/2023\\\/01\\\/16\\\/cordoba-tuvo-mas-del-90-de-ocupacion-en-zonas-turisticas-durante-la-primera-quincena-de-enero\\\/#breadcrumb\",\"itemListElement\":[{\"@type\":\"ListItem\",\"position\":1,\"name\":\"Portada\",\"item\":\"https:\\\/\\\/redmediterranea.com\\\/\"},{\"@type\":\"ListItem\",\"position\":2,\"name\":\"C\u00f3rdoba tuvo m\u00e1s del 90% de ocupaci\u00f3n en zonas tur\u00edsticas durante la primera quincena de Enero\"}]},{\"@type\":\"WebSite\",\"@id\":\"https:\\\/\\\/redmediterranea.com\\\/#website\",\"url\":\"https:\\\/\\\/redmediterranea.com\\\/\",\"name\":\"Red Mediterr\u00e1nea\",\"description\":\"Noticias de De\u00e1n Funes\",\"publisher\":{\"@id\":\"https:\\\/\\\/redmediterranea.com\\\/#organization\"},\"potentialAction\":[{\"@type\":\"SearchAction\",\"target\":{\"@type\":\"EntryPoint\",\"urlTemplate\":\"https:\\\/\\\/redmediterranea.com\\\/?s={search_term_string}\"},\"query-input\":{\"@type\":\"PropertyValueSpecification\",\"valueRequired\":true,\"valueName\":\"search_term_string\"}}],\"inLanguage\":\"es\"},{\"@type\":\"Organization\",\"@id\":\"https:\\\/\\\/redmediterranea.com\\\/#organization\",\"name\":\"Red Mediterr\u00e1nea\",\"url\":\"https:\\\/\\\/redmediterranea.com\\\/\",\"logo\":{\"@type\":\"ImageObject\",\"inLanguage\":\"es\",\"@id\":\"https:\\\/\\\/redmediterranea.com\\\/#\\\/schema\\\/logo\\\/image\\\/\",\"url\":\"https:\\\/\\\/redmediterranea.com\\\/wp-content\\\/uploads\\\/2021\\\/09\\\/red.png\",\"contentUrl\":\"https:\\\/\\\/redmediterranea.com\\\/wp-content\\\/uploads\\\/2021\\\/09\\\/red.png\",\"width\":400,\"height\":260,\"caption\":\"Red Mediterr\u00e1nea\"},\"image\":{\"@id\":\"https:\\\/\\\/redmediterranea.com\\\/#\\\/schema\\\/logo\\\/image\\\/\"},\"sameAs\":[\"https:\\\/\\\/www.facebook.com\\\/redmediterranea.net\",\"https:\\\/\\\/www.youtube.com\\\/channel\\\/UCvm4ojIMOGKnk5v9TsWnFWQ\"]},{\"@type\":\"Person\",\"@id\":\"https:\\\/\\\/redmediterranea.com\\\/#\\\/schema\\\/person\\\/a59f6085115b75a865fb0338fe81d577\",\"name\":\"Red Mediterr\u00e1nea\",\"image\":{\"@type\":\"ImageObject\",\"inLanguage\":\"es\",\"@id\":\"https:\\\/\\\/redmediterranea.com\\\/wp-content\\\/litespeed\\\/avatar\\\/1a3770c806a5dd31cb05580dd57bedd6.jpg?ver=1777231671\",\"url\":\"https:\\\/\\\/redmediterranea.com\\\/wp-content\\\/litespeed\\\/avatar\\\/1a3770c806a5dd31cb05580dd57bedd6.jpg?ver=1777231671\",\"contentUrl\":\"https:\\\/\\\/redmediterranea.com\\\/wp-content\\\/litespeed\\\/avatar\\\/1a3770c806a5dd31cb05580dd57bedd6.jpg?ver=1777231671\",\"caption\":\"Red Mediterr\u00e1nea\"},\"sameAs\":[\"http:\\\/\\\/redmediterranea.com\"],\"url\":\"https:\\\/\\\/redmediterranea.com\\\/index.php\\\/author\\\/hg-hatecraft\\\/\"}]}<\/script>\n<!-- \/ Yoast SEO plugin. -->","yoast_head_json":{"title":"C\u00f3rdoba tuvo m\u00e1s del 90% de ocupaci\u00f3n en zonas tur\u00edsticas durante la primera quincena de Enero &#8212; Red Mediterr\u00e1nea","robots":{"index":"index","follow":"follow","max-snippet":"max-snippet:-1","max-image-preview":"max-image-preview:large","max-video-preview":"max-video-preview:-1"},"canonical":"https:\/\/redmediterranea.com\/index.php\/2023\/01\/16\/cordoba-tuvo-mas-del-90-de-ocupacion-en-zonas-turisticas-durante-la-primera-quincena-de-enero\/","og_locale":"es_ES","og_type":"article","og_title":"C\u00f3rdoba tuvo m\u00e1s del 90% de ocupaci\u00f3n en zonas tur\u00edsticas durante la primera quincena de Enero &#8212; Red Mediterr\u00e1nea","og_description":"La primera quincena de enero finaliz\u00f3 este fin de semana con promedios de&nbsp;ocupaci\u00f3n superiores al 90% en los diferentes destinos tur\u00edsticos&nbsp;de la provincia, inform\u00f3 la Agencia C\u00f3rdoba Turismo (ACT), con un fin de semana en el que algunos lugares alcanzaron lleno total. Las plazas que estuvieron colmadas fueron principalmente en las que se desarrollan los [&hellip;]","og_url":"https:\/\/redmediterranea.com\/index.php\/2023\/01\/16\/cordoba-tuvo-mas-del-90-de-ocupacion-en-zonas-turisticas-durante-la-primera-quincena-de-enero\/","og_site_name":"Red Mediterr\u00e1nea","article_publisher":"https:\/\/www.facebook.com\/redmediterranea.net","article_published_time":"2023-01-16T16:11:25+00:00","article_modified_time":"2023-01-16T16:11:27+00:00","og_image":[{"width":1004,"height":565,"url":"http:\/\/redmediterranea.com\/wp-content\/uploads\/2023\/01\/turi.jpg","type":"image\/jpeg"}],"author":"Red Mediterr\u00e1nea","twitter_card":"summary_large_image","twitter_misc":{"Escrito por":"Red Mediterr\u00e1nea","Tiempo de lectura":"2 minutos"},"schema":{"@context":"https:\/\/schema.org","@graph":[{"@type":"Article","@id":"https:\/\/redmediterranea.com\/index.php\/2023\/01\/16\/cordoba-tuvo-mas-del-90-de-ocupacion-en-zonas-turisticas-durante-la-primera-quincena-de-enero\/#article","isPartOf":{"@id":"https:\/\/redmediterranea.com\/index.php\/2023\/01\/16\/cordoba-tuvo-mas-del-90-de-ocupacion-en-zonas-turisticas-durante-la-primera-quincena-de-enero\/"},"author":{"name":"Red Mediterr\u00e1nea","@id":"https:\/\/redmediterranea.com\/#\/schema\/person\/a59f6085115b75a865fb0338fe81d577"},"headline":"C\u00f3rdoba tuvo m\u00e1s del 90% de ocupaci\u00f3n en zonas tur\u00edsticas durante la primera quincena de Enero","datePublished":"2023-01-16T16:11:25+00:00","dateModified":"2023-01-16T16:11:27+00:00","mainEntityOfPage":{"@id":"https:\/\/redmediterranea.com\/index.php\/2023\/01\/16\/cordoba-tuvo-mas-del-90-de-ocupacion-en-zonas-turisticas-durante-la-primera-quincena-de-enero\/"},"wordCount":449,"commentCount":0,"publisher":{"@id":"https:\/\/redmediterranea.com\/#organization"},"image":{"@id":"https:\/\/redmediterranea.com\/index.php\/2023\/01\/16\/cordoba-tuvo-mas-del-90-de-ocupacion-en-zonas-turisticas-durante-la-primera-quincena-de-enero\/#primaryimage"},"thumbnailUrl":"https:\/\/redmediterranea.com\/wp-content\/uploads\/2023\/01\/turi.jpg","keywords":["C\u00f3rdoba","Turismo"],"articleSection":["Provinciales","Turismo"],"inLanguage":"es","potentialAction":[{"@type":"CommentAction","name":"Comment","target":["https:\/\/redmediterranea.com\/index.php\/2023\/01\/16\/cordoba-tuvo-mas-del-90-de-ocupacion-en-zonas-turisticas-durante-la-primera-quincena-de-enero\/#respond"]}]},{"@type":"WebPage","@id":"https:\/\/redmediterranea.com\/index.php\/2023\/01\/16\/cordoba-tuvo-mas-del-90-de-ocupacion-en-zonas-turisticas-durante-la-primera-quincena-de-enero\/","url":"https:\/\/redmediterranea.com\/index.php\/2023\/01\/16\/cordoba-tuvo-mas-del-90-de-ocupacion-en-zonas-turisticas-durante-la-primera-quincena-de-enero\/","name":"C\u00f3rdoba tuvo m\u00e1s del 90% de ocupaci\u00f3n en zonas tur\u00edsticas durante la primera quincena de Enero &#8212; Red Mediterr\u00e1nea","isPartOf":{"@id":"https:\/\/redmediterranea.com\/#website"},"primaryImageOfPage":{"@id":"https:\/\/redmediterranea.com\/index.php\/2023\/01\/16\/cordoba-tuvo-mas-del-90-de-ocupacion-en-zonas-turisticas-durante-la-primera-quincena-de-enero\/#primaryimage"},"image":{"@id":"https:\/\/redmediterranea.com\/index.php\/2023\/01\/16\/cordoba-tuvo-mas-del-90-de-ocupacion-en-zonas-turisticas-durante-la-primera-quincena-de-enero\/#primaryimage"},"thumbnailUrl":"https:\/\/redmediterranea.com\/wp-content\/uploads\/2023\/01\/turi.jpg","datePublished":"2023-01-16T16:11:25+00:00","dateModified":"2023-01-16T16:11:27+00:00","breadcrumb":{"@id":"https:\/\/redmediterranea.com\/index.php\/2023\/01\/16\/cordoba-tuvo-mas-del-90-de-ocupacion-en-zonas-turisticas-durante-la-primera-quincena-de-enero\/#breadcrumb"},"inLanguage":"es","potentialAction":[{"@type":"ReadAction","target":["https:\/\/redmediterranea.com\/index.php\/2023\/01\/16\/cordoba-tuvo-mas-del-90-de-ocupacion-en-zonas-turisticas-durante-la-primera-quincena-de-enero\/"]}]},{"@type":"ImageObject","inLanguage":"es","@id":"https:\/\/redmediterranea.com\/index.php\/2023\/01\/16\/cordoba-tuvo-mas-del-90-de-ocupacion-en-zonas-turisticas-durante-la-primera-quincena-de-enero\/#primaryimage","url":"https:\/\/redmediterranea.com\/wp-content\/uploads\/2023\/01\/turi.jpg","contentUrl":"https:\/\/redmediterranea.com\/wp-content\/uploads\/2023\/01\/turi.jpg","width":1004,"height":565},{"@type":"BreadcrumbList","@id":"https:\/\/redmediterranea.com\/index.php\/2023\/01\/16\/cordoba-tuvo-mas-del-90-de-ocupacion-en-zonas-turisticas-durante-la-primera-quincena-de-enero\/#breadcrumb","itemListElement":[{"@type":"ListItem","position":1,"name":"Portada","item":"https:\/\/redmediterranea.com\/"},{"@type":"ListItem","position":2,"name":"C\u00f3rdoba tuvo m\u00e1s del 90% de ocupaci\u00f3n en zonas tur\u00edsticas durante la primera quincena de Enero"}]},{"@type":"WebSite","@id":"https:\/\/redmediterranea.com\/#website","url":"https:\/\/redmediterranea.com\/","name":"Red Mediterr\u00e1nea","description":"Noticias de De\u00e1n Funes","publisher":{"@id":"https:\/\/redmediterranea.com\/#organization"},"potentialAction":[{"@type":"SearchAction","target":{"@type":"EntryPoint","urlTemplate":"https:\/\/redmediterranea.com\/?s={search_term_string}"},"query-input":{"@type":"PropertyValueSpecification","valueRequired":true,"valueName":"search_term_string"}}],"inLanguage":"es"},{"@type":"Organization","@id":"https:\/\/redmediterranea.com\/#organization","name":"Red Mediterr\u00e1nea","url":"https:\/\/redmediterranea.com\/","logo":{"@type":"ImageObject","inLanguage":"es","@id":"https:\/\/redmediterranea.com\/#\/schema\/logo\/image\/","url":"https:\/\/redmediterranea.com\/wp-content\/uploads\/2021\/09\/red.png","contentUrl":"https:\/\/redmediterranea.com\/wp-content\/uploads\/2021\/09\/red.png","width":400,"height":260,"caption":"Red Mediterr\u00e1nea"},"image":{"@id":"https:\/\/redmediterranea.com\/#\/schema\/logo\/image\/"},"sameAs":["https:\/\/www.facebook.com\/redmediterranea.net","https:\/\/www.youtube.com\/channel\/UCvm4ojIMOGKnk5v9TsWnFWQ"]},{"@type":"Person","@id":"https:\/\/redmediterranea.com\/#\/schema\/person\/a59f6085115b75a865fb0338fe81d577","name":"Red Mediterr\u00e1nea","image":{"@type":"ImageObject","inLanguage":"es","@id":"https:\/\/redmediterranea.com\/wp-content\/litespeed\/avatar\/1a3770c806a5dd31cb05580dd57bedd6.jpg?ver=1777231671","url":"https:\/\/redmediterranea.com\/wp-content\/litespeed\/avatar\/1a3770c806a5dd31cb05580dd57bedd6.jpg?ver=1777231671","contentUrl":"https:\/\/redmediterranea.com\/wp-content\/litespeed\/avatar\/1a3770c806a5dd31cb05580dd57bedd6.jpg?ver=1777231671","caption":"Red Mediterr\u00e1nea"},"sameAs":["http:\/\/redmediterranea.com"],"url":"https:\/\/redmediterranea.com\/index.php\/author\/hg-hatecraft\/"}]}},"_links":{"self":[{"href":"https:\/\/redmediterranea.com\/index.php\/wp-json\/wp\/v2\/posts\/5444","targetHints":{"allow":["GET"]}}],"collection":[{"href":"https:\/\/redmediterranea.com\/index.php\/wp-json\/wp\/v2\/posts"}],"about":[{"href":"https:\/\/redmediterranea.com\/index.php\/wp-json\/wp\/v2\/types\/post"}],"author":[{"embeddable":true,"href":"https:\/\/redmediterranea.com\/index.php\/wp-json\/wp\/v2\/users\/1"}],"replies":[{"embeddable":true,"href":"https:\/\/redmediterranea.com\/index.php\/wp-json\/wp\/v2\/comments?post=5444"}],"version-history":[{"count":1,"href":"https:\/\/redmediterranea.com\/index.php\/wp-json\/wp\/v2\/posts\/5444\/revisions"}],"predecessor-version":[{"id":5446,"href":"https:\/\/redmediterranea.com\/index.php\/wp-json\/wp\/v2\/posts\/5444\/revisions\/5446"}],"wp:featuredmedia":[{"embeddable":true,"href":"https:\/\/redmediterranea.com\/index.php\/wp-json\/wp\/v2\/media\/5445"}],"wp:attachment":[{"href":"https:\/\/redmediterranea.com\/index.php\/wp-json\/wp\/v2\/media?parent=5444"}],"wp:term":[{"taxonomy":"category","embeddable":true,"href":"https:\/\/redmediterranea.com\/index.php\/wp-json\/wp\/v2\/categories?post=5444"},{"taxonomy":"post_tag","embeddable":true,"href":"https:\/\/redmediterranea.com\/index.php\/wp-json\/wp\/v2\/tags?post=5444"}],"curies":[{"name":"wp","href":"https:\/\/api.w.org\/{rel}","templated":true}]}}