{"id":3048,"date":"2022-06-22T14:38:57","date_gmt":"2022-06-22T14:38:57","guid":{"rendered":"https:\/\/redmediterranea.com\/?p=3048"},"modified":"2022-06-22T14:38:59","modified_gmt":"2022-06-22T14:38:59","slug":"un-importante-operativo-de-seguridad-se-monto-este-fin-de-semana-en-quilino-villa-quilino-y-zona-rural","status":"publish","type":"post","link":"https:\/\/redmediterranea.com\/index.php\/2022\/06\/22\/un-importante-operativo-de-seguridad-se-monto-este-fin-de-semana-en-quilino-villa-quilino-y-zona-rural\/","title":{"rendered":"Un importante Operativo de Seguridad se mont\u00f3 este fin de semana en Quilino, Villa Quilino y zona Rural"},"content":{"rendered":"\n<p> En un trabajo conjunto de la Direcci\u00f3n de Seguridad Urbana, Defensa Civil, Comisar\u00eda Quilino, Gendarmer\u00eda Nacional, se efectuaron controles en la Fiesta de la Mandarina, en los campos deportivos donde se desarrollaban encuentros de la Liga Ischil\u00edn de f\u00fatbol, en boliches bailables, fiestas sociales, como as\u00ed tambi\u00e9n en accesos y calles de la localidad, en ruta Nacional 60 y zona rural. Este trabajo articulado es parte de los distintos operativos de saturaci\u00f3n que se llevan a cabo peri\u00f3dicamente en la regi\u00f3n. #TrabajamosEnSeguridad #OperativoArticulado #GestionMabelGodoy<\/p>\n","protected":false},"excerpt":{"rendered":"<p>En un trabajo conjunto de la Direcci\u00f3n de Seguridad Urbana, Defensa Civil, Comisar\u00eda Quilino, Gendarmer\u00eda Nacional, se efectuaron controles en la Fiesta de la Mandarina, en los campos deportivos donde se desarrollaban encuentros de la Liga Ischil\u00edn de f\u00fatbol, en boliches bailables, fiestas sociales, como as\u00ed tambi\u00e9n en accesos y calles de la localidad, en [&hellip;]<\/p>\n","protected":false},"author":2,"featured_media":3049,"comment_status":"open","ping_status":"open","sticky":false,"template":"","format":"standard","meta":{"footnotes":""},"categories":[53],"tags":[],"class_list":{"0":"post-3048","1":"post","2":"type-post","3":"status-publish","4":"format-standard","5":"has-post-thumbnail","7":"category-portada"},"yoast_head":"<!-- This site is optimized with the Yoast SEO plugin v27.5 - https:\/\/yoast.com\/product\/yoast-seo-wordpress\/ -->\n<title>Un importante Operativo de Seguridad se mont\u00f3 este fin de semana en Quilino, Villa Quilino y zona Rural &#8212; Red Mediterr\u00e1nea<\/title>\n<meta name=\"robots\" content=\"index, follow, max-snippet:-1, max-image-preview:large, max-video-preview:-1\" \/>\n<link rel=\"canonical\" href=\"https:\/\/redmediterranea.com\/index.php\/2022\/06\/22\/un-importante-operativo-de-seguridad-se-monto-este-fin-de-semana-en-quilino-villa-quilino-y-zona-rural\/\" \/>\n<meta property=\"og:locale\" content=\"es_ES\" \/>\n<meta property=\"og:type\" content=\"article\" \/>\n<meta property=\"og:title\" content=\"Un importante Operativo de Seguridad se mont\u00f3 este fin de semana en Quilino, Villa Quilino y zona Rural &#8212; Red Mediterr\u00e1nea\" \/>\n<meta property=\"og:description\" content=\"En un trabajo conjunto de la Direcci\u00f3n de Seguridad Urbana, Defensa Civil, Comisar\u00eda Quilino, Gendarmer\u00eda Nacional, se efectuaron controles en la Fiesta de la Mandarina, en los campos deportivos donde se desarrollaban encuentros de la Liga Ischil\u00edn de f\u00fatbol, en boliches bailables, fiestas sociales, como as\u00ed tambi\u00e9n en accesos y calles de la localidad, en [&hellip;]\" \/>\n<meta property=\"og:url\" content=\"https:\/\/redmediterranea.com\/index.php\/2022\/06\/22\/un-importante-operativo-de-seguridad-se-monto-este-fin-de-semana-en-quilino-villa-quilino-y-zona-rural\/\" \/>\n<meta property=\"og:site_name\" content=\"Red Mediterr\u00e1nea\" \/>\n<meta property=\"article:publisher\" content=\"https:\/\/www.facebook.com\/redmediterranea.net\" \/>\n<meta property=\"article:published_time\" content=\"2022-06-22T14:38:57+00:00\" \/>\n<meta property=\"article:modified_time\" content=\"2022-06-22T14:38:59+00:00\" \/>\n<meta property=\"og:image\" content=\"http:\/\/redmediterranea.com\/wp-content\/uploads\/2022\/06\/IMG-20220622-WA0022.jpg\" \/>\n\t<meta property=\"og:image:width\" content=\"1280\" \/>\n\t<meta property=\"og:image:height\" content=\"960\" \/>\n\t<meta property=\"og:image:type\" content=\"image\/jpeg\" \/>\n<meta name=\"author\" content=\"Evita Coria\" \/>\n<meta name=\"twitter:card\" content=\"summary_large_image\" \/>\n<meta name=\"twitter:label1\" content=\"Escrito por\" \/>\n\t<meta name=\"twitter:data1\" content=\"Evita Coria\" \/>\n\t<meta name=\"twitter:label2\" content=\"Tiempo de lectura\" \/>\n\t<meta name=\"twitter:data2\" content=\"1 minuto\" \/>\n<script type=\"application\/ld+json\" class=\"yoast-schema-graph\">{\"@context\":\"https:\\\/\\\/schema.org\",\"@graph\":[{\"@type\":\"Article\",\"@id\":\"https:\\\/\\\/redmediterranea.com\\\/index.php\\\/2022\\\/06\\\/22\\\/un-importante-operativo-de-seguridad-se-monto-este-fin-de-semana-en-quilino-villa-quilino-y-zona-rural\\\/#article\",\"isPartOf\":{\"@id\":\"https:\\\/\\\/redmediterranea.com\\\/index.php\\\/2022\\\/06\\\/22\\\/un-importante-operativo-de-seguridad-se-monto-este-fin-de-semana-en-quilino-villa-quilino-y-zona-rural\\\/\"},\"author\":{\"name\":\"Evita Coria\",\"@id\":\"https:\\\/\\\/redmediterranea.com\\\/#\\\/schema\\\/person\\\/871611ef47326551416a2a9a6318c6cb\"},\"headline\":\"Un importante Operativo de Seguridad se mont\u00f3 este fin de semana en Quilino, Villa Quilino y zona Rural\",\"datePublished\":\"2022-06-22T14:38:57+00:00\",\"dateModified\":\"2022-06-22T14:38:59+00:00\",\"mainEntityOfPage\":{\"@id\":\"https:\\\/\\\/redmediterranea.com\\\/index.php\\\/2022\\\/06\\\/22\\\/un-importante-operativo-de-seguridad-se-monto-este-fin-de-semana-en-quilino-villa-quilino-y-zona-rural\\\/\"},\"wordCount\":110,\"commentCount\":0,\"publisher\":{\"@id\":\"https:\\\/\\\/redmediterranea.com\\\/#organization\"},\"image\":{\"@id\":\"https:\\\/\\\/redmediterranea.com\\\/index.php\\\/2022\\\/06\\\/22\\\/un-importante-operativo-de-seguridad-se-monto-este-fin-de-semana-en-quilino-villa-quilino-y-zona-rural\\\/#primaryimage\"},\"thumbnailUrl\":\"https:\\\/\\\/redmediterranea.com\\\/wp-content\\\/uploads\\\/2022\\\/06\\\/IMG-20220622-WA0022.jpg\",\"articleSection\":[\"Portada\"],\"inLanguage\":\"es\",\"potentialAction\":[{\"@type\":\"CommentAction\",\"name\":\"Comment\",\"target\":[\"https:\\\/\\\/redmediterranea.com\\\/index.php\\\/2022\\\/06\\\/22\\\/un-importante-operativo-de-seguridad-se-monto-este-fin-de-semana-en-quilino-villa-quilino-y-zona-rural\\\/#respond\"]}]},{\"@type\":\"WebPage\",\"@id\":\"https:\\\/\\\/redmediterranea.com\\\/index.php\\\/2022\\\/06\\\/22\\\/un-importante-operativo-de-seguridad-se-monto-este-fin-de-semana-en-quilino-villa-quilino-y-zona-rural\\\/\",\"url\":\"https:\\\/\\\/redmediterranea.com\\\/index.php\\\/2022\\\/06\\\/22\\\/un-importante-operativo-de-seguridad-se-monto-este-fin-de-semana-en-quilino-villa-quilino-y-zona-rural\\\/\",\"name\":\"Un importante Operativo de Seguridad se mont\u00f3 este fin de semana en Quilino, Villa Quilino y zona Rural &#8212; Red Mediterr\u00e1nea\",\"isPartOf\":{\"@id\":\"https:\\\/\\\/redmediterranea.com\\\/#website\"},\"primaryImageOfPage\":{\"@id\":\"https:\\\/\\\/redmediterranea.com\\\/index.php\\\/2022\\\/06\\\/22\\\/un-importante-operativo-de-seguridad-se-monto-este-fin-de-semana-en-quilino-villa-quilino-y-zona-rural\\\/#primaryimage\"},\"image\":{\"@id\":\"https:\\\/\\\/redmediterranea.com\\\/index.php\\\/2022\\\/06\\\/22\\\/un-importante-operativo-de-seguridad-se-monto-este-fin-de-semana-en-quilino-villa-quilino-y-zona-rural\\\/#primaryimage\"},\"thumbnailUrl\":\"https:\\\/\\\/redmediterranea.com\\\/wp-content\\\/uploads\\\/2022\\\/06\\\/IMG-20220622-WA0022.jpg\",\"datePublished\":\"2022-06-22T14:38:57+00:00\",\"dateModified\":\"2022-06-22T14:38:59+00:00\",\"breadcrumb\":{\"@id\":\"https:\\\/\\\/redmediterranea.com\\\/index.php\\\/2022\\\/06\\\/22\\\/un-importante-operativo-de-seguridad-se-monto-este-fin-de-semana-en-quilino-villa-quilino-y-zona-rural\\\/#breadcrumb\"},\"inLanguage\":\"es\",\"potentialAction\":[{\"@type\":\"ReadAction\",\"target\":[\"https:\\\/\\\/redmediterranea.com\\\/index.php\\\/2022\\\/06\\\/22\\\/un-importante-operativo-de-seguridad-se-monto-este-fin-de-semana-en-quilino-villa-quilino-y-zona-rural\\\/\"]}]},{\"@type\":\"ImageObject\",\"inLanguage\":\"es\",\"@id\":\"https:\\\/\\\/redmediterranea.com\\\/index.php\\\/2022\\\/06\\\/22\\\/un-importante-operativo-de-seguridad-se-monto-este-fin-de-semana-en-quilino-villa-quilino-y-zona-rural\\\/#primaryimage\",\"url\":\"https:\\\/\\\/redmediterranea.com\\\/wp-content\\\/uploads\\\/2022\\\/06\\\/IMG-20220622-WA0022.jpg\",\"contentUrl\":\"https:\\\/\\\/redmediterranea.com\\\/wp-content\\\/uploads\\\/2022\\\/06\\\/IMG-20220622-WA0022.jpg\",\"width\":1280,\"height\":960},{\"@type\":\"BreadcrumbList\",\"@id\":\"https:\\\/\\\/redmediterranea.com\\\/index.php\\\/2022\\\/06\\\/22\\\/un-importante-operativo-de-seguridad-se-monto-este-fin-de-semana-en-quilino-villa-quilino-y-zona-rural\\\/#breadcrumb\",\"itemListElement\":[{\"@type\":\"ListItem\",\"position\":1,\"name\":\"Portada\",\"item\":\"https:\\\/\\\/redmediterranea.com\\\/\"},{\"@type\":\"ListItem\",\"position\":2,\"name\":\"Un importante Operativo de Seguridad se mont\u00f3 este fin de semana en Quilino, Villa Quilino y zona Rural\"}]},{\"@type\":\"WebSite\",\"@id\":\"https:\\\/\\\/redmediterranea.com\\\/#website\",\"url\":\"https:\\\/\\\/redmediterranea.com\\\/\",\"name\":\"Red Mediterr\u00e1nea\",\"description\":\"Noticias de De\u00e1n Funes\",\"publisher\":{\"@id\":\"https:\\\/\\\/redmediterranea.com\\\/#organization\"},\"potentialAction\":[{\"@type\":\"SearchAction\",\"target\":{\"@type\":\"EntryPoint\",\"urlTemplate\":\"https:\\\/\\\/redmediterranea.com\\\/?s={search_term_string}\"},\"query-input\":{\"@type\":\"PropertyValueSpecification\",\"valueRequired\":true,\"valueName\":\"search_term_string\"}}],\"inLanguage\":\"es\"},{\"@type\":\"Organization\",\"@id\":\"https:\\\/\\\/redmediterranea.com\\\/#organization\",\"name\":\"Red Mediterr\u00e1nea\",\"url\":\"https:\\\/\\\/redmediterranea.com\\\/\",\"logo\":{\"@type\":\"ImageObject\",\"inLanguage\":\"es\",\"@id\":\"https:\\\/\\\/redmediterranea.com\\\/#\\\/schema\\\/logo\\\/image\\\/\",\"url\":\"https:\\\/\\\/redmediterranea.com\\\/wp-content\\\/uploads\\\/2021\\\/09\\\/red.png\",\"contentUrl\":\"https:\\\/\\\/redmediterranea.com\\\/wp-content\\\/uploads\\\/2021\\\/09\\\/red.png\",\"width\":400,\"height\":260,\"caption\":\"Red Mediterr\u00e1nea\"},\"image\":{\"@id\":\"https:\\\/\\\/redmediterranea.com\\\/#\\\/schema\\\/logo\\\/image\\\/\"},\"sameAs\":[\"https:\\\/\\\/www.facebook.com\\\/redmediterranea.net\",\"https:\\\/\\\/www.youtube.com\\\/channel\\\/UCvm4ojIMOGKnk5v9TsWnFWQ\"]},{\"@type\":\"Person\",\"@id\":\"https:\\\/\\\/redmediterranea.com\\\/#\\\/schema\\\/person\\\/871611ef47326551416a2a9a6318c6cb\",\"name\":\"Evita Coria\",\"image\":{\"@type\":\"ImageObject\",\"inLanguage\":\"es\",\"@id\":\"https:\\\/\\\/redmediterranea.com\\\/wp-content\\\/litespeed\\\/avatar\\\/361d825290e5f6638544636f5cb7a496.jpg?ver=1777236600\",\"url\":\"https:\\\/\\\/redmediterranea.com\\\/wp-content\\\/litespeed\\\/avatar\\\/361d825290e5f6638544636f5cb7a496.jpg?ver=1777236600\",\"contentUrl\":\"https:\\\/\\\/redmediterranea.com\\\/wp-content\\\/litespeed\\\/avatar\\\/361d825290e5f6638544636f5cb7a496.jpg?ver=1777236600\",\"caption\":\"Evita Coria\"},\"sameAs\":[\"https:\\\/\\\/redmediterranea.com\\\/\"],\"url\":\"https:\\\/\\\/redmediterranea.com\\\/index.php\\\/author\\\/evita\\\/\"}]}<\/script>\n<!-- \/ Yoast SEO plugin. -->","yoast_head_json":{"title":"Un importante Operativo de Seguridad se mont\u00f3 este fin de semana en Quilino, Villa Quilino y zona Rural &#8212; Red Mediterr\u00e1nea","robots":{"index":"index","follow":"follow","max-snippet":"max-snippet:-1","max-image-preview":"max-image-preview:large","max-video-preview":"max-video-preview:-1"},"canonical":"https:\/\/redmediterranea.com\/index.php\/2022\/06\/22\/un-importante-operativo-de-seguridad-se-monto-este-fin-de-semana-en-quilino-villa-quilino-y-zona-rural\/","og_locale":"es_ES","og_type":"article","og_title":"Un importante Operativo de Seguridad se mont\u00f3 este fin de semana en Quilino, Villa Quilino y zona Rural &#8212; Red Mediterr\u00e1nea","og_description":"En un trabajo conjunto de la Direcci\u00f3n de Seguridad Urbana, Defensa Civil, Comisar\u00eda Quilino, Gendarmer\u00eda Nacional, se efectuaron controles en la Fiesta de la Mandarina, en los campos deportivos donde se desarrollaban encuentros de la Liga Ischil\u00edn de f\u00fatbol, en boliches bailables, fiestas sociales, como as\u00ed tambi\u00e9n en accesos y calles de la localidad, en [&hellip;]","og_url":"https:\/\/redmediterranea.com\/index.php\/2022\/06\/22\/un-importante-operativo-de-seguridad-se-monto-este-fin-de-semana-en-quilino-villa-quilino-y-zona-rural\/","og_site_name":"Red Mediterr\u00e1nea","article_publisher":"https:\/\/www.facebook.com\/redmediterranea.net","article_published_time":"2022-06-22T14:38:57+00:00","article_modified_time":"2022-06-22T14:38:59+00:00","og_image":[{"width":1280,"height":960,"url":"http:\/\/redmediterranea.com\/wp-content\/uploads\/2022\/06\/IMG-20220622-WA0022.jpg","type":"image\/jpeg"}],"author":"Evita Coria","twitter_card":"summary_large_image","twitter_misc":{"Escrito por":"Evita Coria","Tiempo de lectura":"1 minuto"},"schema":{"@context":"https:\/\/schema.org","@graph":[{"@type":"Article","@id":"https:\/\/redmediterranea.com\/index.php\/2022\/06\/22\/un-importante-operativo-de-seguridad-se-monto-este-fin-de-semana-en-quilino-villa-quilino-y-zona-rural\/#article","isPartOf":{"@id":"https:\/\/redmediterranea.com\/index.php\/2022\/06\/22\/un-importante-operativo-de-seguridad-se-monto-este-fin-de-semana-en-quilino-villa-quilino-y-zona-rural\/"},"author":{"name":"Evita Coria","@id":"https:\/\/redmediterranea.com\/#\/schema\/person\/871611ef47326551416a2a9a6318c6cb"},"headline":"Un importante Operativo de Seguridad se mont\u00f3 este fin de semana en Quilino, Villa Quilino y zona Rural","datePublished":"2022-06-22T14:38:57+00:00","dateModified":"2022-06-22T14:38:59+00:00","mainEntityOfPage":{"@id":"https:\/\/redmediterranea.com\/index.php\/2022\/06\/22\/un-importante-operativo-de-seguridad-se-monto-este-fin-de-semana-en-quilino-villa-quilino-y-zona-rural\/"},"wordCount":110,"commentCount":0,"publisher":{"@id":"https:\/\/redmediterranea.com\/#organization"},"image":{"@id":"https:\/\/redmediterranea.com\/index.php\/2022\/06\/22\/un-importante-operativo-de-seguridad-se-monto-este-fin-de-semana-en-quilino-villa-quilino-y-zona-rural\/#primaryimage"},"thumbnailUrl":"https:\/\/redmediterranea.com\/wp-content\/uploads\/2022\/06\/IMG-20220622-WA0022.jpg","articleSection":["Portada"],"inLanguage":"es","potentialAction":[{"@type":"CommentAction","name":"Comment","target":["https:\/\/redmediterranea.com\/index.php\/2022\/06\/22\/un-importante-operativo-de-seguridad-se-monto-este-fin-de-semana-en-quilino-villa-quilino-y-zona-rural\/#respond"]}]},{"@type":"WebPage","@id":"https:\/\/redmediterranea.com\/index.php\/2022\/06\/22\/un-importante-operativo-de-seguridad-se-monto-este-fin-de-semana-en-quilino-villa-quilino-y-zona-rural\/","url":"https:\/\/redmediterranea.com\/index.php\/2022\/06\/22\/un-importante-operativo-de-seguridad-se-monto-este-fin-de-semana-en-quilino-villa-quilino-y-zona-rural\/","name":"Un importante Operativo de Seguridad se mont\u00f3 este fin de semana en Quilino, Villa Quilino y zona Rural &#8212; Red Mediterr\u00e1nea","isPartOf":{"@id":"https:\/\/redmediterranea.com\/#website"},"primaryImageOfPage":{"@id":"https:\/\/redmediterranea.com\/index.php\/2022\/06\/22\/un-importante-operativo-de-seguridad-se-monto-este-fin-de-semana-en-quilino-villa-quilino-y-zona-rural\/#primaryimage"},"image":{"@id":"https:\/\/redmediterranea.com\/index.php\/2022\/06\/22\/un-importante-operativo-de-seguridad-se-monto-este-fin-de-semana-en-quilino-villa-quilino-y-zona-rural\/#primaryimage"},"thumbnailUrl":"https:\/\/redmediterranea.com\/wp-content\/uploads\/2022\/06\/IMG-20220622-WA0022.jpg","datePublished":"2022-06-22T14:38:57+00:00","dateModified":"2022-06-22T14:38:59+00:00","breadcrumb":{"@id":"https:\/\/redmediterranea.com\/index.php\/2022\/06\/22\/un-importante-operativo-de-seguridad-se-monto-este-fin-de-semana-en-quilino-villa-quilino-y-zona-rural\/#breadcrumb"},"inLanguage":"es","potentialAction":[{"@type":"ReadAction","target":["https:\/\/redmediterranea.com\/index.php\/2022\/06\/22\/un-importante-operativo-de-seguridad-se-monto-este-fin-de-semana-en-quilino-villa-quilino-y-zona-rural\/"]}]},{"@type":"ImageObject","inLanguage":"es","@id":"https:\/\/redmediterranea.com\/index.php\/2022\/06\/22\/un-importante-operativo-de-seguridad-se-monto-este-fin-de-semana-en-quilino-villa-quilino-y-zona-rural\/#primaryimage","url":"https:\/\/redmediterranea.com\/wp-content\/uploads\/2022\/06\/IMG-20220622-WA0022.jpg","contentUrl":"https:\/\/redmediterranea.com\/wp-content\/uploads\/2022\/06\/IMG-20220622-WA0022.jpg","width":1280,"height":960},{"@type":"BreadcrumbList","@id":"https:\/\/redmediterranea.com\/index.php\/2022\/06\/22\/un-importante-operativo-de-seguridad-se-monto-este-fin-de-semana-en-quilino-villa-quilino-y-zona-rural\/#breadcrumb","itemListElement":[{"@type":"ListItem","position":1,"name":"Portada","item":"https:\/\/redmediterranea.com\/"},{"@type":"ListItem","position":2,"name":"Un importante Operativo de Seguridad se mont\u00f3 este fin de semana en Quilino, Villa Quilino y zona Rural"}]},{"@type":"WebSite","@id":"https:\/\/redmediterranea.com\/#website","url":"https:\/\/redmediterranea.com\/","name":"Red Mediterr\u00e1nea","description":"Noticias de De\u00e1n Funes","publisher":{"@id":"https:\/\/redmediterranea.com\/#organization"},"potentialAction":[{"@type":"SearchAction","target":{"@type":"EntryPoint","urlTemplate":"https:\/\/redmediterranea.com\/?s={search_term_string}"},"query-input":{"@type":"PropertyValueSpecification","valueRequired":true,"valueName":"search_term_string"}}],"inLanguage":"es"},{"@type":"Organization","@id":"https:\/\/redmediterranea.com\/#organization","name":"Red Mediterr\u00e1nea","url":"https:\/\/redmediterranea.com\/","logo":{"@type":"ImageObject","inLanguage":"es","@id":"https:\/\/redmediterranea.com\/#\/schema\/logo\/image\/","url":"https:\/\/redmediterranea.com\/wp-content\/uploads\/2021\/09\/red.png","contentUrl":"https:\/\/redmediterranea.com\/wp-content\/uploads\/2021\/09\/red.png","width":400,"height":260,"caption":"Red Mediterr\u00e1nea"},"image":{"@id":"https:\/\/redmediterranea.com\/#\/schema\/logo\/image\/"},"sameAs":["https:\/\/www.facebook.com\/redmediterranea.net","https:\/\/www.youtube.com\/channel\/UCvm4ojIMOGKnk5v9TsWnFWQ"]},{"@type":"Person","@id":"https:\/\/redmediterranea.com\/#\/schema\/person\/871611ef47326551416a2a9a6318c6cb","name":"Evita Coria","image":{"@type":"ImageObject","inLanguage":"es","@id":"https:\/\/redmediterranea.com\/wp-content\/litespeed\/avatar\/361d825290e5f6638544636f5cb7a496.jpg?ver=1777236600","url":"https:\/\/redmediterranea.com\/wp-content\/litespeed\/avatar\/361d825290e5f6638544636f5cb7a496.jpg?ver=1777236600","contentUrl":"https:\/\/redmediterranea.com\/wp-content\/litespeed\/avatar\/361d825290e5f6638544636f5cb7a496.jpg?ver=1777236600","caption":"Evita Coria"},"sameAs":["https:\/\/redmediterranea.com\/"],"url":"https:\/\/redmediterranea.com\/index.php\/author\/evita\/"}]}},"_links":{"self":[{"href":"https:\/\/redmediterranea.com\/index.php\/wp-json\/wp\/v2\/posts\/3048","targetHints":{"allow":["GET"]}}],"collection":[{"href":"https:\/\/redmediterranea.com\/index.php\/wp-json\/wp\/v2\/posts"}],"about":[{"href":"https:\/\/redmediterranea.com\/index.php\/wp-json\/wp\/v2\/types\/post"}],"author":[{"embeddable":true,"href":"https:\/\/redmediterranea.com\/index.php\/wp-json\/wp\/v2\/users\/2"}],"replies":[{"embeddable":true,"href":"https:\/\/redmediterranea.com\/index.php\/wp-json\/wp\/v2\/comments?post=3048"}],"version-history":[{"count":1,"href":"https:\/\/redmediterranea.com\/index.php\/wp-json\/wp\/v2\/posts\/3048\/revisions"}],"predecessor-version":[{"id":3050,"href":"https:\/\/redmediterranea.com\/index.php\/wp-json\/wp\/v2\/posts\/3048\/revisions\/3050"}],"wp:featuredmedia":[{"embeddable":true,"href":"https:\/\/redmediterranea.com\/index.php\/wp-json\/wp\/v2\/media\/3049"}],"wp:attachment":[{"href":"https:\/\/redmediterranea.com\/index.php\/wp-json\/wp\/v2\/media?parent=3048"}],"wp:term":[{"taxonomy":"category","embeddable":true,"href":"https:\/\/redmediterranea.com\/index.php\/wp-json\/wp\/v2\/categories?post=3048"},{"taxonomy":"post_tag","embeddable":true,"href":"https:\/\/redmediterranea.com\/index.php\/wp-json\/wp\/v2\/tags?post=3048"}],"curies":[{"name":"wp","href":"https:\/\/api.w.org\/{rel}","templated":true}]}}