{"id":18263,"date":"2026-09-03T23:49:10","date_gmt":"2026-09-03T23:49:10","guid":{"rendered":"https:\/\/redmediterranea.com\/?p=18263"},"modified":"2026-09-03T23:49:12","modified_gmt":"2026-09-03T23:49:12","slug":"la-municipalidad-de-villa-tulumba-suscribio-un-convenio-con-el-sindicato-de-empleados-publicos","status":"publish","type":"post","link":"https:\/\/redmediterranea.com\/index.php\/2026\/09\/03\/la-municipalidad-de-villa-tulumba-suscribio-un-convenio-con-el-sindicato-de-empleados-publicos\/","title":{"rendered":"La Municipalidad de Villa Tulumba suscribi\u00f3 un convenio con el Sindicato de Empleados P\u00fablicos"},"content":{"rendered":"\n<p class=\"wp-block-paragraph\">La Municipalidad de Villa Tulumba suscribi\u00f3 un convenio con el Sindicato de Empleados P\u00fablicos (SEP), mediante el cual los empleados p\u00fablicos adheridos de distintos puntos de la provincia de C\u00f3rdoba podr\u00e1n acceder a un 30% de descuento en su estad\u00eda en la Hoster\u00eda Municipal.<\/p>\n\n\n\n<p class=\"wp-block-paragraph\">Asimismo, el SEP gestion\u00f3 y concret\u00f3 nuevos convenios con comercios y prestadores de servicios de nuestra localidad, ampliando la propuesta de beneficios y promociones para sus afiliados.<\/p>\n\n\n\n<p class=\"wp-block-paragraph\"><img loading=\"lazy\" decoding=\"async\" height=\"16\" width=\"16\" alt=\"\ud83e\udd1d\" src=\"https:\/\/static.xx.fbcdn.net\/images\/emoji.php\/v9\/t64\/1\/16\/1f91d.png\"> Esta iniciativa representa una importante oportunidad para promover el turismo, fortalecer el comercio local y generar beneficios concretos para los trabajadores p\u00fablicos que visiten Villa Tulumba.<\/p>\n\n\n\n<p class=\"wp-block-paragraph\"><img loading=\"lazy\" decoding=\"async\" height=\"16\" width=\"16\" alt=\"\ud83d\udccd\" src=\"https:\/\/static.xx.fbcdn.net\/images\/emoji.php\/v9\/t2d\/1\/16\/1f4cd.png\"> Villa Tulumba, destino de descanso y encuentro.<\/p>\n","protected":false},"excerpt":{"rendered":"<p>La Municipalidad de Villa Tulumba suscribi\u00f3 un convenio con el Sindicato de Empleados P\u00fablicos (SEP), mediante el cual los empleados p\u00fablicos adheridos de distintos puntos de la provincia de C\u00f3rdoba podr\u00e1n acceder a un 30% de descuento en su estad\u00eda en la Hoster\u00eda Municipal. Asimismo, el SEP gestion\u00f3 y concret\u00f3 nuevos convenios con comercios y [&hellip;]<\/p>\n","protected":false},"author":1,"featured_media":18264,"comment_status":"open","ping_status":"open","sticky":false,"template":"","format":"standard","meta":{"footnotes":""},"categories":[3,2272],"tags":[176,4584,4585,3225,621],"class_list":["post-18263","post","type-post","status-publish","format-standard","has-post-thumbnail","category-locales","category-tulumba","tag-convenio","tag-empleados-publicos","tag-sep","tag-sindicato","tag-villa-tulumba"],"yoast_head":"<!-- This site is optimized with the Yoast SEO plugin v28.3 - https:\/\/yoast.com\/product\/yoast-seo-wordpress\/ -->\n<title>La Municipalidad de Villa Tulumba suscribi\u00f3 un convenio con el Sindicato de Empleados P\u00fablicos &#8212; Red Mediterr\u00e1nea<\/title>\n<meta name=\"robots\" content=\"index, follow, max-snippet:-1, max-image-preview:large, max-video-preview:-1\" \/>\n<link rel=\"canonical\" href=\"https:\/\/redmediterranea.com\/index.php\/2026\/09\/03\/la-municipalidad-de-villa-tulumba-suscribio-un-convenio-con-el-sindicato-de-empleados-publicos\/\" \/>\n<meta property=\"og:locale\" content=\"es_ES\" \/>\n<meta property=\"og:type\" content=\"article\" \/>\n<meta property=\"og:title\" content=\"La Municipalidad de Villa Tulumba suscribi\u00f3 un convenio con el Sindicato de Empleados P\u00fablicos &#8212; Red Mediterr\u00e1nea\" \/>\n<meta property=\"og:description\" content=\"La Municipalidad de Villa Tulumba suscribi\u00f3 un convenio con el Sindicato de Empleados P\u00fablicos (SEP), mediante el cual los empleados p\u00fablicos adheridos de distintos puntos de la provincia de C\u00f3rdoba podr\u00e1n acceder a un 30% de descuento en su estad\u00eda en la Hoster\u00eda Municipal. Asimismo, el SEP gestion\u00f3 y concret\u00f3 nuevos convenios con comercios y [&hellip;]\" \/>\n<meta property=\"og:url\" content=\"https:\/\/redmediterranea.com\/index.php\/2026\/09\/03\/la-municipalidad-de-villa-tulumba-suscribio-un-convenio-con-el-sindicato-de-empleados-publicos\/\" \/>\n<meta property=\"og:site_name\" content=\"Red Mediterr\u00e1nea\" \/>\n<meta property=\"article:publisher\" content=\"https:\/\/www.facebook.com\/redmediterranea.net\" \/>\n<meta property=\"article:published_time\" content=\"2026-09-03T23:49:10+00:00\" \/>\n<meta property=\"article:modified_time\" content=\"2026-09-03T23:49:12+00:00\" \/>\n<meta property=\"og:image\" content=\"https:\/\/redmediterranea.com\/wp-content\/uploads\/2026\/09\/792764499_1403241055329910_3361390646801479821_n.jpg\" \/>\n\t<meta property=\"og:image:width\" content=\"1600\" \/>\n\t<meta property=\"og:image:height\" content=\"1200\" \/>\n\t<meta property=\"og:image:type\" content=\"image\/jpeg\" \/>\n<meta name=\"author\" content=\"Red Mediterr\u00e1nea\" \/>\n<meta name=\"twitter:card\" content=\"summary_large_image\" \/>\n<meta name=\"twitter:label1\" content=\"Escrito por\" \/>\n\t<meta name=\"twitter:data1\" content=\"Red Mediterr\u00e1nea\" \/>\n\t<meta name=\"twitter:label2\" content=\"Tiempo de lectura\" \/>\n\t<meta name=\"twitter:data2\" content=\"1 minuto\" \/>\n<script type=\"application\/ld+json\" class=\"yoast-schema-graph\">{\"@context\":\"https:\\\/\\\/schema.org\",\"@graph\":[{\"@type\":\"Article\",\"@id\":\"https:\\\/\\\/redmediterranea.com\\\/index.php\\\/2026\\\/09\\\/03\\\/la-municipalidad-de-villa-tulumba-suscribio-un-convenio-con-el-sindicato-de-empleados-publicos\\\/#article\",\"isPartOf\":{\"@id\":\"https:\\\/\\\/redmediterranea.com\\\/index.php\\\/2026\\\/09\\\/03\\\/la-municipalidad-de-villa-tulumba-suscribio-un-convenio-con-el-sindicato-de-empleados-publicos\\\/\"},\"author\":{\"name\":\"Red Mediterr\u00e1nea\",\"@id\":\"https:\\\/\\\/redmediterranea.com\\\/#\\\/schema\\\/person\\\/a59f6085115b75a865fb0338fe81d577\"},\"headline\":\"La Municipalidad de Villa Tulumba suscribi\u00f3 un convenio con el Sindicato de Empleados P\u00fablicos\",\"datePublished\":\"2026-09-03T23:49:10+00:00\",\"dateModified\":\"2026-09-03T23:49:12+00:00\",\"mainEntityOfPage\":{\"@id\":\"https:\\\/\\\/redmediterranea.com\\\/index.php\\\/2026\\\/09\\\/03\\\/la-municipalidad-de-villa-tulumba-suscribio-un-convenio-con-el-sindicato-de-empleados-publicos\\\/\"},\"wordCount\":125,\"commentCount\":0,\"publisher\":{\"@id\":\"https:\\\/\\\/redmediterranea.com\\\/#organization\"},\"image\":{\"@id\":\"https:\\\/\\\/redmediterranea.com\\\/index.php\\\/2026\\\/09\\\/03\\\/la-municipalidad-de-villa-tulumba-suscribio-un-convenio-con-el-sindicato-de-empleados-publicos\\\/#primaryimage\"},\"thumbnailUrl\":\"https:\\\/\\\/redmediterranea.com\\\/wp-content\\\/uploads\\\/2026\\\/09\\\/792764499_1403241055329910_3361390646801479821_n.jpg\",\"keywords\":[\"Convenio\",\"Empleados P\u00fablicos\",\"SEP\",\"Sindicato\",\"Villa Tulumba\"],\"articleSection\":[\"Locales\",\"Tulumba\"],\"inLanguage\":\"es\",\"potentialAction\":[{\"@type\":\"CommentAction\",\"name\":\"Comment\",\"target\":[\"https:\\\/\\\/redmediterranea.com\\\/index.php\\\/2026\\\/09\\\/03\\\/la-municipalidad-de-villa-tulumba-suscribio-un-convenio-con-el-sindicato-de-empleados-publicos\\\/#respond\"]}]},{\"@type\":\"WebPage\",\"@id\":\"https:\\\/\\\/redmediterranea.com\\\/index.php\\\/2026\\\/09\\\/03\\\/la-municipalidad-de-villa-tulumba-suscribio-un-convenio-con-el-sindicato-de-empleados-publicos\\\/\",\"url\":\"https:\\\/\\\/redmediterranea.com\\\/index.php\\\/2026\\\/09\\\/03\\\/la-municipalidad-de-villa-tulumba-suscribio-un-convenio-con-el-sindicato-de-empleados-publicos\\\/\",\"name\":\"La Municipalidad de Villa Tulumba suscribi\u00f3 un convenio con el Sindicato de Empleados P\u00fablicos &#8212; Red Mediterr\u00e1nea\",\"isPartOf\":{\"@id\":\"https:\\\/\\\/redmediterranea.com\\\/#website\"},\"primaryImageOfPage\":{\"@id\":\"https:\\\/\\\/redmediterranea.com\\\/index.php\\\/2026\\\/09\\\/03\\\/la-municipalidad-de-villa-tulumba-suscribio-un-convenio-con-el-sindicato-de-empleados-publicos\\\/#primaryimage\"},\"image\":{\"@id\":\"https:\\\/\\\/redmediterranea.com\\\/index.php\\\/2026\\\/09\\\/03\\\/la-municipalidad-de-villa-tulumba-suscribio-un-convenio-con-el-sindicato-de-empleados-publicos\\\/#primaryimage\"},\"thumbnailUrl\":\"https:\\\/\\\/redmediterranea.com\\\/wp-content\\\/uploads\\\/2026\\\/09\\\/792764499_1403241055329910_3361390646801479821_n.jpg\",\"datePublished\":\"2026-09-03T23:49:10+00:00\",\"dateModified\":\"2026-09-03T23:49:12+00:00\",\"breadcrumb\":{\"@id\":\"https:\\\/\\\/redmediterranea.com\\\/index.php\\\/2026\\\/09\\\/03\\\/la-municipalidad-de-villa-tulumba-suscribio-un-convenio-con-el-sindicato-de-empleados-publicos\\\/#breadcrumb\"},\"inLanguage\":\"es\",\"potentialAction\":[{\"@type\":\"ReadAction\",\"target\":[\"https:\\\/\\\/redmediterranea.com\\\/index.php\\\/2026\\\/09\\\/03\\\/la-municipalidad-de-villa-tulumba-suscribio-un-convenio-con-el-sindicato-de-empleados-publicos\\\/\"]}]},{\"@type\":\"ImageObject\",\"inLanguage\":\"es\",\"@id\":\"https:\\\/\\\/redmediterranea.com\\\/index.php\\\/2026\\\/09\\\/03\\\/la-municipalidad-de-villa-tulumba-suscribio-un-convenio-con-el-sindicato-de-empleados-publicos\\\/#primaryimage\",\"url\":\"https:\\\/\\\/redmediterranea.com\\\/wp-content\\\/uploads\\\/2026\\\/09\\\/792764499_1403241055329910_3361390646801479821_n.jpg\",\"contentUrl\":\"https:\\\/\\\/redmediterranea.com\\\/wp-content\\\/uploads\\\/2026\\\/09\\\/792764499_1403241055329910_3361390646801479821_n.jpg\",\"width\":1600,\"height\":1200},{\"@type\":\"BreadcrumbList\",\"@id\":\"https:\\\/\\\/redmediterranea.com\\\/index.php\\\/2026\\\/09\\\/03\\\/la-municipalidad-de-villa-tulumba-suscribio-un-convenio-con-el-sindicato-de-empleados-publicos\\\/#breadcrumb\",\"itemListElement\":[{\"@type\":\"ListItem\",\"position\":1,\"name\":\"Portada\",\"item\":\"https:\\\/\\\/redmediterranea.com\\\/\"},{\"@type\":\"ListItem\",\"position\":2,\"name\":\"La Municipalidad de Villa Tulumba suscribi\u00f3 un convenio con el Sindicato de Empleados P\u00fablicos\"}]},{\"@type\":\"WebSite\",\"@id\":\"https:\\\/\\\/redmediterranea.com\\\/#website\",\"url\":\"https:\\\/\\\/redmediterranea.com\\\/\",\"name\":\"Red Mediterr\u00e1nea\",\"description\":\"Noticias de De\u00e1n Funes\",\"publisher\":{\"@id\":\"https:\\\/\\\/redmediterranea.com\\\/#organization\"},\"potentialAction\":[{\"@type\":\"SearchAction\",\"target\":{\"@type\":\"EntryPoint\",\"urlTemplate\":\"https:\\\/\\\/redmediterranea.com\\\/?s={search_term_string}\"},\"query-input\":{\"@type\":\"PropertyValueSpecification\",\"valueRequired\":true,\"valueName\":\"search_term_string\"}}],\"inLanguage\":\"es\"},{\"@type\":\"Organization\",\"@id\":\"https:\\\/\\\/redmediterranea.com\\\/#organization\",\"name\":\"Red Mediterr\u00e1nea\",\"url\":\"https:\\\/\\\/redmediterranea.com\\\/\",\"logo\":{\"@type\":\"ImageObject\",\"inLanguage\":\"es\",\"@id\":\"https:\\\/\\\/redmediterranea.com\\\/#\\\/schema\\\/logo\\\/image\\\/\",\"url\":\"https:\\\/\\\/redmediterranea.com\\\/wp-content\\\/uploads\\\/2021\\\/09\\\/red.png\",\"contentUrl\":\"https:\\\/\\\/redmediterranea.com\\\/wp-content\\\/uploads\\\/2021\\\/09\\\/red.png\",\"width\":400,\"height\":260,\"caption\":\"Red Mediterr\u00e1nea\"},\"image\":{\"@id\":\"https:\\\/\\\/redmediterranea.com\\\/#\\\/schema\\\/logo\\\/image\\\/\"},\"sameAs\":[\"https:\\\/\\\/www.facebook.com\\\/redmediterranea.net\",\"https:\\\/\\\/www.youtube.com\\\/channel\\\/UCvm4ojIMOGKnk5v9TsWnFWQ\"]},{\"@type\":\"Person\",\"@id\":\"https:\\\/\\\/redmediterranea.com\\\/#\\\/schema\\\/person\\\/a59f6085115b75a865fb0338fe81d577\",\"name\":\"Red Mediterr\u00e1nea\",\"image\":{\"@type\":\"ImageObject\",\"inLanguage\":\"es\",\"@id\":\"https:\\\/\\\/redmediterranea.com\\\/wp-content\\\/litespeed\\\/avatar\\\/1a3770c806a5dd31cb05580dd57bedd6.jpg?ver=1788119337\",\"url\":\"https:\\\/\\\/redmediterranea.com\\\/wp-content\\\/litespeed\\\/avatar\\\/1a3770c806a5dd31cb05580dd57bedd6.jpg?ver=1788119337\",\"contentUrl\":\"https:\\\/\\\/redmediterranea.com\\\/wp-content\\\/litespeed\\\/avatar\\\/1a3770c806a5dd31cb05580dd57bedd6.jpg?ver=1788119337\",\"caption\":\"Red Mediterr\u00e1nea\"},\"sameAs\":[\"http:\\\/\\\/redmediterranea.com\"],\"url\":\"https:\\\/\\\/redmediterranea.com\\\/index.php\\\/author\\\/hg-hatecraft\\\/\"}]}<\/script>\n<!-- \/ Yoast SEO plugin. -->","yoast_head_json":{"title":"La Municipalidad de Villa Tulumba suscribi\u00f3 un convenio con el Sindicato de Empleados P\u00fablicos &#8212; Red Mediterr\u00e1nea","robots":{"index":"index","follow":"follow","max-snippet":"max-snippet:-1","max-image-preview":"max-image-preview:large","max-video-preview":"max-video-preview:-1"},"canonical":"https:\/\/redmediterranea.com\/index.php\/2026\/09\/03\/la-municipalidad-de-villa-tulumba-suscribio-un-convenio-con-el-sindicato-de-empleados-publicos\/","og_locale":"es_ES","og_type":"article","og_title":"La Municipalidad de Villa Tulumba suscribi\u00f3 un convenio con el Sindicato de Empleados P\u00fablicos &#8212; Red Mediterr\u00e1nea","og_description":"La Municipalidad de Villa Tulumba suscribi\u00f3 un convenio con el Sindicato de Empleados P\u00fablicos (SEP), mediante el cual los empleados p\u00fablicos adheridos de distintos puntos de la provincia de C\u00f3rdoba podr\u00e1n acceder a un 30% de descuento en su estad\u00eda en la Hoster\u00eda Municipal. Asimismo, el SEP gestion\u00f3 y concret\u00f3 nuevos convenios con comercios y [&hellip;]","og_url":"https:\/\/redmediterranea.com\/index.php\/2026\/09\/03\/la-municipalidad-de-villa-tulumba-suscribio-un-convenio-con-el-sindicato-de-empleados-publicos\/","og_site_name":"Red Mediterr\u00e1nea","article_publisher":"https:\/\/www.facebook.com\/redmediterranea.net","article_published_time":"2026-09-03T23:49:10+00:00","article_modified_time":"2026-09-03T23:49:12+00:00","og_image":[{"width":1600,"height":1200,"url":"https:\/\/redmediterranea.com\/wp-content\/uploads\/2026\/09\/792764499_1403241055329910_3361390646801479821_n.jpg","type":"image\/jpeg"}],"author":"Red Mediterr\u00e1nea","twitter_card":"summary_large_image","twitter_misc":{"Escrito por":"Red Mediterr\u00e1nea","Tiempo de lectura":"1 minuto"},"schema":{"@context":"https:\/\/schema.org","@graph":[{"@type":"Article","@id":"https:\/\/redmediterranea.com\/index.php\/2026\/09\/03\/la-municipalidad-de-villa-tulumba-suscribio-un-convenio-con-el-sindicato-de-empleados-publicos\/#article","isPartOf":{"@id":"https:\/\/redmediterranea.com\/index.php\/2026\/09\/03\/la-municipalidad-de-villa-tulumba-suscribio-un-convenio-con-el-sindicato-de-empleados-publicos\/"},"author":{"name":"Red Mediterr\u00e1nea","@id":"https:\/\/redmediterranea.com\/#\/schema\/person\/a59f6085115b75a865fb0338fe81d577"},"headline":"La Municipalidad de Villa Tulumba suscribi\u00f3 un convenio con el Sindicato de Empleados P\u00fablicos","datePublished":"2026-09-03T23:49:10+00:00","dateModified":"2026-09-03T23:49:12+00:00","mainEntityOfPage":{"@id":"https:\/\/redmediterranea.com\/index.php\/2026\/09\/03\/la-municipalidad-de-villa-tulumba-suscribio-un-convenio-con-el-sindicato-de-empleados-publicos\/"},"wordCount":125,"commentCount":0,"publisher":{"@id":"https:\/\/redmediterranea.com\/#organization"},"image":{"@id":"https:\/\/redmediterranea.com\/index.php\/2026\/09\/03\/la-municipalidad-de-villa-tulumba-suscribio-un-convenio-con-el-sindicato-de-empleados-publicos\/#primaryimage"},"thumbnailUrl":"https:\/\/redmediterranea.com\/wp-content\/uploads\/2026\/09\/792764499_1403241055329910_3361390646801479821_n.jpg","keywords":["Convenio","Empleados P\u00fablicos","SEP","Sindicato","Villa Tulumba"],"articleSection":["Locales","Tulumba"],"inLanguage":"es","potentialAction":[{"@type":"CommentAction","name":"Comment","target":["https:\/\/redmediterranea.com\/index.php\/2026\/09\/03\/la-municipalidad-de-villa-tulumba-suscribio-un-convenio-con-el-sindicato-de-empleados-publicos\/#respond"]}]},{"@type":"WebPage","@id":"https:\/\/redmediterranea.com\/index.php\/2026\/09\/03\/la-municipalidad-de-villa-tulumba-suscribio-un-convenio-con-el-sindicato-de-empleados-publicos\/","url":"https:\/\/redmediterranea.com\/index.php\/2026\/09\/03\/la-municipalidad-de-villa-tulumba-suscribio-un-convenio-con-el-sindicato-de-empleados-publicos\/","name":"La Municipalidad de Villa Tulumba suscribi\u00f3 un convenio con el Sindicato de Empleados P\u00fablicos &#8212; Red Mediterr\u00e1nea","isPartOf":{"@id":"https:\/\/redmediterranea.com\/#website"},"primaryImageOfPage":{"@id":"https:\/\/redmediterranea.com\/index.php\/2026\/09\/03\/la-municipalidad-de-villa-tulumba-suscribio-un-convenio-con-el-sindicato-de-empleados-publicos\/#primaryimage"},"image":{"@id":"https:\/\/redmediterranea.com\/index.php\/2026\/09\/03\/la-municipalidad-de-villa-tulumba-suscribio-un-convenio-con-el-sindicato-de-empleados-publicos\/#primaryimage"},"thumbnailUrl":"https:\/\/redmediterranea.com\/wp-content\/uploads\/2026\/09\/792764499_1403241055329910_3361390646801479821_n.jpg","datePublished":"2026-09-03T23:49:10+00:00","dateModified":"2026-09-03T23:49:12+00:00","breadcrumb":{"@id":"https:\/\/redmediterranea.com\/index.php\/2026\/09\/03\/la-municipalidad-de-villa-tulumba-suscribio-un-convenio-con-el-sindicato-de-empleados-publicos\/#breadcrumb"},"inLanguage":"es","potentialAction":[{"@type":"ReadAction","target":["https:\/\/redmediterranea.com\/index.php\/2026\/09\/03\/la-municipalidad-de-villa-tulumba-suscribio-un-convenio-con-el-sindicato-de-empleados-publicos\/"]}]},{"@type":"ImageObject","inLanguage":"es","@id":"https:\/\/redmediterranea.com\/index.php\/2026\/09\/03\/la-municipalidad-de-villa-tulumba-suscribio-un-convenio-con-el-sindicato-de-empleados-publicos\/#primaryimage","url":"https:\/\/redmediterranea.com\/wp-content\/uploads\/2026\/09\/792764499_1403241055329910_3361390646801479821_n.jpg","contentUrl":"https:\/\/redmediterranea.com\/wp-content\/uploads\/2026\/09\/792764499_1403241055329910_3361390646801479821_n.jpg","width":1600,"height":1200},{"@type":"BreadcrumbList","@id":"https:\/\/redmediterranea.com\/index.php\/2026\/09\/03\/la-municipalidad-de-villa-tulumba-suscribio-un-convenio-con-el-sindicato-de-empleados-publicos\/#breadcrumb","itemListElement":[{"@type":"ListItem","position":1,"name":"Portada","item":"https:\/\/redmediterranea.com\/"},{"@type":"ListItem","position":2,"name":"La Municipalidad de Villa Tulumba suscribi\u00f3 un convenio con el Sindicato de Empleados P\u00fablicos"}]},{"@type":"WebSite","@id":"https:\/\/redmediterranea.com\/#website","url":"https:\/\/redmediterranea.com\/","name":"Red Mediterr\u00e1nea","description":"Noticias de De\u00e1n Funes","publisher":{"@id":"https:\/\/redmediterranea.com\/#organization"},"potentialAction":[{"@type":"SearchAction","target":{"@type":"EntryPoint","urlTemplate":"https:\/\/redmediterranea.com\/?s={search_term_string}"},"query-input":{"@type":"PropertyValueSpecification","valueRequired":true,"valueName":"search_term_string"}}],"inLanguage":"es"},{"@type":"Organization","@id":"https:\/\/redmediterranea.com\/#organization","name":"Red Mediterr\u00e1nea","url":"https:\/\/redmediterranea.com\/","logo":{"@type":"ImageObject","inLanguage":"es","@id":"https:\/\/redmediterranea.com\/#\/schema\/logo\/image\/","url":"https:\/\/redmediterranea.com\/wp-content\/uploads\/2021\/09\/red.png","contentUrl":"https:\/\/redmediterranea.com\/wp-content\/uploads\/2021\/09\/red.png","width":400,"height":260,"caption":"Red Mediterr\u00e1nea"},"image":{"@id":"https:\/\/redmediterranea.com\/#\/schema\/logo\/image\/"},"sameAs":["https:\/\/www.facebook.com\/redmediterranea.net","https:\/\/www.youtube.com\/channel\/UCvm4ojIMOGKnk5v9TsWnFWQ"]},{"@type":"Person","@id":"https:\/\/redmediterranea.com\/#\/schema\/person\/a59f6085115b75a865fb0338fe81d577","name":"Red Mediterr\u00e1nea","image":{"@type":"ImageObject","inLanguage":"es","@id":"https:\/\/redmediterranea.com\/wp-content\/litespeed\/avatar\/1a3770c806a5dd31cb05580dd57bedd6.jpg?ver=1788119337","url":"https:\/\/redmediterranea.com\/wp-content\/litespeed\/avatar\/1a3770c806a5dd31cb05580dd57bedd6.jpg?ver=1788119337","contentUrl":"https:\/\/redmediterranea.com\/wp-content\/litespeed\/avatar\/1a3770c806a5dd31cb05580dd57bedd6.jpg?ver=1788119337","caption":"Red Mediterr\u00e1nea"},"sameAs":["http:\/\/redmediterranea.com"],"url":"https:\/\/redmediterranea.com\/index.php\/author\/hg-hatecraft\/"}]}},"_links":{"self":[{"href":"https:\/\/redmediterranea.com\/index.php\/wp-json\/wp\/v2\/posts\/18263","targetHints":{"allow":["GET"]}}],"collection":[{"href":"https:\/\/redmediterranea.com\/index.php\/wp-json\/wp\/v2\/posts"}],"about":[{"href":"https:\/\/redmediterranea.com\/index.php\/wp-json\/wp\/v2\/types\/post"}],"author":[{"embeddable":true,"href":"https:\/\/redmediterranea.com\/index.php\/wp-json\/wp\/v2\/users\/1"}],"replies":[{"embeddable":true,"href":"https:\/\/redmediterranea.com\/index.php\/wp-json\/wp\/v2\/comments?post=18263"}],"version-history":[{"count":1,"href":"https:\/\/redmediterranea.com\/index.php\/wp-json\/wp\/v2\/posts\/18263\/revisions"}],"predecessor-version":[{"id":18265,"href":"https:\/\/redmediterranea.com\/index.php\/wp-json\/wp\/v2\/posts\/18263\/revisions\/18265"}],"wp:featuredmedia":[{"embeddable":true,"href":"https:\/\/redmediterranea.com\/index.php\/wp-json\/wp\/v2\/media\/18264"}],"wp:attachment":[{"href":"https:\/\/redmediterranea.com\/index.php\/wp-json\/wp\/v2\/media?parent=18263"}],"wp:term":[{"taxonomy":"category","embeddable":true,"href":"https:\/\/redmediterranea.com\/index.php\/wp-json\/wp\/v2\/categories?post=18263"},{"taxonomy":"post_tag","embeddable":true,"href":"https:\/\/redmediterranea.com\/index.php\/wp-json\/wp\/v2\/tags?post=18263"}],"curies":[{"name":"wp","href":"https:\/\/api.w.org\/{rel}","templated":true}]}}