{"id":18205,"date":"2026-08-31T12:46:38","date_gmt":"2026-08-31T12:46:38","guid":{"rendered":"https:\/\/redmediterranea.com\/?p=18205"},"modified":"2026-08-31T12:46:39","modified_gmt":"2026-08-31T12:46:39","slug":"parte-de-prensa-dean-funes-y-quilino-detenciones-y-allanamiento-en-distintos-procedimientos-policiales","status":"publish","type":"post","link":"https:\/\/redmediterranea.com\/index.php\/2026\/08\/31\/parte-de-prensa-dean-funes-y-quilino-detenciones-y-allanamiento-en-distintos-procedimientos-policiales\/","title":{"rendered":"Parte de Prensa: De\u00e1n Funes y Quilino; detenciones y allanamiento en distintos procedimientos policiales"},"content":{"rendered":"\n<p class=\"wp-block-paragraph\"><\/p>\n\n\n\n<p class=\"wp-block-paragraph\">DE\u00c1N FUNES: DETUVIERON A UN HOMBRE POR VIOLACI\u00d3N DE DOMICILIO<\/p>\n\n\n\n<p class=\"wp-block-paragraph\">Durante la ma\u00f1ana del domingo, personal policial intervino en un domicilio de barrio Las Flores, en De\u00e1n Funes, donde fue detenido un hombre de 25 a\u00f1os.<\/p>\n\n\n\n<p class=\"wp-block-paragraph\">Seg\u00fan se inform\u00f3, el propietario de la vivienda habr\u00eda encontrado al sujeto en el interior del inmueble sin autorizaci\u00f3n y logr\u00f3 retenerlo hasta la llegada de los efectivos policiales.<\/p>\n\n\n\n<p class=\"wp-block-paragraph\">El hombre qued\u00f3 detenido por una causa relacionada con violaci\u00f3n de domicilio.<\/p>\n\n\n\n<p class=\"wp-block-paragraph\">QUILINO: ALLANAMIENTO POR UN HECHO DE VIOLENCIA FAMILIAR<\/p>\n\n\n\n<p class=\"wp-block-paragraph\">Durante la tarde del domingo, personal policial llev\u00f3 adelante un allanamiento en la localidad de Quilino, en el marco de una investigaci\u00f3n por un hecho de violencia familiar.<\/p>\n\n\n\n<p class=\"wp-block-paragraph\">Como resultado del procedimiento, los efectivos procedieron al secuestro de un elemento que tendr\u00eda inter\u00e9s para la causa.<\/p>\n\n\n\n<p class=\"wp-block-paragraph\">Las actuaciones quedaron a disposici\u00f3n de la autoridad judicial correspondiente.<\/p>\n\n\n\n<p class=\"wp-block-paragraph\">DE\u00c1N FUNES: DETUVIERON A UN HOMBRE POR VIOLENCIA FAMILIAR<\/p>\n\n\n\n<p class=\"wp-block-paragraph\">Durante la noche del domingo, personal policial intervino en un hecho registrado en barrio 9 de Julio de De\u00e1n Funes.<\/p>\n\n\n\n<p class=\"wp-block-paragraph\">En el lugar fue detenido un hombre de 45 a\u00f1os, en el marco de una intervenci\u00f3n vinculada a un hecho de violencia familiar.<\/p>\n\n\n\n<p class=\"wp-block-paragraph\">El detenido qued\u00f3 a disposici\u00f3n de la Fiscal\u00eda de Instrucci\u00f3n, que interviene en la causa.<\/p>\n\n\n\n<p class=\"wp-block-paragraph\">DE\u00c1N FUNES: INTENT\u00d3 EVADIR UN CONTROL Y TERMIN\u00d3 DETENIDO<\/p>\n\n\n\n<p class=\"wp-block-paragraph\">Durante la madrugada de este lunes, personal policial realiz\u00f3 un procedimiento en barrio Los Algarrobos, donde fue detenido un joven que circulaba a bordo de una motocicleta.<\/p>\n\n\n\n<p class=\"wp-block-paragraph\">Seg\u00fan el parte policial, el conductor habr\u00eda intentado evadir un control, por lo que los efectivos procedieron a su detenci\u00f3n y al secuestro del rodado.<\/p>\n\n\n\n<p class=\"wp-block-paragraph\">Por el hecho se labraron las actuaciones correspondientes por infracciones al C\u00f3digo de Convivencia Ciudadana.<\/p>\n","protected":false},"excerpt":{"rendered":"<p>DE\u00c1N FUNES: DETUVIERON A UN HOMBRE POR VIOLACI\u00d3N DE DOMICILIO Durante la ma\u00f1ana del domingo, personal policial intervino en un domicilio de barrio Las Flores, en De\u00e1n Funes, donde fue detenido un hombre de 25 a\u00f1os. Seg\u00fan se inform\u00f3, el propietario de la vivienda habr\u00eda encontrado al sujeto en el interior del inmueble sin autorizaci\u00f3n [&hellip;]<\/p>\n","protected":false},"author":1,"featured_media":17956,"comment_status":"open","ping_status":"open","sticky":false,"template":"","format":"standard","meta":{"footnotes":""},"categories":[1],"tags":[],"class_list":["post-18205","post","type-post","status-publish","format-standard","has-post-thumbnail","category-sin-categoria"],"yoast_head":"<!-- This site is optimized with the Yoast SEO plugin v28.3 - https:\/\/yoast.com\/product\/yoast-seo-wordpress\/ -->\n<title>Parte de Prensa: De\u00e1n Funes y Quilino; detenciones y allanamiento en distintos procedimientos policiales &#8212; Red Mediterr\u00e1nea<\/title>\n<meta name=\"robots\" content=\"index, follow, max-snippet:-1, max-image-preview:large, max-video-preview:-1\" \/>\n<link rel=\"canonical\" href=\"https:\/\/redmediterranea.com\/index.php\/2026\/08\/31\/parte-de-prensa-dean-funes-y-quilino-detenciones-y-allanamiento-en-distintos-procedimientos-policiales\/\" \/>\n<meta property=\"og:locale\" content=\"es_ES\" \/>\n<meta property=\"og:type\" content=\"article\" \/>\n<meta property=\"og:title\" content=\"Parte de Prensa: De\u00e1n Funes y Quilino; detenciones y allanamiento en distintos procedimientos policiales &#8212; Red Mediterr\u00e1nea\" \/>\n<meta property=\"og:description\" content=\"DE\u00c1N FUNES: DETUVIERON A UN HOMBRE POR VIOLACI\u00d3N DE DOMICILIO Durante la ma\u00f1ana del domingo, personal policial intervino en un domicilio de barrio Las Flores, en De\u00e1n Funes, donde fue detenido un hombre de 25 a\u00f1os. Seg\u00fan se inform\u00f3, el propietario de la vivienda habr\u00eda encontrado al sujeto en el interior del inmueble sin autorizaci\u00f3n [&hellip;]\" \/>\n<meta property=\"og:url\" content=\"https:\/\/redmediterranea.com\/index.php\/2026\/08\/31\/parte-de-prensa-dean-funes-y-quilino-detenciones-y-allanamiento-en-distintos-procedimientos-policiales\/\" \/>\n<meta property=\"og:site_name\" content=\"Red Mediterr\u00e1nea\" \/>\n<meta property=\"article:publisher\" content=\"https:\/\/www.facebook.com\/redmediterranea.net\" \/>\n<meta property=\"article:published_time\" content=\"2026-08-31T12:46:38+00:00\" \/>\n<meta property=\"article:modified_time\" content=\"2026-08-31T12:46:39+00:00\" \/>\n<meta property=\"og:image\" content=\"https:\/\/redmediterranea.com\/wp-content\/uploads\/2026\/08\/POLICIA.webp\" \/>\n\t<meta property=\"og:image:width\" content=\"1200\" \/>\n\t<meta property=\"og:image:height\" content=\"675\" \/>\n\t<meta property=\"og:image:type\" content=\"image\/webp\" \/>\n<meta name=\"author\" content=\"Red Mediterr\u00e1nea\" \/>\n<meta name=\"twitter:card\" content=\"summary_large_image\" \/>\n<meta name=\"twitter:label1\" content=\"Escrito por\" \/>\n\t<meta name=\"twitter:data1\" content=\"Red Mediterr\u00e1nea\" \/>\n\t<meta name=\"twitter:label2\" content=\"Tiempo de lectura\" \/>\n\t<meta name=\"twitter:data2\" content=\"2 minutos\" \/>\n<script type=\"application\/ld+json\" class=\"yoast-schema-graph\">{\"@context\":\"https:\\\/\\\/schema.org\",\"@graph\":[{\"@type\":\"Article\",\"@id\":\"https:\\\/\\\/redmediterranea.com\\\/index.php\\\/2026\\\/08\\\/31\\\/parte-de-prensa-dean-funes-y-quilino-detenciones-y-allanamiento-en-distintos-procedimientos-policiales\\\/#article\",\"isPartOf\":{\"@id\":\"https:\\\/\\\/redmediterranea.com\\\/index.php\\\/2026\\\/08\\\/31\\\/parte-de-prensa-dean-funes-y-quilino-detenciones-y-allanamiento-en-distintos-procedimientos-policiales\\\/\"},\"author\":{\"name\":\"Red Mediterr\u00e1nea\",\"@id\":\"https:\\\/\\\/redmediterranea.com\\\/#\\\/schema\\\/person\\\/a59f6085115b75a865fb0338fe81d577\"},\"headline\":\"Parte de Prensa: De\u00e1n Funes y Quilino; detenciones y allanamiento en distintos procedimientos policiales\",\"datePublished\":\"2026-08-31T12:46:38+00:00\",\"dateModified\":\"2026-08-31T12:46:39+00:00\",\"mainEntityOfPage\":{\"@id\":\"https:\\\/\\\/redmediterranea.com\\\/index.php\\\/2026\\\/08\\\/31\\\/parte-de-prensa-dean-funes-y-quilino-detenciones-y-allanamiento-en-distintos-procedimientos-policiales\\\/\"},\"wordCount\":321,\"commentCount\":0,\"publisher\":{\"@id\":\"https:\\\/\\\/redmediterranea.com\\\/#organization\"},\"image\":{\"@id\":\"https:\\\/\\\/redmediterranea.com\\\/index.php\\\/2026\\\/08\\\/31\\\/parte-de-prensa-dean-funes-y-quilino-detenciones-y-allanamiento-en-distintos-procedimientos-policiales\\\/#primaryimage\"},\"thumbnailUrl\":\"https:\\\/\\\/redmediterranea.com\\\/wp-content\\\/uploads\\\/2026\\\/08\\\/POLICIA.webp\",\"inLanguage\":\"es\",\"potentialAction\":[{\"@type\":\"CommentAction\",\"name\":\"Comment\",\"target\":[\"https:\\\/\\\/redmediterranea.com\\\/index.php\\\/2026\\\/08\\\/31\\\/parte-de-prensa-dean-funes-y-quilino-detenciones-y-allanamiento-en-distintos-procedimientos-policiales\\\/#respond\"]}]},{\"@type\":\"WebPage\",\"@id\":\"https:\\\/\\\/redmediterranea.com\\\/index.php\\\/2026\\\/08\\\/31\\\/parte-de-prensa-dean-funes-y-quilino-detenciones-y-allanamiento-en-distintos-procedimientos-policiales\\\/\",\"url\":\"https:\\\/\\\/redmediterranea.com\\\/index.php\\\/2026\\\/08\\\/31\\\/parte-de-prensa-dean-funes-y-quilino-detenciones-y-allanamiento-en-distintos-procedimientos-policiales\\\/\",\"name\":\"Parte de Prensa: De\u00e1n Funes y Quilino; detenciones y allanamiento en distintos procedimientos policiales &#8212; Red Mediterr\u00e1nea\",\"isPartOf\":{\"@id\":\"https:\\\/\\\/redmediterranea.com\\\/#website\"},\"primaryImageOfPage\":{\"@id\":\"https:\\\/\\\/redmediterranea.com\\\/index.php\\\/2026\\\/08\\\/31\\\/parte-de-prensa-dean-funes-y-quilino-detenciones-y-allanamiento-en-distintos-procedimientos-policiales\\\/#primaryimage\"},\"image\":{\"@id\":\"https:\\\/\\\/redmediterranea.com\\\/index.php\\\/2026\\\/08\\\/31\\\/parte-de-prensa-dean-funes-y-quilino-detenciones-y-allanamiento-en-distintos-procedimientos-policiales\\\/#primaryimage\"},\"thumbnailUrl\":\"https:\\\/\\\/redmediterranea.com\\\/wp-content\\\/uploads\\\/2026\\\/08\\\/POLICIA.webp\",\"datePublished\":\"2026-08-31T12:46:38+00:00\",\"dateModified\":\"2026-08-31T12:46:39+00:00\",\"breadcrumb\":{\"@id\":\"https:\\\/\\\/redmediterranea.com\\\/index.php\\\/2026\\\/08\\\/31\\\/parte-de-prensa-dean-funes-y-quilino-detenciones-y-allanamiento-en-distintos-procedimientos-policiales\\\/#breadcrumb\"},\"inLanguage\":\"es\",\"potentialAction\":[{\"@type\":\"ReadAction\",\"target\":[\"https:\\\/\\\/redmediterranea.com\\\/index.php\\\/2026\\\/08\\\/31\\\/parte-de-prensa-dean-funes-y-quilino-detenciones-y-allanamiento-en-distintos-procedimientos-policiales\\\/\"]}]},{\"@type\":\"ImageObject\",\"inLanguage\":\"es\",\"@id\":\"https:\\\/\\\/redmediterranea.com\\\/index.php\\\/2026\\\/08\\\/31\\\/parte-de-prensa-dean-funes-y-quilino-detenciones-y-allanamiento-en-distintos-procedimientos-policiales\\\/#primaryimage\",\"url\":\"https:\\\/\\\/redmediterranea.com\\\/wp-content\\\/uploads\\\/2026\\\/08\\\/POLICIA.webp\",\"contentUrl\":\"https:\\\/\\\/redmediterranea.com\\\/wp-content\\\/uploads\\\/2026\\\/08\\\/POLICIA.webp\",\"width\":1200,\"height\":675},{\"@type\":\"BreadcrumbList\",\"@id\":\"https:\\\/\\\/redmediterranea.com\\\/index.php\\\/2026\\\/08\\\/31\\\/parte-de-prensa-dean-funes-y-quilino-detenciones-y-allanamiento-en-distintos-procedimientos-policiales\\\/#breadcrumb\",\"itemListElement\":[{\"@type\":\"ListItem\",\"position\":1,\"name\":\"Portada\",\"item\":\"https:\\\/\\\/redmediterranea.com\\\/\"},{\"@type\":\"ListItem\",\"position\":2,\"name\":\"Parte de Prensa: De\u00e1n Funes y Quilino; detenciones y allanamiento en distintos procedimientos policiales\"}]},{\"@type\":\"WebSite\",\"@id\":\"https:\\\/\\\/redmediterranea.com\\\/#website\",\"url\":\"https:\\\/\\\/redmediterranea.com\\\/\",\"name\":\"Red Mediterr\u00e1nea\",\"description\":\"Noticias de De\u00e1n Funes\",\"publisher\":{\"@id\":\"https:\\\/\\\/redmediterranea.com\\\/#organization\"},\"potentialAction\":[{\"@type\":\"SearchAction\",\"target\":{\"@type\":\"EntryPoint\",\"urlTemplate\":\"https:\\\/\\\/redmediterranea.com\\\/?s={search_term_string}\"},\"query-input\":{\"@type\":\"PropertyValueSpecification\",\"valueRequired\":true,\"valueName\":\"search_term_string\"}}],\"inLanguage\":\"es\"},{\"@type\":\"Organization\",\"@id\":\"https:\\\/\\\/redmediterranea.com\\\/#organization\",\"name\":\"Red Mediterr\u00e1nea\",\"url\":\"https:\\\/\\\/redmediterranea.com\\\/\",\"logo\":{\"@type\":\"ImageObject\",\"inLanguage\":\"es\",\"@id\":\"https:\\\/\\\/redmediterranea.com\\\/#\\\/schema\\\/logo\\\/image\\\/\",\"url\":\"https:\\\/\\\/redmediterranea.com\\\/wp-content\\\/uploads\\\/2021\\\/09\\\/red.png\",\"contentUrl\":\"https:\\\/\\\/redmediterranea.com\\\/wp-content\\\/uploads\\\/2021\\\/09\\\/red.png\",\"width\":400,\"height\":260,\"caption\":\"Red Mediterr\u00e1nea\"},\"image\":{\"@id\":\"https:\\\/\\\/redmediterranea.com\\\/#\\\/schema\\\/logo\\\/image\\\/\"},\"sameAs\":[\"https:\\\/\\\/www.facebook.com\\\/redmediterranea.net\",\"https:\\\/\\\/www.youtube.com\\\/channel\\\/UCvm4ojIMOGKnk5v9TsWnFWQ\"]},{\"@type\":\"Person\",\"@id\":\"https:\\\/\\\/redmediterranea.com\\\/#\\\/schema\\\/person\\\/a59f6085115b75a865fb0338fe81d577\",\"name\":\"Red Mediterr\u00e1nea\",\"image\":{\"@type\":\"ImageObject\",\"inLanguage\":\"es\",\"@id\":\"https:\\\/\\\/redmediterranea.com\\\/wp-content\\\/litespeed\\\/avatar\\\/1a3770c806a5dd31cb05580dd57bedd6.jpg?ver=1788119337\",\"url\":\"https:\\\/\\\/redmediterranea.com\\\/wp-content\\\/litespeed\\\/avatar\\\/1a3770c806a5dd31cb05580dd57bedd6.jpg?ver=1788119337\",\"contentUrl\":\"https:\\\/\\\/redmediterranea.com\\\/wp-content\\\/litespeed\\\/avatar\\\/1a3770c806a5dd31cb05580dd57bedd6.jpg?ver=1788119337\",\"caption\":\"Red Mediterr\u00e1nea\"},\"sameAs\":[\"http:\\\/\\\/redmediterranea.com\"],\"url\":\"https:\\\/\\\/redmediterranea.com\\\/index.php\\\/author\\\/hg-hatecraft\\\/\"}]}<\/script>\n<!-- \/ Yoast SEO plugin. -->","yoast_head_json":{"title":"Parte de Prensa: De\u00e1n Funes y Quilino; detenciones y allanamiento en distintos procedimientos policiales &#8212; Red Mediterr\u00e1nea","robots":{"index":"index","follow":"follow","max-snippet":"max-snippet:-1","max-image-preview":"max-image-preview:large","max-video-preview":"max-video-preview:-1"},"canonical":"https:\/\/redmediterranea.com\/index.php\/2026\/08\/31\/parte-de-prensa-dean-funes-y-quilino-detenciones-y-allanamiento-en-distintos-procedimientos-policiales\/","og_locale":"es_ES","og_type":"article","og_title":"Parte de Prensa: De\u00e1n Funes y Quilino; detenciones y allanamiento en distintos procedimientos policiales &#8212; Red Mediterr\u00e1nea","og_description":"DE\u00c1N FUNES: DETUVIERON A UN HOMBRE POR VIOLACI\u00d3N DE DOMICILIO Durante la ma\u00f1ana del domingo, personal policial intervino en un domicilio de barrio Las Flores, en De\u00e1n Funes, donde fue detenido un hombre de 25 a\u00f1os. Seg\u00fan se inform\u00f3, el propietario de la vivienda habr\u00eda encontrado al sujeto en el interior del inmueble sin autorizaci\u00f3n [&hellip;]","og_url":"https:\/\/redmediterranea.com\/index.php\/2026\/08\/31\/parte-de-prensa-dean-funes-y-quilino-detenciones-y-allanamiento-en-distintos-procedimientos-policiales\/","og_site_name":"Red Mediterr\u00e1nea","article_publisher":"https:\/\/www.facebook.com\/redmediterranea.net","article_published_time":"2026-08-31T12:46:38+00:00","article_modified_time":"2026-08-31T12:46:39+00:00","og_image":[{"width":1200,"height":675,"url":"https:\/\/redmediterranea.com\/wp-content\/uploads\/2026\/08\/POLICIA.webp","type":"image\/webp"}],"author":"Red Mediterr\u00e1nea","twitter_card":"summary_large_image","twitter_misc":{"Escrito por":"Red Mediterr\u00e1nea","Tiempo de lectura":"2 minutos"},"schema":{"@context":"https:\/\/schema.org","@graph":[{"@type":"Article","@id":"https:\/\/redmediterranea.com\/index.php\/2026\/08\/31\/parte-de-prensa-dean-funes-y-quilino-detenciones-y-allanamiento-en-distintos-procedimientos-policiales\/#article","isPartOf":{"@id":"https:\/\/redmediterranea.com\/index.php\/2026\/08\/31\/parte-de-prensa-dean-funes-y-quilino-detenciones-y-allanamiento-en-distintos-procedimientos-policiales\/"},"author":{"name":"Red Mediterr\u00e1nea","@id":"https:\/\/redmediterranea.com\/#\/schema\/person\/a59f6085115b75a865fb0338fe81d577"},"headline":"Parte de Prensa: De\u00e1n Funes y Quilino; detenciones y allanamiento en distintos procedimientos policiales","datePublished":"2026-08-31T12:46:38+00:00","dateModified":"2026-08-31T12:46:39+00:00","mainEntityOfPage":{"@id":"https:\/\/redmediterranea.com\/index.php\/2026\/08\/31\/parte-de-prensa-dean-funes-y-quilino-detenciones-y-allanamiento-en-distintos-procedimientos-policiales\/"},"wordCount":321,"commentCount":0,"publisher":{"@id":"https:\/\/redmediterranea.com\/#organization"},"image":{"@id":"https:\/\/redmediterranea.com\/index.php\/2026\/08\/31\/parte-de-prensa-dean-funes-y-quilino-detenciones-y-allanamiento-en-distintos-procedimientos-policiales\/#primaryimage"},"thumbnailUrl":"https:\/\/redmediterranea.com\/wp-content\/uploads\/2026\/08\/POLICIA.webp","inLanguage":"es","potentialAction":[{"@type":"CommentAction","name":"Comment","target":["https:\/\/redmediterranea.com\/index.php\/2026\/08\/31\/parte-de-prensa-dean-funes-y-quilino-detenciones-y-allanamiento-en-distintos-procedimientos-policiales\/#respond"]}]},{"@type":"WebPage","@id":"https:\/\/redmediterranea.com\/index.php\/2026\/08\/31\/parte-de-prensa-dean-funes-y-quilino-detenciones-y-allanamiento-en-distintos-procedimientos-policiales\/","url":"https:\/\/redmediterranea.com\/index.php\/2026\/08\/31\/parte-de-prensa-dean-funes-y-quilino-detenciones-y-allanamiento-en-distintos-procedimientos-policiales\/","name":"Parte de Prensa: De\u00e1n Funes y Quilino; detenciones y allanamiento en distintos procedimientos policiales &#8212; Red Mediterr\u00e1nea","isPartOf":{"@id":"https:\/\/redmediterranea.com\/#website"},"primaryImageOfPage":{"@id":"https:\/\/redmediterranea.com\/index.php\/2026\/08\/31\/parte-de-prensa-dean-funes-y-quilino-detenciones-y-allanamiento-en-distintos-procedimientos-policiales\/#primaryimage"},"image":{"@id":"https:\/\/redmediterranea.com\/index.php\/2026\/08\/31\/parte-de-prensa-dean-funes-y-quilino-detenciones-y-allanamiento-en-distintos-procedimientos-policiales\/#primaryimage"},"thumbnailUrl":"https:\/\/redmediterranea.com\/wp-content\/uploads\/2026\/08\/POLICIA.webp","datePublished":"2026-08-31T12:46:38+00:00","dateModified":"2026-08-31T12:46:39+00:00","breadcrumb":{"@id":"https:\/\/redmediterranea.com\/index.php\/2026\/08\/31\/parte-de-prensa-dean-funes-y-quilino-detenciones-y-allanamiento-en-distintos-procedimientos-policiales\/#breadcrumb"},"inLanguage":"es","potentialAction":[{"@type":"ReadAction","target":["https:\/\/redmediterranea.com\/index.php\/2026\/08\/31\/parte-de-prensa-dean-funes-y-quilino-detenciones-y-allanamiento-en-distintos-procedimientos-policiales\/"]}]},{"@type":"ImageObject","inLanguage":"es","@id":"https:\/\/redmediterranea.com\/index.php\/2026\/08\/31\/parte-de-prensa-dean-funes-y-quilino-detenciones-y-allanamiento-en-distintos-procedimientos-policiales\/#primaryimage","url":"https:\/\/redmediterranea.com\/wp-content\/uploads\/2026\/08\/POLICIA.webp","contentUrl":"https:\/\/redmediterranea.com\/wp-content\/uploads\/2026\/08\/POLICIA.webp","width":1200,"height":675},{"@type":"BreadcrumbList","@id":"https:\/\/redmediterranea.com\/index.php\/2026\/08\/31\/parte-de-prensa-dean-funes-y-quilino-detenciones-y-allanamiento-en-distintos-procedimientos-policiales\/#breadcrumb","itemListElement":[{"@type":"ListItem","position":1,"name":"Portada","item":"https:\/\/redmediterranea.com\/"},{"@type":"ListItem","position":2,"name":"Parte de Prensa: De\u00e1n Funes y Quilino; detenciones y allanamiento en distintos procedimientos policiales"}]},{"@type":"WebSite","@id":"https:\/\/redmediterranea.com\/#website","url":"https:\/\/redmediterranea.com\/","name":"Red Mediterr\u00e1nea","description":"Noticias de De\u00e1n Funes","publisher":{"@id":"https:\/\/redmediterranea.com\/#organization"},"potentialAction":[{"@type":"SearchAction","target":{"@type":"EntryPoint","urlTemplate":"https:\/\/redmediterranea.com\/?s={search_term_string}"},"query-input":{"@type":"PropertyValueSpecification","valueRequired":true,"valueName":"search_term_string"}}],"inLanguage":"es"},{"@type":"Organization","@id":"https:\/\/redmediterranea.com\/#organization","name":"Red Mediterr\u00e1nea","url":"https:\/\/redmediterranea.com\/","logo":{"@type":"ImageObject","inLanguage":"es","@id":"https:\/\/redmediterranea.com\/#\/schema\/logo\/image\/","url":"https:\/\/redmediterranea.com\/wp-content\/uploads\/2021\/09\/red.png","contentUrl":"https:\/\/redmediterranea.com\/wp-content\/uploads\/2021\/09\/red.png","width":400,"height":260,"caption":"Red Mediterr\u00e1nea"},"image":{"@id":"https:\/\/redmediterranea.com\/#\/schema\/logo\/image\/"},"sameAs":["https:\/\/www.facebook.com\/redmediterranea.net","https:\/\/www.youtube.com\/channel\/UCvm4ojIMOGKnk5v9TsWnFWQ"]},{"@type":"Person","@id":"https:\/\/redmediterranea.com\/#\/schema\/person\/a59f6085115b75a865fb0338fe81d577","name":"Red Mediterr\u00e1nea","image":{"@type":"ImageObject","inLanguage":"es","@id":"https:\/\/redmediterranea.com\/wp-content\/litespeed\/avatar\/1a3770c806a5dd31cb05580dd57bedd6.jpg?ver=1788119337","url":"https:\/\/redmediterranea.com\/wp-content\/litespeed\/avatar\/1a3770c806a5dd31cb05580dd57bedd6.jpg?ver=1788119337","contentUrl":"https:\/\/redmediterranea.com\/wp-content\/litespeed\/avatar\/1a3770c806a5dd31cb05580dd57bedd6.jpg?ver=1788119337","caption":"Red Mediterr\u00e1nea"},"sameAs":["http:\/\/redmediterranea.com"],"url":"https:\/\/redmediterranea.com\/index.php\/author\/hg-hatecraft\/"}]}},"_links":{"self":[{"href":"https:\/\/redmediterranea.com\/index.php\/wp-json\/wp\/v2\/posts\/18205","targetHints":{"allow":["GET"]}}],"collection":[{"href":"https:\/\/redmediterranea.com\/index.php\/wp-json\/wp\/v2\/posts"}],"about":[{"href":"https:\/\/redmediterranea.com\/index.php\/wp-json\/wp\/v2\/types\/post"}],"author":[{"embeddable":true,"href":"https:\/\/redmediterranea.com\/index.php\/wp-json\/wp\/v2\/users\/1"}],"replies":[{"embeddable":true,"href":"https:\/\/redmediterranea.com\/index.php\/wp-json\/wp\/v2\/comments?post=18205"}],"version-history":[{"count":1,"href":"https:\/\/redmediterranea.com\/index.php\/wp-json\/wp\/v2\/posts\/18205\/revisions"}],"predecessor-version":[{"id":18206,"href":"https:\/\/redmediterranea.com\/index.php\/wp-json\/wp\/v2\/posts\/18205\/revisions\/18206"}],"wp:featuredmedia":[{"embeddable":true,"href":"https:\/\/redmediterranea.com\/index.php\/wp-json\/wp\/v2\/media\/17956"}],"wp:attachment":[{"href":"https:\/\/redmediterranea.com\/index.php\/wp-json\/wp\/v2\/media?parent=18205"}],"wp:term":[{"taxonomy":"category","embeddable":true,"href":"https:\/\/redmediterranea.com\/index.php\/wp-json\/wp\/v2\/categories?post=18205"},{"taxonomy":"post_tag","embeddable":true,"href":"https:\/\/redmediterranea.com\/index.php\/wp-json\/wp\/v2\/tags?post=18205"}],"curies":[{"name":"wp","href":"https:\/\/api.w.org\/{rel}","templated":true}]}}