{"id":16893,"date":"2026-04-28T15:05:24","date_gmt":"2026-04-28T15:05:24","guid":{"rendered":"https:\/\/redmediterranea.com\/?p=16893"},"modified":"2026-04-28T15:05:25","modified_gmt":"2026-04-28T15:05:25","slug":"federico-leguizamon-no-hay-mal-que-dure-100-anos-a-la-espera-de-un-fallo-judicial","status":"publish","type":"post","link":"https:\/\/redmediterranea.com\/index.php\/2026\/04\/28\/federico-leguizamon-no-hay-mal-que-dure-100-anos-a-la-espera-de-un-fallo-judicial\/","title":{"rendered":"Federico Leguizam\u00f3n (no hay mal que dure 100 a\u00f1os)A la espera de un fallo judicial"},"content":{"rendered":"\n<figure class=\"wp-block-embed is-type-video is-provider-youtube wp-block-embed-youtube wp-embed-aspect-4-3 wp-has-aspect-ratio\"><div class=\"wp-block-embed__wrapper\">\n<iframe loading=\"lazy\" title=\"Federico Leguizam\u00f3n (no hay mal que dure 100 a\u00f1os)A la espera de un fallo judicial\" width=\"696\" height=\"522\" src=\"https:\/\/www.youtube.com\/embed\/muoEVO7Rrcg?feature=oembed\" frameborder=\"0\" allow=\"accelerometer; autoplay; clipboard-write; encrypted-media; gyroscope; picture-in-picture; web-share\" referrerpolicy=\"strict-origin-when-cross-origin\" allowfullscreen><\/iframe>\n<\/div><\/figure>\n","protected":false},"excerpt":{"rendered":"https:\/\/youtu.be\/muoEVO7Rrcg","protected":false},"author":1,"featured_media":16894,"comment_status":"open","ping_status":"open","sticky":false,"template":"","format":"video","meta":{"footnotes":""},"categories":[53],"tags":[33],"class_list":{"0":"post-16893","1":"post","2":"type-post","3":"status-publish","4":"format-video","5":"has-post-thumbnail","7":"category-portada","8":"tag-dean-funes","9":"post_format-post-format-video"},"yoast_head":"<!-- This site is optimized with the Yoast SEO plugin v27.4 - https:\/\/yoast.com\/product\/yoast-seo-wordpress\/ -->\n<title>Federico Leguizam\u00f3n (no hay mal que dure 100 a\u00f1os)A la espera de un fallo judicial &#8212; Red Mediterr\u00e1nea<\/title>\n<meta name=\"description\" content=\"Federico Leguizam\u00f3n (no hay mal que dure 100 a\u00f1os)A la espera de un fallo judicial Red Mediterr\u00e1nea Federico Leguizam\u00f3n (no hay mal que dure 100 a\u00f1os)A la espera de un fallo judicial\" \/>\n<meta name=\"robots\" content=\"index, follow, max-snippet:-1, max-image-preview:large, max-video-preview:-1\" \/>\n<link rel=\"canonical\" href=\"https:\/\/redmediterranea.com\/index.php\/2026\/04\/28\/federico-leguizamon-no-hay-mal-que-dure-100-anos-a-la-espera-de-un-fallo-judicial\/\" \/>\n<meta property=\"og:locale\" content=\"es_ES\" \/>\n<meta property=\"og:type\" content=\"article\" \/>\n<meta property=\"og:title\" content=\"Federico Leguizam\u00f3n (no hay mal que dure 100 a\u00f1os)A la espera de un fallo judicial &#8212; Red Mediterr\u00e1nea\" \/>\n<meta property=\"og:description\" content=\"Federico Leguizam\u00f3n (no hay mal que dure 100 a\u00f1os)A la espera de un fallo judicial Red Mediterr\u00e1nea Federico Leguizam\u00f3n (no hay mal que dure 100 a\u00f1os)A la espera de un fallo judicial\" \/>\n<meta property=\"og:url\" content=\"https:\/\/redmediterranea.com\/index.php\/2026\/04\/28\/federico-leguizamon-no-hay-mal-que-dure-100-anos-a-la-espera-de-un-fallo-judicial\/\" \/>\n<meta property=\"og:site_name\" content=\"Red Mediterr\u00e1nea\" \/>\n<meta property=\"article:publisher\" content=\"https:\/\/www.facebook.com\/redmediterranea.net\" \/>\n<meta property=\"article:published_time\" content=\"2026-04-28T15:05:24+00:00\" \/>\n<meta property=\"article:modified_time\" content=\"2026-04-28T15:05:25+00:00\" \/>\n<meta property=\"og:image\" content=\"https:\/\/redmediterranea.com\/wp-content\/uploads\/2026\/04\/leguizamon.png\" \/>\n\t<meta property=\"og:image:width\" content=\"775\" \/>\n\t<meta property=\"og:image:height\" content=\"430\" \/>\n\t<meta property=\"og:image:type\" content=\"image\/png\" \/>\n<meta name=\"author\" content=\"Red Mediterr\u00e1nea\" \/>\n<meta name=\"twitter:card\" content=\"summary_large_image\" \/>\n<meta name=\"twitter:label1\" content=\"Escrito por\" \/>\n\t<meta name=\"twitter:data1\" content=\"Red Mediterr\u00e1nea\" \/>\n\t<meta name=\"twitter:label2\" content=\"Tiempo de lectura\" \/>\n\t<meta name=\"twitter:data2\" content=\"1 minuto\" \/>\n<script type=\"application\/ld+json\" class=\"yoast-schema-graph\">{\"@context\":\"https:\\\/\\\/schema.org\",\"@graph\":[{\"@type\":\"Article\",\"@id\":\"https:\\\/\\\/redmediterranea.com\\\/index.php\\\/2026\\\/04\\\/28\\\/federico-leguizamon-no-hay-mal-que-dure-100-anos-a-la-espera-de-un-fallo-judicial\\\/#article\",\"isPartOf\":{\"@id\":\"https:\\\/\\\/redmediterranea.com\\\/index.php\\\/2026\\\/04\\\/28\\\/federico-leguizamon-no-hay-mal-que-dure-100-anos-a-la-espera-de-un-fallo-judicial\\\/\"},\"author\":{\"name\":\"Red Mediterr\u00e1nea\",\"@id\":\"https:\\\/\\\/redmediterranea.com\\\/#\\\/schema\\\/person\\\/a59f6085115b75a865fb0338fe81d577\"},\"headline\":\"Federico Leguizam\u00f3n (no hay mal que dure 100 a\u00f1os)A la espera de un fallo judicial\",\"datePublished\":\"2026-04-28T15:05:24+00:00\",\"dateModified\":\"2026-04-28T15:05:25+00:00\",\"mainEntityOfPage\":{\"@id\":\"https:\\\/\\\/redmediterranea.com\\\/index.php\\\/2026\\\/04\\\/28\\\/federico-leguizamon-no-hay-mal-que-dure-100-anos-a-la-espera-de-un-fallo-judicial\\\/\"},\"wordCount\":22,\"commentCount\":0,\"publisher\":{\"@id\":\"https:\\\/\\\/redmediterranea.com\\\/#organization\"},\"image\":{\"@id\":\"https:\\\/\\\/redmediterranea.com\\\/index.php\\\/2026\\\/04\\\/28\\\/federico-leguizamon-no-hay-mal-que-dure-100-anos-a-la-espera-de-un-fallo-judicial\\\/#primaryimage\"},\"thumbnailUrl\":\"https:\\\/\\\/redmediterranea.com\\\/wp-content\\\/uploads\\\/2026\\\/04\\\/leguizamon.png\",\"keywords\":[\"De\u00e1n Funes\"],\"articleSection\":[\"Portada\"],\"inLanguage\":\"es\",\"potentialAction\":[{\"@type\":\"CommentAction\",\"name\":\"Comment\",\"target\":[\"https:\\\/\\\/redmediterranea.com\\\/index.php\\\/2026\\\/04\\\/28\\\/federico-leguizamon-no-hay-mal-que-dure-100-anos-a-la-espera-de-un-fallo-judicial\\\/#respond\"]}]},{\"@type\":\"WebPage\",\"@id\":\"https:\\\/\\\/redmediterranea.com\\\/index.php\\\/2026\\\/04\\\/28\\\/federico-leguizamon-no-hay-mal-que-dure-100-anos-a-la-espera-de-un-fallo-judicial\\\/\",\"url\":\"https:\\\/\\\/redmediterranea.com\\\/index.php\\\/2026\\\/04\\\/28\\\/federico-leguizamon-no-hay-mal-que-dure-100-anos-a-la-espera-de-un-fallo-judicial\\\/\",\"name\":\"Federico Leguizam\u00f3n (no hay mal que dure 100 a\u00f1os)A la espera de un fallo judicial &#8212; Red Mediterr\u00e1nea\",\"isPartOf\":{\"@id\":\"https:\\\/\\\/redmediterranea.com\\\/#website\"},\"primaryImageOfPage\":{\"@id\":\"https:\\\/\\\/redmediterranea.com\\\/index.php\\\/2026\\\/04\\\/28\\\/federico-leguizamon-no-hay-mal-que-dure-100-anos-a-la-espera-de-un-fallo-judicial\\\/#primaryimage\"},\"image\":{\"@id\":\"https:\\\/\\\/redmediterranea.com\\\/index.php\\\/2026\\\/04\\\/28\\\/federico-leguizamon-no-hay-mal-que-dure-100-anos-a-la-espera-de-un-fallo-judicial\\\/#primaryimage\"},\"thumbnailUrl\":\"https:\\\/\\\/redmediterranea.com\\\/wp-content\\\/uploads\\\/2026\\\/04\\\/leguizamon.png\",\"datePublished\":\"2026-04-28T15:05:24+00:00\",\"dateModified\":\"2026-04-28T15:05:25+00:00\",\"description\":\"Federico Leguizam\u00f3n (no hay mal que dure 100 a\u00f1os)A la espera de un fallo judicial Red Mediterr\u00e1nea Federico Leguizam\u00f3n (no hay mal que dure 100 a\u00f1os)A la espera de un fallo judicial\",\"breadcrumb\":{\"@id\":\"https:\\\/\\\/redmediterranea.com\\\/index.php\\\/2026\\\/04\\\/28\\\/federico-leguizamon-no-hay-mal-que-dure-100-anos-a-la-espera-de-un-fallo-judicial\\\/#breadcrumb\"},\"inLanguage\":\"es\",\"potentialAction\":[{\"@type\":\"ReadAction\",\"target\":[\"https:\\\/\\\/redmediterranea.com\\\/index.php\\\/2026\\\/04\\\/28\\\/federico-leguizamon-no-hay-mal-que-dure-100-anos-a-la-espera-de-un-fallo-judicial\\\/\"]}]},{\"@type\":\"ImageObject\",\"inLanguage\":\"es\",\"@id\":\"https:\\\/\\\/redmediterranea.com\\\/index.php\\\/2026\\\/04\\\/28\\\/federico-leguizamon-no-hay-mal-que-dure-100-anos-a-la-espera-de-un-fallo-judicial\\\/#primaryimage\",\"url\":\"https:\\\/\\\/redmediterranea.com\\\/wp-content\\\/uploads\\\/2026\\\/04\\\/leguizamon.png\",\"contentUrl\":\"https:\\\/\\\/redmediterranea.com\\\/wp-content\\\/uploads\\\/2026\\\/04\\\/leguizamon.png\",\"width\":775,\"height\":430},{\"@type\":\"BreadcrumbList\",\"@id\":\"https:\\\/\\\/redmediterranea.com\\\/index.php\\\/2026\\\/04\\\/28\\\/federico-leguizamon-no-hay-mal-que-dure-100-anos-a-la-espera-de-un-fallo-judicial\\\/#breadcrumb\",\"itemListElement\":[{\"@type\":\"ListItem\",\"position\":1,\"name\":\"Portada\",\"item\":\"https:\\\/\\\/redmediterranea.com\\\/\"},{\"@type\":\"ListItem\",\"position\":2,\"name\":\"Federico Leguizam\u00f3n (no hay mal que dure 100 a\u00f1os)A la espera de un fallo judicial\"}]},{\"@type\":\"WebSite\",\"@id\":\"https:\\\/\\\/redmediterranea.com\\\/#website\",\"url\":\"https:\\\/\\\/redmediterranea.com\\\/\",\"name\":\"Red Mediterr\u00e1nea\",\"description\":\"Noticias de De\u00e1n Funes\",\"publisher\":{\"@id\":\"https:\\\/\\\/redmediterranea.com\\\/#organization\"},\"potentialAction\":[{\"@type\":\"SearchAction\",\"target\":{\"@type\":\"EntryPoint\",\"urlTemplate\":\"https:\\\/\\\/redmediterranea.com\\\/?s={search_term_string}\"},\"query-input\":{\"@type\":\"PropertyValueSpecification\",\"valueRequired\":true,\"valueName\":\"search_term_string\"}}],\"inLanguage\":\"es\"},{\"@type\":\"Organization\",\"@id\":\"https:\\\/\\\/redmediterranea.com\\\/#organization\",\"name\":\"Red Mediterr\u00e1nea\",\"url\":\"https:\\\/\\\/redmediterranea.com\\\/\",\"logo\":{\"@type\":\"ImageObject\",\"inLanguage\":\"es\",\"@id\":\"https:\\\/\\\/redmediterranea.com\\\/#\\\/schema\\\/logo\\\/image\\\/\",\"url\":\"https:\\\/\\\/redmediterranea.com\\\/wp-content\\\/uploads\\\/2021\\\/09\\\/red.png\",\"contentUrl\":\"https:\\\/\\\/redmediterranea.com\\\/wp-content\\\/uploads\\\/2021\\\/09\\\/red.png\",\"width\":400,\"height\":260,\"caption\":\"Red Mediterr\u00e1nea\"},\"image\":{\"@id\":\"https:\\\/\\\/redmediterranea.com\\\/#\\\/schema\\\/logo\\\/image\\\/\"},\"sameAs\":[\"https:\\\/\\\/www.facebook.com\\\/redmediterranea.net\",\"https:\\\/\\\/www.youtube.com\\\/channel\\\/UCvm4ojIMOGKnk5v9TsWnFWQ\"]},{\"@type\":\"Person\",\"@id\":\"https:\\\/\\\/redmediterranea.com\\\/#\\\/schema\\\/person\\\/a59f6085115b75a865fb0338fe81d577\",\"name\":\"Red Mediterr\u00e1nea\",\"image\":{\"@type\":\"ImageObject\",\"inLanguage\":\"es\",\"@id\":\"https:\\\/\\\/redmediterranea.com\\\/wp-content\\\/litespeed\\\/avatar\\\/1a3770c806a5dd31cb05580dd57bedd6.jpg?ver=1777231671\",\"url\":\"https:\\\/\\\/redmediterranea.com\\\/wp-content\\\/litespeed\\\/avatar\\\/1a3770c806a5dd31cb05580dd57bedd6.jpg?ver=1777231671\",\"contentUrl\":\"https:\\\/\\\/redmediterranea.com\\\/wp-content\\\/litespeed\\\/avatar\\\/1a3770c806a5dd31cb05580dd57bedd6.jpg?ver=1777231671\",\"caption\":\"Red Mediterr\u00e1nea\"},\"sameAs\":[\"http:\\\/\\\/redmediterranea.com\"],\"url\":\"https:\\\/\\\/redmediterranea.com\\\/index.php\\\/author\\\/hg-hatecraft\\\/\"}]}<\/script>\n<!-- \/ Yoast SEO plugin. -->","yoast_head_json":{"title":"Federico Leguizam\u00f3n (no hay mal que dure 100 a\u00f1os)A la espera de un fallo judicial &#8212; Red Mediterr\u00e1nea","description":"Federico Leguizam\u00f3n (no hay mal que dure 100 a\u00f1os)A la espera de un fallo judicial Red Mediterr\u00e1nea Federico Leguizam\u00f3n (no hay mal que dure 100 a\u00f1os)A la espera de un fallo judicial","robots":{"index":"index","follow":"follow","max-snippet":"max-snippet:-1","max-image-preview":"max-image-preview:large","max-video-preview":"max-video-preview:-1"},"canonical":"https:\/\/redmediterranea.com\/index.php\/2026\/04\/28\/federico-leguizamon-no-hay-mal-que-dure-100-anos-a-la-espera-de-un-fallo-judicial\/","og_locale":"es_ES","og_type":"article","og_title":"Federico Leguizam\u00f3n (no hay mal que dure 100 a\u00f1os)A la espera de un fallo judicial &#8212; Red Mediterr\u00e1nea","og_description":"Federico Leguizam\u00f3n (no hay mal que dure 100 a\u00f1os)A la espera de un fallo judicial Red Mediterr\u00e1nea Federico Leguizam\u00f3n (no hay mal que dure 100 a\u00f1os)A la espera de un fallo judicial","og_url":"https:\/\/redmediterranea.com\/index.php\/2026\/04\/28\/federico-leguizamon-no-hay-mal-que-dure-100-anos-a-la-espera-de-un-fallo-judicial\/","og_site_name":"Red Mediterr\u00e1nea","article_publisher":"https:\/\/www.facebook.com\/redmediterranea.net","article_published_time":"2026-04-28T15:05:24+00:00","article_modified_time":"2026-04-28T15:05:25+00:00","og_image":[{"width":775,"height":430,"url":"https:\/\/redmediterranea.com\/wp-content\/uploads\/2026\/04\/leguizamon.png","type":"image\/png"}],"author":"Red Mediterr\u00e1nea","twitter_card":"summary_large_image","twitter_misc":{"Escrito por":"Red Mediterr\u00e1nea","Tiempo de lectura":"1 minuto"},"schema":{"@context":"https:\/\/schema.org","@graph":[{"@type":"Article","@id":"https:\/\/redmediterranea.com\/index.php\/2026\/04\/28\/federico-leguizamon-no-hay-mal-que-dure-100-anos-a-la-espera-de-un-fallo-judicial\/#article","isPartOf":{"@id":"https:\/\/redmediterranea.com\/index.php\/2026\/04\/28\/federico-leguizamon-no-hay-mal-que-dure-100-anos-a-la-espera-de-un-fallo-judicial\/"},"author":{"name":"Red Mediterr\u00e1nea","@id":"https:\/\/redmediterranea.com\/#\/schema\/person\/a59f6085115b75a865fb0338fe81d577"},"headline":"Federico Leguizam\u00f3n (no hay mal que dure 100 a\u00f1os)A la espera de un fallo judicial","datePublished":"2026-04-28T15:05:24+00:00","dateModified":"2026-04-28T15:05:25+00:00","mainEntityOfPage":{"@id":"https:\/\/redmediterranea.com\/index.php\/2026\/04\/28\/federico-leguizamon-no-hay-mal-que-dure-100-anos-a-la-espera-de-un-fallo-judicial\/"},"wordCount":22,"commentCount":0,"publisher":{"@id":"https:\/\/redmediterranea.com\/#organization"},"image":{"@id":"https:\/\/redmediterranea.com\/index.php\/2026\/04\/28\/federico-leguizamon-no-hay-mal-que-dure-100-anos-a-la-espera-de-un-fallo-judicial\/#primaryimage"},"thumbnailUrl":"https:\/\/redmediterranea.com\/wp-content\/uploads\/2026\/04\/leguizamon.png","keywords":["De\u00e1n Funes"],"articleSection":["Portada"],"inLanguage":"es","potentialAction":[{"@type":"CommentAction","name":"Comment","target":["https:\/\/redmediterranea.com\/index.php\/2026\/04\/28\/federico-leguizamon-no-hay-mal-que-dure-100-anos-a-la-espera-de-un-fallo-judicial\/#respond"]}]},{"@type":"WebPage","@id":"https:\/\/redmediterranea.com\/index.php\/2026\/04\/28\/federico-leguizamon-no-hay-mal-que-dure-100-anos-a-la-espera-de-un-fallo-judicial\/","url":"https:\/\/redmediterranea.com\/index.php\/2026\/04\/28\/federico-leguizamon-no-hay-mal-que-dure-100-anos-a-la-espera-de-un-fallo-judicial\/","name":"Federico Leguizam\u00f3n (no hay mal que dure 100 a\u00f1os)A la espera de un fallo judicial &#8212; Red Mediterr\u00e1nea","isPartOf":{"@id":"https:\/\/redmediterranea.com\/#website"},"primaryImageOfPage":{"@id":"https:\/\/redmediterranea.com\/index.php\/2026\/04\/28\/federico-leguizamon-no-hay-mal-que-dure-100-anos-a-la-espera-de-un-fallo-judicial\/#primaryimage"},"image":{"@id":"https:\/\/redmediterranea.com\/index.php\/2026\/04\/28\/federico-leguizamon-no-hay-mal-que-dure-100-anos-a-la-espera-de-un-fallo-judicial\/#primaryimage"},"thumbnailUrl":"https:\/\/redmediterranea.com\/wp-content\/uploads\/2026\/04\/leguizamon.png","datePublished":"2026-04-28T15:05:24+00:00","dateModified":"2026-04-28T15:05:25+00:00","description":"Federico Leguizam\u00f3n (no hay mal que dure 100 a\u00f1os)A la espera de un fallo judicial Red Mediterr\u00e1nea Federico Leguizam\u00f3n (no hay mal que dure 100 a\u00f1os)A la espera de un fallo judicial","breadcrumb":{"@id":"https:\/\/redmediterranea.com\/index.php\/2026\/04\/28\/federico-leguizamon-no-hay-mal-que-dure-100-anos-a-la-espera-de-un-fallo-judicial\/#breadcrumb"},"inLanguage":"es","potentialAction":[{"@type":"ReadAction","target":["https:\/\/redmediterranea.com\/index.php\/2026\/04\/28\/federico-leguizamon-no-hay-mal-que-dure-100-anos-a-la-espera-de-un-fallo-judicial\/"]}]},{"@type":"ImageObject","inLanguage":"es","@id":"https:\/\/redmediterranea.com\/index.php\/2026\/04\/28\/federico-leguizamon-no-hay-mal-que-dure-100-anos-a-la-espera-de-un-fallo-judicial\/#primaryimage","url":"https:\/\/redmediterranea.com\/wp-content\/uploads\/2026\/04\/leguizamon.png","contentUrl":"https:\/\/redmediterranea.com\/wp-content\/uploads\/2026\/04\/leguizamon.png","width":775,"height":430},{"@type":"BreadcrumbList","@id":"https:\/\/redmediterranea.com\/index.php\/2026\/04\/28\/federico-leguizamon-no-hay-mal-que-dure-100-anos-a-la-espera-de-un-fallo-judicial\/#breadcrumb","itemListElement":[{"@type":"ListItem","position":1,"name":"Portada","item":"https:\/\/redmediterranea.com\/"},{"@type":"ListItem","position":2,"name":"Federico Leguizam\u00f3n (no hay mal que dure 100 a\u00f1os)A la espera de un fallo judicial"}]},{"@type":"WebSite","@id":"https:\/\/redmediterranea.com\/#website","url":"https:\/\/redmediterranea.com\/","name":"Red Mediterr\u00e1nea","description":"Noticias de De\u00e1n Funes","publisher":{"@id":"https:\/\/redmediterranea.com\/#organization"},"potentialAction":[{"@type":"SearchAction","target":{"@type":"EntryPoint","urlTemplate":"https:\/\/redmediterranea.com\/?s={search_term_string}"},"query-input":{"@type":"PropertyValueSpecification","valueRequired":true,"valueName":"search_term_string"}}],"inLanguage":"es"},{"@type":"Organization","@id":"https:\/\/redmediterranea.com\/#organization","name":"Red Mediterr\u00e1nea","url":"https:\/\/redmediterranea.com\/","logo":{"@type":"ImageObject","inLanguage":"es","@id":"https:\/\/redmediterranea.com\/#\/schema\/logo\/image\/","url":"https:\/\/redmediterranea.com\/wp-content\/uploads\/2021\/09\/red.png","contentUrl":"https:\/\/redmediterranea.com\/wp-content\/uploads\/2021\/09\/red.png","width":400,"height":260,"caption":"Red Mediterr\u00e1nea"},"image":{"@id":"https:\/\/redmediterranea.com\/#\/schema\/logo\/image\/"},"sameAs":["https:\/\/www.facebook.com\/redmediterranea.net","https:\/\/www.youtube.com\/channel\/UCvm4ojIMOGKnk5v9TsWnFWQ"]},{"@type":"Person","@id":"https:\/\/redmediterranea.com\/#\/schema\/person\/a59f6085115b75a865fb0338fe81d577","name":"Red Mediterr\u00e1nea","image":{"@type":"ImageObject","inLanguage":"es","@id":"https:\/\/redmediterranea.com\/wp-content\/litespeed\/avatar\/1a3770c806a5dd31cb05580dd57bedd6.jpg?ver=1777231671","url":"https:\/\/redmediterranea.com\/wp-content\/litespeed\/avatar\/1a3770c806a5dd31cb05580dd57bedd6.jpg?ver=1777231671","contentUrl":"https:\/\/redmediterranea.com\/wp-content\/litespeed\/avatar\/1a3770c806a5dd31cb05580dd57bedd6.jpg?ver=1777231671","caption":"Red Mediterr\u00e1nea"},"sameAs":["http:\/\/redmediterranea.com"],"url":"https:\/\/redmediterranea.com\/index.php\/author\/hg-hatecraft\/"}]}},"_links":{"self":[{"href":"https:\/\/redmediterranea.com\/index.php\/wp-json\/wp\/v2\/posts\/16893","targetHints":{"allow":["GET"]}}],"collection":[{"href":"https:\/\/redmediterranea.com\/index.php\/wp-json\/wp\/v2\/posts"}],"about":[{"href":"https:\/\/redmediterranea.com\/index.php\/wp-json\/wp\/v2\/types\/post"}],"author":[{"embeddable":true,"href":"https:\/\/redmediterranea.com\/index.php\/wp-json\/wp\/v2\/users\/1"}],"replies":[{"embeddable":true,"href":"https:\/\/redmediterranea.com\/index.php\/wp-json\/wp\/v2\/comments?post=16893"}],"version-history":[{"count":1,"href":"https:\/\/redmediterranea.com\/index.php\/wp-json\/wp\/v2\/posts\/16893\/revisions"}],"predecessor-version":[{"id":16895,"href":"https:\/\/redmediterranea.com\/index.php\/wp-json\/wp\/v2\/posts\/16893\/revisions\/16895"}],"wp:featuredmedia":[{"embeddable":true,"href":"https:\/\/redmediterranea.com\/index.php\/wp-json\/wp\/v2\/media\/16894"}],"wp:attachment":[{"href":"https:\/\/redmediterranea.com\/index.php\/wp-json\/wp\/v2\/media?parent=16893"}],"wp:term":[{"taxonomy":"category","embeddable":true,"href":"https:\/\/redmediterranea.com\/index.php\/wp-json\/wp\/v2\/categories?post=16893"},{"taxonomy":"post_tag","embeddable":true,"href":"https:\/\/redmediterranea.com\/index.php\/wp-json\/wp\/v2\/tags?post=16893"}],"curies":[{"name":"wp","href":"https:\/\/api.w.org\/{rel}","templated":true}]}}