{"id":16887,"date":"2026-04-28T01:39:26","date_gmt":"2026-04-28T01:39:26","guid":{"rendered":"https:\/\/redmediterranea.com\/?p=16887"},"modified":"2026-04-28T01:39:27","modified_gmt":"2026-04-28T01:39:27","slug":"se-llevo-a-cabo-la-mesa-de-trabajo-trayectorias-cuidadas-para-el-abordaje-integral-de-la-comunidad","status":"publish","type":"post","link":"https:\/\/redmediterranea.com\/index.php\/2026\/04\/28\/se-llevo-a-cabo-la-mesa-de-trabajo-trayectorias-cuidadas-para-el-abordaje-integral-de-la-comunidad\/","title":{"rendered":"Se llev\u00f3 a cabo la Mesa de Trabajo \u00abTrayectorias Cuidadas\u00bb para el abordaje integral de la comunidad"},"content":{"rendered":"\n<p>En la ma\u00f1ana de hoy, se desarroll\u00f3 una importante jornada de trabajo en el marco del proyecto \u201cTrayectorias Cuidadas\u201d, una iniciativa coordinada por la Coordinaci\u00f3n Local de Educaci\u00f3n (CLE). El encuentro tuvo como objetivo central fortalecer la articulaci\u00f3n y optimizar los protocolos de acci\u00f3n ante situaciones que afectan a ni\u00f1os, j\u00f3venes y adultos de nuestra comunidad, haciendo especial \u00e9nfasis en la prevenci\u00f3n y la detecci\u00f3n temprana.<\/p>\n\n\n\n<p>La mesa de trabajo convoc\u00f3 a un amplio espectro de actores clave del sector p\u00fablico y la sociedad civil, reconociendo que el abordaje de las problem\u00e1ticas sociales requiere un enfoque interinstitucional y colaborativo.<\/p>\n\n\n\n<p>De la jornada participaron directivos de establecimientos educativos, el equipo de EPAE, representantes de los Servicios Locales, personal del Hospital Municipal, la Polic\u00eda, el Juzgado local, referentes de instituciones religiosas y diversos actores comunitarios.<\/p>\n","protected":false},"excerpt":{"rendered":"<p>En la ma\u00f1ana de hoy, se desarroll\u00f3 una importante jornada de trabajo en el marco del proyecto \u201cTrayectorias Cuidadas\u201d, una iniciativa coordinada por la Coordinaci\u00f3n Local de Educaci\u00f3n (CLE). El encuentro tuvo como objetivo central fortalecer la articulaci\u00f3n y optimizar los protocolos de acci\u00f3n ante situaciones que afectan a ni\u00f1os, j\u00f3venes y adultos de nuestra [&hellip;]<\/p>\n","protected":false},"author":1,"featured_media":16888,"comment_status":"open","ping_status":"open","sticky":false,"template":"","format":"standard","meta":{"footnotes":""},"categories":[4,3,1598],"tags":[510,4321,4322],"class_list":{"0":"post-16887","1":"post","2":"type-post","3":"status-publish","4":"format-standard","5":"has-post-thumbnail","7":"category-dean-funes","8":"category-locales","9":"category-seguridad","10":"tag-comunidad","11":"tag-mesa-de-trabajo","12":"tag-trayectorias-cuidadas"},"yoast_head":"<!-- This site is optimized with the Yoast SEO plugin v27.4 - https:\/\/yoast.com\/product\/yoast-seo-wordpress\/ -->\n<title>Se llev\u00f3 a cabo la Mesa de Trabajo &quot;Trayectorias Cuidadas&quot; para el abordaje integral de la comunidad &#8212; Red Mediterr\u00e1nea<\/title>\n<meta name=\"robots\" content=\"index, follow, max-snippet:-1, max-image-preview:large, max-video-preview:-1\" \/>\n<link rel=\"canonical\" href=\"https:\/\/redmediterranea.com\/index.php\/2026\/04\/28\/se-llevo-a-cabo-la-mesa-de-trabajo-trayectorias-cuidadas-para-el-abordaje-integral-de-la-comunidad\/\" \/>\n<meta property=\"og:locale\" content=\"es_ES\" \/>\n<meta property=\"og:type\" content=\"article\" \/>\n<meta property=\"og:title\" content=\"Se llev\u00f3 a cabo la Mesa de Trabajo &quot;Trayectorias Cuidadas&quot; para el abordaje integral de la comunidad &#8212; Red Mediterr\u00e1nea\" \/>\n<meta property=\"og:description\" content=\"En la ma\u00f1ana de hoy, se desarroll\u00f3 una importante jornada de trabajo en el marco del proyecto \u201cTrayectorias Cuidadas\u201d, una iniciativa coordinada por la Coordinaci\u00f3n Local de Educaci\u00f3n (CLE). El encuentro tuvo como objetivo central fortalecer la articulaci\u00f3n y optimizar los protocolos de acci\u00f3n ante situaciones que afectan a ni\u00f1os, j\u00f3venes y adultos de nuestra [&hellip;]\" \/>\n<meta property=\"og:url\" content=\"https:\/\/redmediterranea.com\/index.php\/2026\/04\/28\/se-llevo-a-cabo-la-mesa-de-trabajo-trayectorias-cuidadas-para-el-abordaje-integral-de-la-comunidad\/\" \/>\n<meta property=\"og:site_name\" content=\"Red Mediterr\u00e1nea\" \/>\n<meta property=\"article:publisher\" content=\"https:\/\/www.facebook.com\/redmediterranea.net\" \/>\n<meta property=\"article:published_time\" content=\"2026-04-28T01:39:26+00:00\" \/>\n<meta property=\"article:modified_time\" content=\"2026-04-28T01:39:27+00:00\" \/>\n<meta property=\"og:image\" content=\"https:\/\/redmediterranea.com\/wp-content\/uploads\/2026\/04\/WhatsApp-Image-2026-04-27-at-19.50.50.jpeg\" \/>\n\t<meta property=\"og:image:width\" content=\"1599\" \/>\n\t<meta property=\"og:image:height\" content=\"899\" \/>\n\t<meta property=\"og:image:type\" content=\"image\/jpeg\" \/>\n<meta name=\"author\" content=\"Red Mediterr\u00e1nea\" \/>\n<meta name=\"twitter:card\" content=\"summary_large_image\" \/>\n<meta name=\"twitter:label1\" content=\"Escrito por\" \/>\n\t<meta name=\"twitter:data1\" content=\"Red Mediterr\u00e1nea\" \/>\n\t<meta name=\"twitter:label2\" content=\"Tiempo de lectura\" \/>\n\t<meta name=\"twitter:data2\" content=\"1 minuto\" \/>\n<script type=\"application\/ld+json\" class=\"yoast-schema-graph\">{\"@context\":\"https:\\\/\\\/schema.org\",\"@graph\":[{\"@type\":\"Article\",\"@id\":\"https:\\\/\\\/redmediterranea.com\\\/index.php\\\/2026\\\/04\\\/28\\\/se-llevo-a-cabo-la-mesa-de-trabajo-trayectorias-cuidadas-para-el-abordaje-integral-de-la-comunidad\\\/#article\",\"isPartOf\":{\"@id\":\"https:\\\/\\\/redmediterranea.com\\\/index.php\\\/2026\\\/04\\\/28\\\/se-llevo-a-cabo-la-mesa-de-trabajo-trayectorias-cuidadas-para-el-abordaje-integral-de-la-comunidad\\\/\"},\"author\":{\"name\":\"Red Mediterr\u00e1nea\",\"@id\":\"https:\\\/\\\/redmediterranea.com\\\/#\\\/schema\\\/person\\\/a59f6085115b75a865fb0338fe81d577\"},\"headline\":\"Se llev\u00f3 a cabo la Mesa de Trabajo \u00abTrayectorias Cuidadas\u00bb para el abordaje integral de la comunidad\",\"datePublished\":\"2026-04-28T01:39:26+00:00\",\"dateModified\":\"2026-04-28T01:39:27+00:00\",\"mainEntityOfPage\":{\"@id\":\"https:\\\/\\\/redmediterranea.com\\\/index.php\\\/2026\\\/04\\\/28\\\/se-llevo-a-cabo-la-mesa-de-trabajo-trayectorias-cuidadas-para-el-abordaje-integral-de-la-comunidad\\\/\"},\"wordCount\":162,\"commentCount\":0,\"publisher\":{\"@id\":\"https:\\\/\\\/redmediterranea.com\\\/#organization\"},\"image\":{\"@id\":\"https:\\\/\\\/redmediterranea.com\\\/index.php\\\/2026\\\/04\\\/28\\\/se-llevo-a-cabo-la-mesa-de-trabajo-trayectorias-cuidadas-para-el-abordaje-integral-de-la-comunidad\\\/#primaryimage\"},\"thumbnailUrl\":\"https:\\\/\\\/redmediterranea.com\\\/wp-content\\\/uploads\\\/2026\\\/04\\\/WhatsApp-Image-2026-04-27-at-19.50.50.jpeg\",\"keywords\":[\"Comunidad\",\"Mesa de Trabajo\",\"Trayectorias Cuidadas\"],\"articleSection\":[\"De\u00e1n Funes\",\"Locales\",\"Seguridad\"],\"inLanguage\":\"es\",\"potentialAction\":[{\"@type\":\"CommentAction\",\"name\":\"Comment\",\"target\":[\"https:\\\/\\\/redmediterranea.com\\\/index.php\\\/2026\\\/04\\\/28\\\/se-llevo-a-cabo-la-mesa-de-trabajo-trayectorias-cuidadas-para-el-abordaje-integral-de-la-comunidad\\\/#respond\"]}]},{\"@type\":\"WebPage\",\"@id\":\"https:\\\/\\\/redmediterranea.com\\\/index.php\\\/2026\\\/04\\\/28\\\/se-llevo-a-cabo-la-mesa-de-trabajo-trayectorias-cuidadas-para-el-abordaje-integral-de-la-comunidad\\\/\",\"url\":\"https:\\\/\\\/redmediterranea.com\\\/index.php\\\/2026\\\/04\\\/28\\\/se-llevo-a-cabo-la-mesa-de-trabajo-trayectorias-cuidadas-para-el-abordaje-integral-de-la-comunidad\\\/\",\"name\":\"Se llev\u00f3 a cabo la Mesa de Trabajo \\\"Trayectorias Cuidadas\\\" para el abordaje integral de la comunidad &#8212; Red Mediterr\u00e1nea\",\"isPartOf\":{\"@id\":\"https:\\\/\\\/redmediterranea.com\\\/#website\"},\"primaryImageOfPage\":{\"@id\":\"https:\\\/\\\/redmediterranea.com\\\/index.php\\\/2026\\\/04\\\/28\\\/se-llevo-a-cabo-la-mesa-de-trabajo-trayectorias-cuidadas-para-el-abordaje-integral-de-la-comunidad\\\/#primaryimage\"},\"image\":{\"@id\":\"https:\\\/\\\/redmediterranea.com\\\/index.php\\\/2026\\\/04\\\/28\\\/se-llevo-a-cabo-la-mesa-de-trabajo-trayectorias-cuidadas-para-el-abordaje-integral-de-la-comunidad\\\/#primaryimage\"},\"thumbnailUrl\":\"https:\\\/\\\/redmediterranea.com\\\/wp-content\\\/uploads\\\/2026\\\/04\\\/WhatsApp-Image-2026-04-27-at-19.50.50.jpeg\",\"datePublished\":\"2026-04-28T01:39:26+00:00\",\"dateModified\":\"2026-04-28T01:39:27+00:00\",\"breadcrumb\":{\"@id\":\"https:\\\/\\\/redmediterranea.com\\\/index.php\\\/2026\\\/04\\\/28\\\/se-llevo-a-cabo-la-mesa-de-trabajo-trayectorias-cuidadas-para-el-abordaje-integral-de-la-comunidad\\\/#breadcrumb\"},\"inLanguage\":\"es\",\"potentialAction\":[{\"@type\":\"ReadAction\",\"target\":[\"https:\\\/\\\/redmediterranea.com\\\/index.php\\\/2026\\\/04\\\/28\\\/se-llevo-a-cabo-la-mesa-de-trabajo-trayectorias-cuidadas-para-el-abordaje-integral-de-la-comunidad\\\/\"]}]},{\"@type\":\"ImageObject\",\"inLanguage\":\"es\",\"@id\":\"https:\\\/\\\/redmediterranea.com\\\/index.php\\\/2026\\\/04\\\/28\\\/se-llevo-a-cabo-la-mesa-de-trabajo-trayectorias-cuidadas-para-el-abordaje-integral-de-la-comunidad\\\/#primaryimage\",\"url\":\"https:\\\/\\\/redmediterranea.com\\\/wp-content\\\/uploads\\\/2026\\\/04\\\/WhatsApp-Image-2026-04-27-at-19.50.50.jpeg\",\"contentUrl\":\"https:\\\/\\\/redmediterranea.com\\\/wp-content\\\/uploads\\\/2026\\\/04\\\/WhatsApp-Image-2026-04-27-at-19.50.50.jpeg\",\"width\":1599,\"height\":899},{\"@type\":\"BreadcrumbList\",\"@id\":\"https:\\\/\\\/redmediterranea.com\\\/index.php\\\/2026\\\/04\\\/28\\\/se-llevo-a-cabo-la-mesa-de-trabajo-trayectorias-cuidadas-para-el-abordaje-integral-de-la-comunidad\\\/#breadcrumb\",\"itemListElement\":[{\"@type\":\"ListItem\",\"position\":1,\"name\":\"Portada\",\"item\":\"https:\\\/\\\/redmediterranea.com\\\/\"},{\"@type\":\"ListItem\",\"position\":2,\"name\":\"Se llev\u00f3 a cabo la Mesa de Trabajo \u00abTrayectorias Cuidadas\u00bb para el abordaje integral de la comunidad\"}]},{\"@type\":\"WebSite\",\"@id\":\"https:\\\/\\\/redmediterranea.com\\\/#website\",\"url\":\"https:\\\/\\\/redmediterranea.com\\\/\",\"name\":\"Red Mediterr\u00e1nea\",\"description\":\"Noticias de De\u00e1n Funes\",\"publisher\":{\"@id\":\"https:\\\/\\\/redmediterranea.com\\\/#organization\"},\"potentialAction\":[{\"@type\":\"SearchAction\",\"target\":{\"@type\":\"EntryPoint\",\"urlTemplate\":\"https:\\\/\\\/redmediterranea.com\\\/?s={search_term_string}\"},\"query-input\":{\"@type\":\"PropertyValueSpecification\",\"valueRequired\":true,\"valueName\":\"search_term_string\"}}],\"inLanguage\":\"es\"},{\"@type\":\"Organization\",\"@id\":\"https:\\\/\\\/redmediterranea.com\\\/#organization\",\"name\":\"Red Mediterr\u00e1nea\",\"url\":\"https:\\\/\\\/redmediterranea.com\\\/\",\"logo\":{\"@type\":\"ImageObject\",\"inLanguage\":\"es\",\"@id\":\"https:\\\/\\\/redmediterranea.com\\\/#\\\/schema\\\/logo\\\/image\\\/\",\"url\":\"https:\\\/\\\/redmediterranea.com\\\/wp-content\\\/uploads\\\/2021\\\/09\\\/red.png\",\"contentUrl\":\"https:\\\/\\\/redmediterranea.com\\\/wp-content\\\/uploads\\\/2021\\\/09\\\/red.png\",\"width\":400,\"height\":260,\"caption\":\"Red Mediterr\u00e1nea\"},\"image\":{\"@id\":\"https:\\\/\\\/redmediterranea.com\\\/#\\\/schema\\\/logo\\\/image\\\/\"},\"sameAs\":[\"https:\\\/\\\/www.facebook.com\\\/redmediterranea.net\",\"https:\\\/\\\/www.youtube.com\\\/channel\\\/UCvm4ojIMOGKnk5v9TsWnFWQ\"]},{\"@type\":\"Person\",\"@id\":\"https:\\\/\\\/redmediterranea.com\\\/#\\\/schema\\\/person\\\/a59f6085115b75a865fb0338fe81d577\",\"name\":\"Red Mediterr\u00e1nea\",\"image\":{\"@type\":\"ImageObject\",\"inLanguage\":\"es\",\"@id\":\"https:\\\/\\\/redmediterranea.com\\\/wp-content\\\/litespeed\\\/avatar\\\/1a3770c806a5dd31cb05580dd57bedd6.jpg?ver=1777231671\",\"url\":\"https:\\\/\\\/redmediterranea.com\\\/wp-content\\\/litespeed\\\/avatar\\\/1a3770c806a5dd31cb05580dd57bedd6.jpg?ver=1777231671\",\"contentUrl\":\"https:\\\/\\\/redmediterranea.com\\\/wp-content\\\/litespeed\\\/avatar\\\/1a3770c806a5dd31cb05580dd57bedd6.jpg?ver=1777231671\",\"caption\":\"Red Mediterr\u00e1nea\"},\"sameAs\":[\"http:\\\/\\\/redmediterranea.com\"],\"url\":\"https:\\\/\\\/redmediterranea.com\\\/index.php\\\/author\\\/hg-hatecraft\\\/\"}]}<\/script>\n<!-- \/ Yoast SEO plugin. -->","yoast_head_json":{"title":"Se llev\u00f3 a cabo la Mesa de Trabajo \"Trayectorias Cuidadas\" para el abordaje integral de la comunidad &#8212; Red Mediterr\u00e1nea","robots":{"index":"index","follow":"follow","max-snippet":"max-snippet:-1","max-image-preview":"max-image-preview:large","max-video-preview":"max-video-preview:-1"},"canonical":"https:\/\/redmediterranea.com\/index.php\/2026\/04\/28\/se-llevo-a-cabo-la-mesa-de-trabajo-trayectorias-cuidadas-para-el-abordaje-integral-de-la-comunidad\/","og_locale":"es_ES","og_type":"article","og_title":"Se llev\u00f3 a cabo la Mesa de Trabajo \"Trayectorias Cuidadas\" para el abordaje integral de la comunidad &#8212; Red Mediterr\u00e1nea","og_description":"En la ma\u00f1ana de hoy, se desarroll\u00f3 una importante jornada de trabajo en el marco del proyecto \u201cTrayectorias Cuidadas\u201d, una iniciativa coordinada por la Coordinaci\u00f3n Local de Educaci\u00f3n (CLE). El encuentro tuvo como objetivo central fortalecer la articulaci\u00f3n y optimizar los protocolos de acci\u00f3n ante situaciones que afectan a ni\u00f1os, j\u00f3venes y adultos de nuestra [&hellip;]","og_url":"https:\/\/redmediterranea.com\/index.php\/2026\/04\/28\/se-llevo-a-cabo-la-mesa-de-trabajo-trayectorias-cuidadas-para-el-abordaje-integral-de-la-comunidad\/","og_site_name":"Red Mediterr\u00e1nea","article_publisher":"https:\/\/www.facebook.com\/redmediterranea.net","article_published_time":"2026-04-28T01:39:26+00:00","article_modified_time":"2026-04-28T01:39:27+00:00","og_image":[{"width":1599,"height":899,"url":"https:\/\/redmediterranea.com\/wp-content\/uploads\/2026\/04\/WhatsApp-Image-2026-04-27-at-19.50.50.jpeg","type":"image\/jpeg"}],"author":"Red Mediterr\u00e1nea","twitter_card":"summary_large_image","twitter_misc":{"Escrito por":"Red Mediterr\u00e1nea","Tiempo de lectura":"1 minuto"},"schema":{"@context":"https:\/\/schema.org","@graph":[{"@type":"Article","@id":"https:\/\/redmediterranea.com\/index.php\/2026\/04\/28\/se-llevo-a-cabo-la-mesa-de-trabajo-trayectorias-cuidadas-para-el-abordaje-integral-de-la-comunidad\/#article","isPartOf":{"@id":"https:\/\/redmediterranea.com\/index.php\/2026\/04\/28\/se-llevo-a-cabo-la-mesa-de-trabajo-trayectorias-cuidadas-para-el-abordaje-integral-de-la-comunidad\/"},"author":{"name":"Red Mediterr\u00e1nea","@id":"https:\/\/redmediterranea.com\/#\/schema\/person\/a59f6085115b75a865fb0338fe81d577"},"headline":"Se llev\u00f3 a cabo la Mesa de Trabajo \u00abTrayectorias Cuidadas\u00bb para el abordaje integral de la comunidad","datePublished":"2026-04-28T01:39:26+00:00","dateModified":"2026-04-28T01:39:27+00:00","mainEntityOfPage":{"@id":"https:\/\/redmediterranea.com\/index.php\/2026\/04\/28\/se-llevo-a-cabo-la-mesa-de-trabajo-trayectorias-cuidadas-para-el-abordaje-integral-de-la-comunidad\/"},"wordCount":162,"commentCount":0,"publisher":{"@id":"https:\/\/redmediterranea.com\/#organization"},"image":{"@id":"https:\/\/redmediterranea.com\/index.php\/2026\/04\/28\/se-llevo-a-cabo-la-mesa-de-trabajo-trayectorias-cuidadas-para-el-abordaje-integral-de-la-comunidad\/#primaryimage"},"thumbnailUrl":"https:\/\/redmediterranea.com\/wp-content\/uploads\/2026\/04\/WhatsApp-Image-2026-04-27-at-19.50.50.jpeg","keywords":["Comunidad","Mesa de Trabajo","Trayectorias Cuidadas"],"articleSection":["De\u00e1n Funes","Locales","Seguridad"],"inLanguage":"es","potentialAction":[{"@type":"CommentAction","name":"Comment","target":["https:\/\/redmediterranea.com\/index.php\/2026\/04\/28\/se-llevo-a-cabo-la-mesa-de-trabajo-trayectorias-cuidadas-para-el-abordaje-integral-de-la-comunidad\/#respond"]}]},{"@type":"WebPage","@id":"https:\/\/redmediterranea.com\/index.php\/2026\/04\/28\/se-llevo-a-cabo-la-mesa-de-trabajo-trayectorias-cuidadas-para-el-abordaje-integral-de-la-comunidad\/","url":"https:\/\/redmediterranea.com\/index.php\/2026\/04\/28\/se-llevo-a-cabo-la-mesa-de-trabajo-trayectorias-cuidadas-para-el-abordaje-integral-de-la-comunidad\/","name":"Se llev\u00f3 a cabo la Mesa de Trabajo \"Trayectorias Cuidadas\" para el abordaje integral de la comunidad &#8212; Red Mediterr\u00e1nea","isPartOf":{"@id":"https:\/\/redmediterranea.com\/#website"},"primaryImageOfPage":{"@id":"https:\/\/redmediterranea.com\/index.php\/2026\/04\/28\/se-llevo-a-cabo-la-mesa-de-trabajo-trayectorias-cuidadas-para-el-abordaje-integral-de-la-comunidad\/#primaryimage"},"image":{"@id":"https:\/\/redmediterranea.com\/index.php\/2026\/04\/28\/se-llevo-a-cabo-la-mesa-de-trabajo-trayectorias-cuidadas-para-el-abordaje-integral-de-la-comunidad\/#primaryimage"},"thumbnailUrl":"https:\/\/redmediterranea.com\/wp-content\/uploads\/2026\/04\/WhatsApp-Image-2026-04-27-at-19.50.50.jpeg","datePublished":"2026-04-28T01:39:26+00:00","dateModified":"2026-04-28T01:39:27+00:00","breadcrumb":{"@id":"https:\/\/redmediterranea.com\/index.php\/2026\/04\/28\/se-llevo-a-cabo-la-mesa-de-trabajo-trayectorias-cuidadas-para-el-abordaje-integral-de-la-comunidad\/#breadcrumb"},"inLanguage":"es","potentialAction":[{"@type":"ReadAction","target":["https:\/\/redmediterranea.com\/index.php\/2026\/04\/28\/se-llevo-a-cabo-la-mesa-de-trabajo-trayectorias-cuidadas-para-el-abordaje-integral-de-la-comunidad\/"]}]},{"@type":"ImageObject","inLanguage":"es","@id":"https:\/\/redmediterranea.com\/index.php\/2026\/04\/28\/se-llevo-a-cabo-la-mesa-de-trabajo-trayectorias-cuidadas-para-el-abordaje-integral-de-la-comunidad\/#primaryimage","url":"https:\/\/redmediterranea.com\/wp-content\/uploads\/2026\/04\/WhatsApp-Image-2026-04-27-at-19.50.50.jpeg","contentUrl":"https:\/\/redmediterranea.com\/wp-content\/uploads\/2026\/04\/WhatsApp-Image-2026-04-27-at-19.50.50.jpeg","width":1599,"height":899},{"@type":"BreadcrumbList","@id":"https:\/\/redmediterranea.com\/index.php\/2026\/04\/28\/se-llevo-a-cabo-la-mesa-de-trabajo-trayectorias-cuidadas-para-el-abordaje-integral-de-la-comunidad\/#breadcrumb","itemListElement":[{"@type":"ListItem","position":1,"name":"Portada","item":"https:\/\/redmediterranea.com\/"},{"@type":"ListItem","position":2,"name":"Se llev\u00f3 a cabo la Mesa de Trabajo \u00abTrayectorias Cuidadas\u00bb para el abordaje integral de la comunidad"}]},{"@type":"WebSite","@id":"https:\/\/redmediterranea.com\/#website","url":"https:\/\/redmediterranea.com\/","name":"Red Mediterr\u00e1nea","description":"Noticias de De\u00e1n Funes","publisher":{"@id":"https:\/\/redmediterranea.com\/#organization"},"potentialAction":[{"@type":"SearchAction","target":{"@type":"EntryPoint","urlTemplate":"https:\/\/redmediterranea.com\/?s={search_term_string}"},"query-input":{"@type":"PropertyValueSpecification","valueRequired":true,"valueName":"search_term_string"}}],"inLanguage":"es"},{"@type":"Organization","@id":"https:\/\/redmediterranea.com\/#organization","name":"Red Mediterr\u00e1nea","url":"https:\/\/redmediterranea.com\/","logo":{"@type":"ImageObject","inLanguage":"es","@id":"https:\/\/redmediterranea.com\/#\/schema\/logo\/image\/","url":"https:\/\/redmediterranea.com\/wp-content\/uploads\/2021\/09\/red.png","contentUrl":"https:\/\/redmediterranea.com\/wp-content\/uploads\/2021\/09\/red.png","width":400,"height":260,"caption":"Red Mediterr\u00e1nea"},"image":{"@id":"https:\/\/redmediterranea.com\/#\/schema\/logo\/image\/"},"sameAs":["https:\/\/www.facebook.com\/redmediterranea.net","https:\/\/www.youtube.com\/channel\/UCvm4ojIMOGKnk5v9TsWnFWQ"]},{"@type":"Person","@id":"https:\/\/redmediterranea.com\/#\/schema\/person\/a59f6085115b75a865fb0338fe81d577","name":"Red Mediterr\u00e1nea","image":{"@type":"ImageObject","inLanguage":"es","@id":"https:\/\/redmediterranea.com\/wp-content\/litespeed\/avatar\/1a3770c806a5dd31cb05580dd57bedd6.jpg?ver=1777231671","url":"https:\/\/redmediterranea.com\/wp-content\/litespeed\/avatar\/1a3770c806a5dd31cb05580dd57bedd6.jpg?ver=1777231671","contentUrl":"https:\/\/redmediterranea.com\/wp-content\/litespeed\/avatar\/1a3770c806a5dd31cb05580dd57bedd6.jpg?ver=1777231671","caption":"Red Mediterr\u00e1nea"},"sameAs":["http:\/\/redmediterranea.com"],"url":"https:\/\/redmediterranea.com\/index.php\/author\/hg-hatecraft\/"}]}},"_links":{"self":[{"href":"https:\/\/redmediterranea.com\/index.php\/wp-json\/wp\/v2\/posts\/16887","targetHints":{"allow":["GET"]}}],"collection":[{"href":"https:\/\/redmediterranea.com\/index.php\/wp-json\/wp\/v2\/posts"}],"about":[{"href":"https:\/\/redmediterranea.com\/index.php\/wp-json\/wp\/v2\/types\/post"}],"author":[{"embeddable":true,"href":"https:\/\/redmediterranea.com\/index.php\/wp-json\/wp\/v2\/users\/1"}],"replies":[{"embeddable":true,"href":"https:\/\/redmediterranea.com\/index.php\/wp-json\/wp\/v2\/comments?post=16887"}],"version-history":[{"count":1,"href":"https:\/\/redmediterranea.com\/index.php\/wp-json\/wp\/v2\/posts\/16887\/revisions"}],"predecessor-version":[{"id":16889,"href":"https:\/\/redmediterranea.com\/index.php\/wp-json\/wp\/v2\/posts\/16887\/revisions\/16889"}],"wp:featuredmedia":[{"embeddable":true,"href":"https:\/\/redmediterranea.com\/index.php\/wp-json\/wp\/v2\/media\/16888"}],"wp:attachment":[{"href":"https:\/\/redmediterranea.com\/index.php\/wp-json\/wp\/v2\/media?parent=16887"}],"wp:term":[{"taxonomy":"category","embeddable":true,"href":"https:\/\/redmediterranea.com\/index.php\/wp-json\/wp\/v2\/categories?post=16887"},{"taxonomy":"post_tag","embeddable":true,"href":"https:\/\/redmediterranea.com\/index.php\/wp-json\/wp\/v2\/tags?post=16887"}],"curies":[{"name":"wp","href":"https:\/\/api.w.org\/{rel}","templated":true}]}}