{"id":16082,"date":"2026-01-07T16:03:27","date_gmt":"2026-01-07T16:03:27","guid":{"rendered":"https:\/\/redmediterranea.com\/?p=16082"},"modified":"2026-01-07T16:03:49","modified_gmt":"2026-01-07T16:03:49","slug":"enero-en-la-piel-relincha-un-bagual","status":"publish","type":"post","link":"https:\/\/redmediterranea.com\/index.php\/2026\/01\/07\/enero-en-la-piel-relincha-un-bagual\/","title":{"rendered":"ENERO EN LA PIEL\u2026 RELINCHA UN BAGUAL!"},"content":{"rendered":"\n<p> C\u00f3mo todos los a\u00f1os, el renovado equipo de Red Mediterr\u00e1nea transmitir\u00e1 en vivo y en directo por todas sus plataformas el CUMPLEA\u00d1OS M\u00c1S LARGO DEL MUNDO.<\/p>\n\n\n\n<p> El Festival Nacional de Doma Y Folklore de Jes\u00fas Mar\u00eda en esta edici\u00f3n, cumplir\u00e1 sus 60 a\u00f1os a trav\u00e9s de nuestras pantallas. Con una nueva propuesta, nuevo formato, seguimos apostando para todos ustedes. \u00a1Acomp\u00e1\u00f1ennos con este gran regalo!  Viv\u00ed el COLOR Y CORAJE 2026 en <a href=\"http:\/\/www.redmediterranea.com\/\" target=\"_blank\" rel=\"noreferrer noopener\">www.redmediterranea.com<\/a> <\/p>\n\n\n\n<p><a href=\"http:\/\/www.redmediterranea.com\/\" rel=\"noreferrer noopener\" target=\"_blank\"><\/a><\/p>\n\n\n\n<p><a href=\"http:\/\/www.redmediterranea.com\/\" rel=\"noreferrer noopener\" target=\"_blank\">www.redmediterranea.com<\/a><\/p>\n\n\n\n<p><\/p>\n","protected":false},"excerpt":{"rendered":"<p>C\u00f3mo todos los a\u00f1os, el renovado equipo de Red Mediterr\u00e1nea transmitir\u00e1 en vivo y en directo por todas sus plataformas el CUMPLEA\u00d1OS M\u00c1S LARGO DEL MUNDO. El Festival Nacional de Doma Y Folklore de Jes\u00fas Mar\u00eda en esta edici\u00f3n, cumplir\u00e1 sus 60 a\u00f1os a trav\u00e9s de nuestras pantallas. Con una nueva propuesta, nuevo formato, seguimos [&hellip;]<\/p>\n","protected":false},"author":1,"featured_media":16083,"comment_status":"open","ping_status":"open","sticky":false,"template":"","format":"standard","meta":{"footnotes":""},"categories":[53,1],"tags":[],"class_list":{"0":"post-16082","1":"post","2":"type-post","3":"status-publish","4":"format-standard","5":"has-post-thumbnail","7":"category-portada","8":"category-sin-categoria"},"yoast_head":"<!-- This site is optimized with the Yoast SEO plugin v27.4 - https:\/\/yoast.com\/product\/yoast-seo-wordpress\/ -->\n<title>ENERO EN LA PIEL\u2026 RELINCHA UN BAGUAL! &#8212; Red Mediterr\u00e1nea<\/title>\n<meta name=\"robots\" content=\"index, follow, max-snippet:-1, max-image-preview:large, max-video-preview:-1\" \/>\n<link rel=\"canonical\" href=\"https:\/\/redmediterranea.com\/index.php\/2026\/01\/07\/enero-en-la-piel-relincha-un-bagual\/\" \/>\n<meta property=\"og:locale\" content=\"es_ES\" \/>\n<meta property=\"og:type\" content=\"article\" \/>\n<meta property=\"og:title\" content=\"ENERO EN LA PIEL\u2026 RELINCHA UN BAGUAL! &#8212; Red Mediterr\u00e1nea\" \/>\n<meta property=\"og:description\" content=\"C\u00f3mo todos los a\u00f1os, el renovado equipo de Red Mediterr\u00e1nea transmitir\u00e1 en vivo y en directo por todas sus plataformas el CUMPLEA\u00d1OS M\u00c1S LARGO DEL MUNDO. El Festival Nacional de Doma Y Folklore de Jes\u00fas Mar\u00eda en esta edici\u00f3n, cumplir\u00e1 sus 60 a\u00f1os a trav\u00e9s de nuestras pantallas. Con una nueva propuesta, nuevo formato, seguimos [&hellip;]\" \/>\n<meta property=\"og:url\" content=\"https:\/\/redmediterranea.com\/index.php\/2026\/01\/07\/enero-en-la-piel-relincha-un-bagual\/\" \/>\n<meta property=\"og:site_name\" content=\"Red Mediterr\u00e1nea\" \/>\n<meta property=\"article:publisher\" content=\"https:\/\/www.facebook.com\/redmediterranea.net\" \/>\n<meta property=\"article:published_time\" content=\"2026-01-07T16:03:27+00:00\" \/>\n<meta property=\"article:modified_time\" content=\"2026-01-07T16:03:49+00:00\" \/>\n<meta property=\"og:image\" content=\"https:\/\/redmediterranea.com\/wp-content\/uploads\/2026\/01\/b74ad9ec-9f07-4faf-aa42-3ff06a232861.jpg\" \/>\n\t<meta property=\"og:image:width\" content=\"1080\" \/>\n\t<meta property=\"og:image:height\" content=\"1440\" \/>\n\t<meta property=\"og:image:type\" content=\"image\/jpeg\" \/>\n<meta name=\"author\" content=\"Red Mediterr\u00e1nea\" \/>\n<meta name=\"twitter:card\" content=\"summary_large_image\" \/>\n<meta name=\"twitter:label1\" content=\"Escrito por\" \/>\n\t<meta name=\"twitter:data1\" content=\"Red Mediterr\u00e1nea\" \/>\n\t<meta name=\"twitter:label2\" content=\"Tiempo de lectura\" \/>\n\t<meta name=\"twitter:data2\" content=\"1 minuto\" \/>\n<script type=\"application\/ld+json\" class=\"yoast-schema-graph\">{\"@context\":\"https:\\\/\\\/schema.org\",\"@graph\":[{\"@type\":\"Article\",\"@id\":\"https:\\\/\\\/redmediterranea.com\\\/index.php\\\/2026\\\/01\\\/07\\\/enero-en-la-piel-relincha-un-bagual\\\/#article\",\"isPartOf\":{\"@id\":\"https:\\\/\\\/redmediterranea.com\\\/index.php\\\/2026\\\/01\\\/07\\\/enero-en-la-piel-relincha-un-bagual\\\/\"},\"author\":{\"name\":\"Red Mediterr\u00e1nea\",\"@id\":\"https:\\\/\\\/redmediterranea.com\\\/#\\\/schema\\\/person\\\/a59f6085115b75a865fb0338fe81d577\"},\"headline\":\"ENERO EN LA PIEL\u2026 RELINCHA UN BAGUAL!\",\"datePublished\":\"2026-01-07T16:03:27+00:00\",\"dateModified\":\"2026-01-07T16:03:49+00:00\",\"mainEntityOfPage\":{\"@id\":\"https:\\\/\\\/redmediterranea.com\\\/index.php\\\/2026\\\/01\\\/07\\\/enero-en-la-piel-relincha-un-bagual\\\/\"},\"wordCount\":93,\"commentCount\":0,\"publisher\":{\"@id\":\"https:\\\/\\\/redmediterranea.com\\\/#organization\"},\"image\":{\"@id\":\"https:\\\/\\\/redmediterranea.com\\\/index.php\\\/2026\\\/01\\\/07\\\/enero-en-la-piel-relincha-un-bagual\\\/#primaryimage\"},\"thumbnailUrl\":\"https:\\\/\\\/redmediterranea.com\\\/wp-content\\\/uploads\\\/2026\\\/01\\\/b74ad9ec-9f07-4faf-aa42-3ff06a232861.jpg\",\"articleSection\":[\"Portada\"],\"inLanguage\":\"es\",\"potentialAction\":[{\"@type\":\"CommentAction\",\"name\":\"Comment\",\"target\":[\"https:\\\/\\\/redmediterranea.com\\\/index.php\\\/2026\\\/01\\\/07\\\/enero-en-la-piel-relincha-un-bagual\\\/#respond\"]}]},{\"@type\":\"WebPage\",\"@id\":\"https:\\\/\\\/redmediterranea.com\\\/index.php\\\/2026\\\/01\\\/07\\\/enero-en-la-piel-relincha-un-bagual\\\/\",\"url\":\"https:\\\/\\\/redmediterranea.com\\\/index.php\\\/2026\\\/01\\\/07\\\/enero-en-la-piel-relincha-un-bagual\\\/\",\"name\":\"ENERO EN LA PIEL\u2026 RELINCHA UN BAGUAL! &#8212; Red Mediterr\u00e1nea\",\"isPartOf\":{\"@id\":\"https:\\\/\\\/redmediterranea.com\\\/#website\"},\"primaryImageOfPage\":{\"@id\":\"https:\\\/\\\/redmediterranea.com\\\/index.php\\\/2026\\\/01\\\/07\\\/enero-en-la-piel-relincha-un-bagual\\\/#primaryimage\"},\"image\":{\"@id\":\"https:\\\/\\\/redmediterranea.com\\\/index.php\\\/2026\\\/01\\\/07\\\/enero-en-la-piel-relincha-un-bagual\\\/#primaryimage\"},\"thumbnailUrl\":\"https:\\\/\\\/redmediterranea.com\\\/wp-content\\\/uploads\\\/2026\\\/01\\\/b74ad9ec-9f07-4faf-aa42-3ff06a232861.jpg\",\"datePublished\":\"2026-01-07T16:03:27+00:00\",\"dateModified\":\"2026-01-07T16:03:49+00:00\",\"breadcrumb\":{\"@id\":\"https:\\\/\\\/redmediterranea.com\\\/index.php\\\/2026\\\/01\\\/07\\\/enero-en-la-piel-relincha-un-bagual\\\/#breadcrumb\"},\"inLanguage\":\"es\",\"potentialAction\":[{\"@type\":\"ReadAction\",\"target\":[\"https:\\\/\\\/redmediterranea.com\\\/index.php\\\/2026\\\/01\\\/07\\\/enero-en-la-piel-relincha-un-bagual\\\/\"]}]},{\"@type\":\"ImageObject\",\"inLanguage\":\"es\",\"@id\":\"https:\\\/\\\/redmediterranea.com\\\/index.php\\\/2026\\\/01\\\/07\\\/enero-en-la-piel-relincha-un-bagual\\\/#primaryimage\",\"url\":\"https:\\\/\\\/redmediterranea.com\\\/wp-content\\\/uploads\\\/2026\\\/01\\\/b74ad9ec-9f07-4faf-aa42-3ff06a232861.jpg\",\"contentUrl\":\"https:\\\/\\\/redmediterranea.com\\\/wp-content\\\/uploads\\\/2026\\\/01\\\/b74ad9ec-9f07-4faf-aa42-3ff06a232861.jpg\",\"width\":1080,\"height\":1440},{\"@type\":\"BreadcrumbList\",\"@id\":\"https:\\\/\\\/redmediterranea.com\\\/index.php\\\/2026\\\/01\\\/07\\\/enero-en-la-piel-relincha-un-bagual\\\/#breadcrumb\",\"itemListElement\":[{\"@type\":\"ListItem\",\"position\":1,\"name\":\"Portada\",\"item\":\"https:\\\/\\\/redmediterranea.com\\\/\"},{\"@type\":\"ListItem\",\"position\":2,\"name\":\"ENERO EN LA PIEL\u2026 RELINCHA UN BAGUAL!\"}]},{\"@type\":\"WebSite\",\"@id\":\"https:\\\/\\\/redmediterranea.com\\\/#website\",\"url\":\"https:\\\/\\\/redmediterranea.com\\\/\",\"name\":\"Red Mediterr\u00e1nea\",\"description\":\"Noticias de De\u00e1n Funes\",\"publisher\":{\"@id\":\"https:\\\/\\\/redmediterranea.com\\\/#organization\"},\"potentialAction\":[{\"@type\":\"SearchAction\",\"target\":{\"@type\":\"EntryPoint\",\"urlTemplate\":\"https:\\\/\\\/redmediterranea.com\\\/?s={search_term_string}\"},\"query-input\":{\"@type\":\"PropertyValueSpecification\",\"valueRequired\":true,\"valueName\":\"search_term_string\"}}],\"inLanguage\":\"es\"},{\"@type\":\"Organization\",\"@id\":\"https:\\\/\\\/redmediterranea.com\\\/#organization\",\"name\":\"Red Mediterr\u00e1nea\",\"url\":\"https:\\\/\\\/redmediterranea.com\\\/\",\"logo\":{\"@type\":\"ImageObject\",\"inLanguage\":\"es\",\"@id\":\"https:\\\/\\\/redmediterranea.com\\\/#\\\/schema\\\/logo\\\/image\\\/\",\"url\":\"https:\\\/\\\/redmediterranea.com\\\/wp-content\\\/uploads\\\/2021\\\/09\\\/red.png\",\"contentUrl\":\"https:\\\/\\\/redmediterranea.com\\\/wp-content\\\/uploads\\\/2021\\\/09\\\/red.png\",\"width\":400,\"height\":260,\"caption\":\"Red Mediterr\u00e1nea\"},\"image\":{\"@id\":\"https:\\\/\\\/redmediterranea.com\\\/#\\\/schema\\\/logo\\\/image\\\/\"},\"sameAs\":[\"https:\\\/\\\/www.facebook.com\\\/redmediterranea.net\",\"https:\\\/\\\/www.youtube.com\\\/channel\\\/UCvm4ojIMOGKnk5v9TsWnFWQ\"]},{\"@type\":\"Person\",\"@id\":\"https:\\\/\\\/redmediterranea.com\\\/#\\\/schema\\\/person\\\/a59f6085115b75a865fb0338fe81d577\",\"name\":\"Red Mediterr\u00e1nea\",\"image\":{\"@type\":\"ImageObject\",\"inLanguage\":\"es\",\"@id\":\"https:\\\/\\\/redmediterranea.com\\\/wp-content\\\/litespeed\\\/avatar\\\/1a3770c806a5dd31cb05580dd57bedd6.jpg?ver=1776626807\",\"url\":\"https:\\\/\\\/redmediterranea.com\\\/wp-content\\\/litespeed\\\/avatar\\\/1a3770c806a5dd31cb05580dd57bedd6.jpg?ver=1776626807\",\"contentUrl\":\"https:\\\/\\\/redmediterranea.com\\\/wp-content\\\/litespeed\\\/avatar\\\/1a3770c806a5dd31cb05580dd57bedd6.jpg?ver=1776626807\",\"caption\":\"Red Mediterr\u00e1nea\"},\"sameAs\":[\"http:\\\/\\\/redmediterranea.com\"],\"url\":\"https:\\\/\\\/redmediterranea.com\\\/index.php\\\/author\\\/hg-hatecraft\\\/\"}]}<\/script>\n<!-- \/ Yoast SEO plugin. -->","yoast_head_json":{"title":"ENERO EN LA PIEL\u2026 RELINCHA UN BAGUAL! &#8212; Red Mediterr\u00e1nea","robots":{"index":"index","follow":"follow","max-snippet":"max-snippet:-1","max-image-preview":"max-image-preview:large","max-video-preview":"max-video-preview:-1"},"canonical":"https:\/\/redmediterranea.com\/index.php\/2026\/01\/07\/enero-en-la-piel-relincha-un-bagual\/","og_locale":"es_ES","og_type":"article","og_title":"ENERO EN LA PIEL\u2026 RELINCHA UN BAGUAL! &#8212; Red Mediterr\u00e1nea","og_description":"C\u00f3mo todos los a\u00f1os, el renovado equipo de Red Mediterr\u00e1nea transmitir\u00e1 en vivo y en directo por todas sus plataformas el CUMPLEA\u00d1OS M\u00c1S LARGO DEL MUNDO. El Festival Nacional de Doma Y Folklore de Jes\u00fas Mar\u00eda en esta edici\u00f3n, cumplir\u00e1 sus 60 a\u00f1os a trav\u00e9s de nuestras pantallas. Con una nueva propuesta, nuevo formato, seguimos [&hellip;]","og_url":"https:\/\/redmediterranea.com\/index.php\/2026\/01\/07\/enero-en-la-piel-relincha-un-bagual\/","og_site_name":"Red Mediterr\u00e1nea","article_publisher":"https:\/\/www.facebook.com\/redmediterranea.net","article_published_time":"2026-01-07T16:03:27+00:00","article_modified_time":"2026-01-07T16:03:49+00:00","og_image":[{"width":1080,"height":1440,"url":"https:\/\/redmediterranea.com\/wp-content\/uploads\/2026\/01\/b74ad9ec-9f07-4faf-aa42-3ff06a232861.jpg","type":"image\/jpeg"}],"author":"Red Mediterr\u00e1nea","twitter_card":"summary_large_image","twitter_misc":{"Escrito por":"Red Mediterr\u00e1nea","Tiempo de lectura":"1 minuto"},"schema":{"@context":"https:\/\/schema.org","@graph":[{"@type":"Article","@id":"https:\/\/redmediterranea.com\/index.php\/2026\/01\/07\/enero-en-la-piel-relincha-un-bagual\/#article","isPartOf":{"@id":"https:\/\/redmediterranea.com\/index.php\/2026\/01\/07\/enero-en-la-piel-relincha-un-bagual\/"},"author":{"name":"Red Mediterr\u00e1nea","@id":"https:\/\/redmediterranea.com\/#\/schema\/person\/a59f6085115b75a865fb0338fe81d577"},"headline":"ENERO EN LA PIEL\u2026 RELINCHA UN BAGUAL!","datePublished":"2026-01-07T16:03:27+00:00","dateModified":"2026-01-07T16:03:49+00:00","mainEntityOfPage":{"@id":"https:\/\/redmediterranea.com\/index.php\/2026\/01\/07\/enero-en-la-piel-relincha-un-bagual\/"},"wordCount":93,"commentCount":0,"publisher":{"@id":"https:\/\/redmediterranea.com\/#organization"},"image":{"@id":"https:\/\/redmediterranea.com\/index.php\/2026\/01\/07\/enero-en-la-piel-relincha-un-bagual\/#primaryimage"},"thumbnailUrl":"https:\/\/redmediterranea.com\/wp-content\/uploads\/2026\/01\/b74ad9ec-9f07-4faf-aa42-3ff06a232861.jpg","articleSection":["Portada"],"inLanguage":"es","potentialAction":[{"@type":"CommentAction","name":"Comment","target":["https:\/\/redmediterranea.com\/index.php\/2026\/01\/07\/enero-en-la-piel-relincha-un-bagual\/#respond"]}]},{"@type":"WebPage","@id":"https:\/\/redmediterranea.com\/index.php\/2026\/01\/07\/enero-en-la-piel-relincha-un-bagual\/","url":"https:\/\/redmediterranea.com\/index.php\/2026\/01\/07\/enero-en-la-piel-relincha-un-bagual\/","name":"ENERO EN LA PIEL\u2026 RELINCHA UN BAGUAL! &#8212; Red Mediterr\u00e1nea","isPartOf":{"@id":"https:\/\/redmediterranea.com\/#website"},"primaryImageOfPage":{"@id":"https:\/\/redmediterranea.com\/index.php\/2026\/01\/07\/enero-en-la-piel-relincha-un-bagual\/#primaryimage"},"image":{"@id":"https:\/\/redmediterranea.com\/index.php\/2026\/01\/07\/enero-en-la-piel-relincha-un-bagual\/#primaryimage"},"thumbnailUrl":"https:\/\/redmediterranea.com\/wp-content\/uploads\/2026\/01\/b74ad9ec-9f07-4faf-aa42-3ff06a232861.jpg","datePublished":"2026-01-07T16:03:27+00:00","dateModified":"2026-01-07T16:03:49+00:00","breadcrumb":{"@id":"https:\/\/redmediterranea.com\/index.php\/2026\/01\/07\/enero-en-la-piel-relincha-un-bagual\/#breadcrumb"},"inLanguage":"es","potentialAction":[{"@type":"ReadAction","target":["https:\/\/redmediterranea.com\/index.php\/2026\/01\/07\/enero-en-la-piel-relincha-un-bagual\/"]}]},{"@type":"ImageObject","inLanguage":"es","@id":"https:\/\/redmediterranea.com\/index.php\/2026\/01\/07\/enero-en-la-piel-relincha-un-bagual\/#primaryimage","url":"https:\/\/redmediterranea.com\/wp-content\/uploads\/2026\/01\/b74ad9ec-9f07-4faf-aa42-3ff06a232861.jpg","contentUrl":"https:\/\/redmediterranea.com\/wp-content\/uploads\/2026\/01\/b74ad9ec-9f07-4faf-aa42-3ff06a232861.jpg","width":1080,"height":1440},{"@type":"BreadcrumbList","@id":"https:\/\/redmediterranea.com\/index.php\/2026\/01\/07\/enero-en-la-piel-relincha-un-bagual\/#breadcrumb","itemListElement":[{"@type":"ListItem","position":1,"name":"Portada","item":"https:\/\/redmediterranea.com\/"},{"@type":"ListItem","position":2,"name":"ENERO EN LA PIEL\u2026 RELINCHA UN BAGUAL!"}]},{"@type":"WebSite","@id":"https:\/\/redmediterranea.com\/#website","url":"https:\/\/redmediterranea.com\/","name":"Red Mediterr\u00e1nea","description":"Noticias de De\u00e1n Funes","publisher":{"@id":"https:\/\/redmediterranea.com\/#organization"},"potentialAction":[{"@type":"SearchAction","target":{"@type":"EntryPoint","urlTemplate":"https:\/\/redmediterranea.com\/?s={search_term_string}"},"query-input":{"@type":"PropertyValueSpecification","valueRequired":true,"valueName":"search_term_string"}}],"inLanguage":"es"},{"@type":"Organization","@id":"https:\/\/redmediterranea.com\/#organization","name":"Red Mediterr\u00e1nea","url":"https:\/\/redmediterranea.com\/","logo":{"@type":"ImageObject","inLanguage":"es","@id":"https:\/\/redmediterranea.com\/#\/schema\/logo\/image\/","url":"https:\/\/redmediterranea.com\/wp-content\/uploads\/2021\/09\/red.png","contentUrl":"https:\/\/redmediterranea.com\/wp-content\/uploads\/2021\/09\/red.png","width":400,"height":260,"caption":"Red Mediterr\u00e1nea"},"image":{"@id":"https:\/\/redmediterranea.com\/#\/schema\/logo\/image\/"},"sameAs":["https:\/\/www.facebook.com\/redmediterranea.net","https:\/\/www.youtube.com\/channel\/UCvm4ojIMOGKnk5v9TsWnFWQ"]},{"@type":"Person","@id":"https:\/\/redmediterranea.com\/#\/schema\/person\/a59f6085115b75a865fb0338fe81d577","name":"Red Mediterr\u00e1nea","image":{"@type":"ImageObject","inLanguage":"es","@id":"https:\/\/redmediterranea.com\/wp-content\/litespeed\/avatar\/1a3770c806a5dd31cb05580dd57bedd6.jpg?ver=1776626807","url":"https:\/\/redmediterranea.com\/wp-content\/litespeed\/avatar\/1a3770c806a5dd31cb05580dd57bedd6.jpg?ver=1776626807","contentUrl":"https:\/\/redmediterranea.com\/wp-content\/litespeed\/avatar\/1a3770c806a5dd31cb05580dd57bedd6.jpg?ver=1776626807","caption":"Red Mediterr\u00e1nea"},"sameAs":["http:\/\/redmediterranea.com"],"url":"https:\/\/redmediterranea.com\/index.php\/author\/hg-hatecraft\/"}]}},"_links":{"self":[{"href":"https:\/\/redmediterranea.com\/index.php\/wp-json\/wp\/v2\/posts\/16082","targetHints":{"allow":["GET"]}}],"collection":[{"href":"https:\/\/redmediterranea.com\/index.php\/wp-json\/wp\/v2\/posts"}],"about":[{"href":"https:\/\/redmediterranea.com\/index.php\/wp-json\/wp\/v2\/types\/post"}],"author":[{"embeddable":true,"href":"https:\/\/redmediterranea.com\/index.php\/wp-json\/wp\/v2\/users\/1"}],"replies":[{"embeddable":true,"href":"https:\/\/redmediterranea.com\/index.php\/wp-json\/wp\/v2\/comments?post=16082"}],"version-history":[{"count":1,"href":"https:\/\/redmediterranea.com\/index.php\/wp-json\/wp\/v2\/posts\/16082\/revisions"}],"predecessor-version":[{"id":16084,"href":"https:\/\/redmediterranea.com\/index.php\/wp-json\/wp\/v2\/posts\/16082\/revisions\/16084"}],"wp:featuredmedia":[{"embeddable":true,"href":"https:\/\/redmediterranea.com\/index.php\/wp-json\/wp\/v2\/media\/16083"}],"wp:attachment":[{"href":"https:\/\/redmediterranea.com\/index.php\/wp-json\/wp\/v2\/media?parent=16082"}],"wp:term":[{"taxonomy":"category","embeddable":true,"href":"https:\/\/redmediterranea.com\/index.php\/wp-json\/wp\/v2\/categories?post=16082"},{"taxonomy":"post_tag","embeddable":true,"href":"https:\/\/redmediterranea.com\/index.php\/wp-json\/wp\/v2\/tags?post=16082"}],"curies":[{"name":"wp","href":"https:\/\/api.w.org\/{rel}","templated":true}]}}