{"id":1603,"date":"2022-02-25T13:10:23","date_gmt":"2022-02-25T13:10:23","guid":{"rendered":"https:\/\/redmediterranea.com\/?p=1603"},"modified":"2022-02-25T13:10:25","modified_gmt":"2022-02-25T13:10:25","slug":"preocupado-el-papa-se-reunio-con-el-embajador-ruso","status":"publish","type":"post","link":"https:\/\/redmediterranea.com\/index.php\/2022\/02\/25\/preocupado-el-papa-se-reunio-con-el-embajador-ruso\/","title":{"rendered":"\u00abPreocupado\u00bb, el Papa se reuni\u00f3 con el embajador ruso"},"content":{"rendered":"\n<p>El papa&nbsp;<a href=\"https:\/\/www.cadena3.com\/pagina\/tag\/?q=Francisco\" target=\"_blank\" rel=\"noreferrer noopener\">Francisco<\/a>&nbsp;visit\u00f3 este viernes la embajada rusa ante el Vaticano, donde se reuni\u00f3 con el embajador Alexander Avdeev para intentar mediar en el conflicto entre ese pa\u00eds y&nbsp;<a href=\"https:\/\/www.cadena3.com\/pagina\/tag\/?q=Ucrania\" target=\"_blank\" rel=\"noreferrer noopener\">Ucrania<\/a>, desatado tras el ataque a gran escala de Mosc\u00fa de la madrugada del jueves y manifest\u00f3 su&nbsp;<strong>\u00abpreocupaci\u00f3n por la guerra\u00bb.<\/strong><\/p>\n\n\n\n<p>El pont\u00edfice estuvo durante m\u00e1s de media hora en la sede diplom\u00e1tica de V\u00eda della Conciliazione 10, a metros de Plaza San Pedro, luego de que la Santa Sede pidiera ayer que se evite \u00abla locura\u00bb de la guerra.<\/p>\n\n\n\n<p>El pont\u00edfice, plantearon fuentes vaticanas, fue a manifestar su \u00abpreocupaci\u00f3n por la guerra\u00bb.<\/p>\n\n\n\n<p>La postura p\u00fablica de la Santa Sede, por el momento, viene expresada a trav\u00e9s del secretario de Estado Pietro Parolin, quien ayer plante\u00f3 que a\u00fan hay \u00abespacio para la negociaci\u00f3n\u00bb incluso despu\u00e9s de lo que llam\u00f3, sin rodeos, un \u00abinicio de las operaciones militares rusas en territorio ucraniano\u00bb.<\/p>\n\n\n\n<p>Por lo general,&nbsp;<strong>el Vaticano suele requerir que las dos partes involucradas en un conflicto pidan la mediaci\u00f3n<\/strong>, recordaron a&nbsp;<em>T\u00e9lam<\/em>&nbsp;fuentes de la Santa Sede.<\/p>\n\n\n\n<p>El mi\u00e9rcoles, antes del inicio de la escalada rusa, el Papa hab\u00eda advertido por los \u00abescenarios cada vez m\u00e1s alarmantes\u00bb que se abr\u00edan en el pa\u00eds europeo ante la suba de tensi\u00f3n en el conflicto con Rusia.<\/p>\n\n\n\n<p>\u00abComo yo, tanta gente en todo el mundo est\u00e1 atravesando angustia y preocupaci\u00f3n.&nbsp;<strong>Una vez m\u00e1s la paz de todos est\u00e1 amenazada por intereses de partes<\/strong>\u00ab, hab\u00eda planteado el pont\u00edfice en el Aula Pablo VI al terminar su tradicional encuentro semanal con fieles.<\/p>\n\n\n\n<p><strong>\u00abQuiero apelar a los que tienen responsabilidades pol\u00edticas para que hagan un serio examen de conciencia frente a Dios, que es Dios de la paz y no de la guerra. El padre de todos, no solo de algunos, que nos quiere hermanos y no enemigos\u00bb, agreg\u00f3<\/strong>&nbsp;el Papa antes de convocar a una jornada de ayuno y oraci\u00f3n por la paz para el pr\u00f3ximo mi\u00e9rcoles 2 de marzo.<\/p>\n","protected":false},"excerpt":{"rendered":"<p>El papa&nbsp;Francisco&nbsp;visit\u00f3 este viernes la embajada rusa ante el Vaticano, donde se reuni\u00f3 con el embajador Alexander Avdeev para intentar mediar en el conflicto entre ese pa\u00eds y&nbsp;Ucrania, desatado tras el ataque a gran escala de Mosc\u00fa de la madrugada del jueves y manifest\u00f3 su&nbsp;\u00abpreocupaci\u00f3n por la guerra\u00bb. El pont\u00edfice estuvo durante m\u00e1s de media [&hellip;]<\/p>\n","protected":false},"author":2,"featured_media":1604,"comment_status":"open","ping_status":"open","sticky":false,"template":"","format":"standard","meta":{"footnotes":""},"categories":[643],"tags":[],"class_list":{"0":"post-1603","1":"post","2":"type-post","3":"status-publish","4":"format-standard","5":"has-post-thumbnail","7":"category-internacional"},"yoast_head":"<!-- This site is optimized with the Yoast SEO plugin v27.4 - https:\/\/yoast.com\/product\/yoast-seo-wordpress\/ -->\n<title>&quot;Preocupado&quot;, el Papa se reuni\u00f3 con el embajador ruso &#8212; Red Mediterr\u00e1nea<\/title>\n<meta name=\"robots\" content=\"index, follow, max-snippet:-1, max-image-preview:large, max-video-preview:-1\" \/>\n<link rel=\"canonical\" href=\"https:\/\/redmediterranea.com\/index.php\/2022\/02\/25\/preocupado-el-papa-se-reunio-con-el-embajador-ruso\/\" \/>\n<meta property=\"og:locale\" content=\"es_ES\" \/>\n<meta property=\"og:type\" content=\"article\" \/>\n<meta property=\"og:title\" content=\"&quot;Preocupado&quot;, el Papa se reuni\u00f3 con el embajador ruso &#8212; Red Mediterr\u00e1nea\" \/>\n<meta property=\"og:description\" content=\"El papa&nbsp;Francisco&nbsp;visit\u00f3 este viernes la embajada rusa ante el Vaticano, donde se reuni\u00f3 con el embajador Alexander Avdeev para intentar mediar en el conflicto entre ese pa\u00eds y&nbsp;Ucrania, desatado tras el ataque a gran escala de Mosc\u00fa de la madrugada del jueves y manifest\u00f3 su&nbsp;\u00abpreocupaci\u00f3n por la guerra\u00bb. El pont\u00edfice estuvo durante m\u00e1s de media [&hellip;]\" \/>\n<meta property=\"og:url\" content=\"https:\/\/redmediterranea.com\/index.php\/2022\/02\/25\/preocupado-el-papa-se-reunio-con-el-embajador-ruso\/\" \/>\n<meta property=\"og:site_name\" content=\"Red Mediterr\u00e1nea\" \/>\n<meta property=\"article:publisher\" content=\"https:\/\/www.facebook.com\/redmediterranea.net\" \/>\n<meta property=\"article:published_time\" content=\"2022-02-25T13:10:23+00:00\" \/>\n<meta property=\"article:modified_time\" content=\"2022-02-25T13:10:25+00:00\" \/>\n<meta property=\"og:image\" content=\"http:\/\/redmediterranea.com\/wp-content\/uploads\/2022\/02\/ARCHI_892724.jpg\" \/>\n\t<meta property=\"og:image:width\" content=\"760\" \/>\n\t<meta property=\"og:image:height\" content=\"427\" \/>\n\t<meta property=\"og:image:type\" content=\"image\/jpeg\" \/>\n<meta name=\"author\" content=\"Evita Coria\" \/>\n<meta name=\"twitter:card\" content=\"summary_large_image\" \/>\n<meta name=\"twitter:label1\" content=\"Escrito por\" \/>\n\t<meta name=\"twitter:data1\" content=\"Evita Coria\" \/>\n\t<meta name=\"twitter:label2\" content=\"Tiempo de lectura\" \/>\n\t<meta name=\"twitter:data2\" content=\"2 minutos\" \/>\n<script type=\"application\/ld+json\" class=\"yoast-schema-graph\">{\"@context\":\"https:\\\/\\\/schema.org\",\"@graph\":[{\"@type\":\"Article\",\"@id\":\"https:\\\/\\\/redmediterranea.com\\\/index.php\\\/2022\\\/02\\\/25\\\/preocupado-el-papa-se-reunio-con-el-embajador-ruso\\\/#article\",\"isPartOf\":{\"@id\":\"https:\\\/\\\/redmediterranea.com\\\/index.php\\\/2022\\\/02\\\/25\\\/preocupado-el-papa-se-reunio-con-el-embajador-ruso\\\/\"},\"author\":{\"name\":\"Evita Coria\",\"@id\":\"https:\\\/\\\/redmediterranea.com\\\/#\\\/schema\\\/person\\\/871611ef47326551416a2a9a6318c6cb\"},\"headline\":\"\u00abPreocupado\u00bb, el Papa se reuni\u00f3 con el embajador ruso\",\"datePublished\":\"2022-02-25T13:10:23+00:00\",\"dateModified\":\"2022-02-25T13:10:25+00:00\",\"mainEntityOfPage\":{\"@id\":\"https:\\\/\\\/redmediterranea.com\\\/index.php\\\/2022\\\/02\\\/25\\\/preocupado-el-papa-se-reunio-con-el-embajador-ruso\\\/\"},\"wordCount\":371,\"commentCount\":0,\"publisher\":{\"@id\":\"https:\\\/\\\/redmediterranea.com\\\/#organization\"},\"image\":{\"@id\":\"https:\\\/\\\/redmediterranea.com\\\/index.php\\\/2022\\\/02\\\/25\\\/preocupado-el-papa-se-reunio-con-el-embajador-ruso\\\/#primaryimage\"},\"thumbnailUrl\":\"https:\\\/\\\/redmediterranea.com\\\/wp-content\\\/uploads\\\/2022\\\/02\\\/ARCHI_892724.jpg\",\"articleSection\":[\"internacional\"],\"inLanguage\":\"es\",\"potentialAction\":[{\"@type\":\"CommentAction\",\"name\":\"Comment\",\"target\":[\"https:\\\/\\\/redmediterranea.com\\\/index.php\\\/2022\\\/02\\\/25\\\/preocupado-el-papa-se-reunio-con-el-embajador-ruso\\\/#respond\"]}]},{\"@type\":\"WebPage\",\"@id\":\"https:\\\/\\\/redmediterranea.com\\\/index.php\\\/2022\\\/02\\\/25\\\/preocupado-el-papa-se-reunio-con-el-embajador-ruso\\\/\",\"url\":\"https:\\\/\\\/redmediterranea.com\\\/index.php\\\/2022\\\/02\\\/25\\\/preocupado-el-papa-se-reunio-con-el-embajador-ruso\\\/\",\"name\":\"\\\"Preocupado\\\", el Papa se reuni\u00f3 con el embajador ruso &#8212; Red Mediterr\u00e1nea\",\"isPartOf\":{\"@id\":\"https:\\\/\\\/redmediterranea.com\\\/#website\"},\"primaryImageOfPage\":{\"@id\":\"https:\\\/\\\/redmediterranea.com\\\/index.php\\\/2022\\\/02\\\/25\\\/preocupado-el-papa-se-reunio-con-el-embajador-ruso\\\/#primaryimage\"},\"image\":{\"@id\":\"https:\\\/\\\/redmediterranea.com\\\/index.php\\\/2022\\\/02\\\/25\\\/preocupado-el-papa-se-reunio-con-el-embajador-ruso\\\/#primaryimage\"},\"thumbnailUrl\":\"https:\\\/\\\/redmediterranea.com\\\/wp-content\\\/uploads\\\/2022\\\/02\\\/ARCHI_892724.jpg\",\"datePublished\":\"2022-02-25T13:10:23+00:00\",\"dateModified\":\"2022-02-25T13:10:25+00:00\",\"breadcrumb\":{\"@id\":\"https:\\\/\\\/redmediterranea.com\\\/index.php\\\/2022\\\/02\\\/25\\\/preocupado-el-papa-se-reunio-con-el-embajador-ruso\\\/#breadcrumb\"},\"inLanguage\":\"es\",\"potentialAction\":[{\"@type\":\"ReadAction\",\"target\":[\"https:\\\/\\\/redmediterranea.com\\\/index.php\\\/2022\\\/02\\\/25\\\/preocupado-el-papa-se-reunio-con-el-embajador-ruso\\\/\"]}]},{\"@type\":\"ImageObject\",\"inLanguage\":\"es\",\"@id\":\"https:\\\/\\\/redmediterranea.com\\\/index.php\\\/2022\\\/02\\\/25\\\/preocupado-el-papa-se-reunio-con-el-embajador-ruso\\\/#primaryimage\",\"url\":\"https:\\\/\\\/redmediterranea.com\\\/wp-content\\\/uploads\\\/2022\\\/02\\\/ARCHI_892724.jpg\",\"contentUrl\":\"https:\\\/\\\/redmediterranea.com\\\/wp-content\\\/uploads\\\/2022\\\/02\\\/ARCHI_892724.jpg\",\"width\":760,\"height\":427},{\"@type\":\"BreadcrumbList\",\"@id\":\"https:\\\/\\\/redmediterranea.com\\\/index.php\\\/2022\\\/02\\\/25\\\/preocupado-el-papa-se-reunio-con-el-embajador-ruso\\\/#breadcrumb\",\"itemListElement\":[{\"@type\":\"ListItem\",\"position\":1,\"name\":\"Portada\",\"item\":\"https:\\\/\\\/redmediterranea.com\\\/\"},{\"@type\":\"ListItem\",\"position\":2,\"name\":\"\u00abPreocupado\u00bb, el Papa se reuni\u00f3 con el embajador ruso\"}]},{\"@type\":\"WebSite\",\"@id\":\"https:\\\/\\\/redmediterranea.com\\\/#website\",\"url\":\"https:\\\/\\\/redmediterranea.com\\\/\",\"name\":\"Red Mediterr\u00e1nea\",\"description\":\"Noticias de De\u00e1n Funes\",\"publisher\":{\"@id\":\"https:\\\/\\\/redmediterranea.com\\\/#organization\"},\"potentialAction\":[{\"@type\":\"SearchAction\",\"target\":{\"@type\":\"EntryPoint\",\"urlTemplate\":\"https:\\\/\\\/redmediterranea.com\\\/?s={search_term_string}\"},\"query-input\":{\"@type\":\"PropertyValueSpecification\",\"valueRequired\":true,\"valueName\":\"search_term_string\"}}],\"inLanguage\":\"es\"},{\"@type\":\"Organization\",\"@id\":\"https:\\\/\\\/redmediterranea.com\\\/#organization\",\"name\":\"Red Mediterr\u00e1nea\",\"url\":\"https:\\\/\\\/redmediterranea.com\\\/\",\"logo\":{\"@type\":\"ImageObject\",\"inLanguage\":\"es\",\"@id\":\"https:\\\/\\\/redmediterranea.com\\\/#\\\/schema\\\/logo\\\/image\\\/\",\"url\":\"https:\\\/\\\/redmediterranea.com\\\/wp-content\\\/uploads\\\/2021\\\/09\\\/red.png\",\"contentUrl\":\"https:\\\/\\\/redmediterranea.com\\\/wp-content\\\/uploads\\\/2021\\\/09\\\/red.png\",\"width\":400,\"height\":260,\"caption\":\"Red Mediterr\u00e1nea\"},\"image\":{\"@id\":\"https:\\\/\\\/redmediterranea.com\\\/#\\\/schema\\\/logo\\\/image\\\/\"},\"sameAs\":[\"https:\\\/\\\/www.facebook.com\\\/redmediterranea.net\",\"https:\\\/\\\/www.youtube.com\\\/channel\\\/UCvm4ojIMOGKnk5v9TsWnFWQ\"]},{\"@type\":\"Person\",\"@id\":\"https:\\\/\\\/redmediterranea.com\\\/#\\\/schema\\\/person\\\/871611ef47326551416a2a9a6318c6cb\",\"name\":\"Evita Coria\",\"image\":{\"@type\":\"ImageObject\",\"inLanguage\":\"es\",\"@id\":\"https:\\\/\\\/redmediterranea.com\\\/wp-content\\\/litespeed\\\/avatar\\\/361d825290e5f6638544636f5cb7a496.jpg?ver=1777236600\",\"url\":\"https:\\\/\\\/redmediterranea.com\\\/wp-content\\\/litespeed\\\/avatar\\\/361d825290e5f6638544636f5cb7a496.jpg?ver=1777236600\",\"contentUrl\":\"https:\\\/\\\/redmediterranea.com\\\/wp-content\\\/litespeed\\\/avatar\\\/361d825290e5f6638544636f5cb7a496.jpg?ver=1777236600\",\"caption\":\"Evita Coria\"},\"sameAs\":[\"https:\\\/\\\/redmediterranea.com\\\/\"],\"url\":\"https:\\\/\\\/redmediterranea.com\\\/index.php\\\/author\\\/evita\\\/\"}]}<\/script>\n<!-- \/ Yoast SEO plugin. -->","yoast_head_json":{"title":"\"Preocupado\", el Papa se reuni\u00f3 con el embajador ruso &#8212; Red Mediterr\u00e1nea","robots":{"index":"index","follow":"follow","max-snippet":"max-snippet:-1","max-image-preview":"max-image-preview:large","max-video-preview":"max-video-preview:-1"},"canonical":"https:\/\/redmediterranea.com\/index.php\/2022\/02\/25\/preocupado-el-papa-se-reunio-con-el-embajador-ruso\/","og_locale":"es_ES","og_type":"article","og_title":"\"Preocupado\", el Papa se reuni\u00f3 con el embajador ruso &#8212; Red Mediterr\u00e1nea","og_description":"El papa&nbsp;Francisco&nbsp;visit\u00f3 este viernes la embajada rusa ante el Vaticano, donde se reuni\u00f3 con el embajador Alexander Avdeev para intentar mediar en el conflicto entre ese pa\u00eds y&nbsp;Ucrania, desatado tras el ataque a gran escala de Mosc\u00fa de la madrugada del jueves y manifest\u00f3 su&nbsp;\u00abpreocupaci\u00f3n por la guerra\u00bb. El pont\u00edfice estuvo durante m\u00e1s de media [&hellip;]","og_url":"https:\/\/redmediterranea.com\/index.php\/2022\/02\/25\/preocupado-el-papa-se-reunio-con-el-embajador-ruso\/","og_site_name":"Red Mediterr\u00e1nea","article_publisher":"https:\/\/www.facebook.com\/redmediterranea.net","article_published_time":"2022-02-25T13:10:23+00:00","article_modified_time":"2022-02-25T13:10:25+00:00","og_image":[{"width":760,"height":427,"url":"http:\/\/redmediterranea.com\/wp-content\/uploads\/2022\/02\/ARCHI_892724.jpg","type":"image\/jpeg"}],"author":"Evita Coria","twitter_card":"summary_large_image","twitter_misc":{"Escrito por":"Evita Coria","Tiempo de lectura":"2 minutos"},"schema":{"@context":"https:\/\/schema.org","@graph":[{"@type":"Article","@id":"https:\/\/redmediterranea.com\/index.php\/2022\/02\/25\/preocupado-el-papa-se-reunio-con-el-embajador-ruso\/#article","isPartOf":{"@id":"https:\/\/redmediterranea.com\/index.php\/2022\/02\/25\/preocupado-el-papa-se-reunio-con-el-embajador-ruso\/"},"author":{"name":"Evita Coria","@id":"https:\/\/redmediterranea.com\/#\/schema\/person\/871611ef47326551416a2a9a6318c6cb"},"headline":"\u00abPreocupado\u00bb, el Papa se reuni\u00f3 con el embajador ruso","datePublished":"2022-02-25T13:10:23+00:00","dateModified":"2022-02-25T13:10:25+00:00","mainEntityOfPage":{"@id":"https:\/\/redmediterranea.com\/index.php\/2022\/02\/25\/preocupado-el-papa-se-reunio-con-el-embajador-ruso\/"},"wordCount":371,"commentCount":0,"publisher":{"@id":"https:\/\/redmediterranea.com\/#organization"},"image":{"@id":"https:\/\/redmediterranea.com\/index.php\/2022\/02\/25\/preocupado-el-papa-se-reunio-con-el-embajador-ruso\/#primaryimage"},"thumbnailUrl":"https:\/\/redmediterranea.com\/wp-content\/uploads\/2022\/02\/ARCHI_892724.jpg","articleSection":["internacional"],"inLanguage":"es","potentialAction":[{"@type":"CommentAction","name":"Comment","target":["https:\/\/redmediterranea.com\/index.php\/2022\/02\/25\/preocupado-el-papa-se-reunio-con-el-embajador-ruso\/#respond"]}]},{"@type":"WebPage","@id":"https:\/\/redmediterranea.com\/index.php\/2022\/02\/25\/preocupado-el-papa-se-reunio-con-el-embajador-ruso\/","url":"https:\/\/redmediterranea.com\/index.php\/2022\/02\/25\/preocupado-el-papa-se-reunio-con-el-embajador-ruso\/","name":"\"Preocupado\", el Papa se reuni\u00f3 con el embajador ruso &#8212; Red Mediterr\u00e1nea","isPartOf":{"@id":"https:\/\/redmediterranea.com\/#website"},"primaryImageOfPage":{"@id":"https:\/\/redmediterranea.com\/index.php\/2022\/02\/25\/preocupado-el-papa-se-reunio-con-el-embajador-ruso\/#primaryimage"},"image":{"@id":"https:\/\/redmediterranea.com\/index.php\/2022\/02\/25\/preocupado-el-papa-se-reunio-con-el-embajador-ruso\/#primaryimage"},"thumbnailUrl":"https:\/\/redmediterranea.com\/wp-content\/uploads\/2022\/02\/ARCHI_892724.jpg","datePublished":"2022-02-25T13:10:23+00:00","dateModified":"2022-02-25T13:10:25+00:00","breadcrumb":{"@id":"https:\/\/redmediterranea.com\/index.php\/2022\/02\/25\/preocupado-el-papa-se-reunio-con-el-embajador-ruso\/#breadcrumb"},"inLanguage":"es","potentialAction":[{"@type":"ReadAction","target":["https:\/\/redmediterranea.com\/index.php\/2022\/02\/25\/preocupado-el-papa-se-reunio-con-el-embajador-ruso\/"]}]},{"@type":"ImageObject","inLanguage":"es","@id":"https:\/\/redmediterranea.com\/index.php\/2022\/02\/25\/preocupado-el-papa-se-reunio-con-el-embajador-ruso\/#primaryimage","url":"https:\/\/redmediterranea.com\/wp-content\/uploads\/2022\/02\/ARCHI_892724.jpg","contentUrl":"https:\/\/redmediterranea.com\/wp-content\/uploads\/2022\/02\/ARCHI_892724.jpg","width":760,"height":427},{"@type":"BreadcrumbList","@id":"https:\/\/redmediterranea.com\/index.php\/2022\/02\/25\/preocupado-el-papa-se-reunio-con-el-embajador-ruso\/#breadcrumb","itemListElement":[{"@type":"ListItem","position":1,"name":"Portada","item":"https:\/\/redmediterranea.com\/"},{"@type":"ListItem","position":2,"name":"\u00abPreocupado\u00bb, el Papa se reuni\u00f3 con el embajador ruso"}]},{"@type":"WebSite","@id":"https:\/\/redmediterranea.com\/#website","url":"https:\/\/redmediterranea.com\/","name":"Red Mediterr\u00e1nea","description":"Noticias de De\u00e1n Funes","publisher":{"@id":"https:\/\/redmediterranea.com\/#organization"},"potentialAction":[{"@type":"SearchAction","target":{"@type":"EntryPoint","urlTemplate":"https:\/\/redmediterranea.com\/?s={search_term_string}"},"query-input":{"@type":"PropertyValueSpecification","valueRequired":true,"valueName":"search_term_string"}}],"inLanguage":"es"},{"@type":"Organization","@id":"https:\/\/redmediterranea.com\/#organization","name":"Red Mediterr\u00e1nea","url":"https:\/\/redmediterranea.com\/","logo":{"@type":"ImageObject","inLanguage":"es","@id":"https:\/\/redmediterranea.com\/#\/schema\/logo\/image\/","url":"https:\/\/redmediterranea.com\/wp-content\/uploads\/2021\/09\/red.png","contentUrl":"https:\/\/redmediterranea.com\/wp-content\/uploads\/2021\/09\/red.png","width":400,"height":260,"caption":"Red Mediterr\u00e1nea"},"image":{"@id":"https:\/\/redmediterranea.com\/#\/schema\/logo\/image\/"},"sameAs":["https:\/\/www.facebook.com\/redmediterranea.net","https:\/\/www.youtube.com\/channel\/UCvm4ojIMOGKnk5v9TsWnFWQ"]},{"@type":"Person","@id":"https:\/\/redmediterranea.com\/#\/schema\/person\/871611ef47326551416a2a9a6318c6cb","name":"Evita Coria","image":{"@type":"ImageObject","inLanguage":"es","@id":"https:\/\/redmediterranea.com\/wp-content\/litespeed\/avatar\/361d825290e5f6638544636f5cb7a496.jpg?ver=1777236600","url":"https:\/\/redmediterranea.com\/wp-content\/litespeed\/avatar\/361d825290e5f6638544636f5cb7a496.jpg?ver=1777236600","contentUrl":"https:\/\/redmediterranea.com\/wp-content\/litespeed\/avatar\/361d825290e5f6638544636f5cb7a496.jpg?ver=1777236600","caption":"Evita Coria"},"sameAs":["https:\/\/redmediterranea.com\/"],"url":"https:\/\/redmediterranea.com\/index.php\/author\/evita\/"}]}},"_links":{"self":[{"href":"https:\/\/redmediterranea.com\/index.php\/wp-json\/wp\/v2\/posts\/1603","targetHints":{"allow":["GET"]}}],"collection":[{"href":"https:\/\/redmediterranea.com\/index.php\/wp-json\/wp\/v2\/posts"}],"about":[{"href":"https:\/\/redmediterranea.com\/index.php\/wp-json\/wp\/v2\/types\/post"}],"author":[{"embeddable":true,"href":"https:\/\/redmediterranea.com\/index.php\/wp-json\/wp\/v2\/users\/2"}],"replies":[{"embeddable":true,"href":"https:\/\/redmediterranea.com\/index.php\/wp-json\/wp\/v2\/comments?post=1603"}],"version-history":[{"count":1,"href":"https:\/\/redmediterranea.com\/index.php\/wp-json\/wp\/v2\/posts\/1603\/revisions"}],"predecessor-version":[{"id":1605,"href":"https:\/\/redmediterranea.com\/index.php\/wp-json\/wp\/v2\/posts\/1603\/revisions\/1605"}],"wp:featuredmedia":[{"embeddable":true,"href":"https:\/\/redmediterranea.com\/index.php\/wp-json\/wp\/v2\/media\/1604"}],"wp:attachment":[{"href":"https:\/\/redmediterranea.com\/index.php\/wp-json\/wp\/v2\/media?parent=1603"}],"wp:term":[{"taxonomy":"category","embeddable":true,"href":"https:\/\/redmediterranea.com\/index.php\/wp-json\/wp\/v2\/categories?post=1603"},{"taxonomy":"post_tag","embeddable":true,"href":"https:\/\/redmediterranea.com\/index.php\/wp-json\/wp\/v2\/tags?post=1603"}],"curies":[{"name":"wp","href":"https:\/\/api.w.org\/{rel}","templated":true}]}}