{"id":15808,"date":"2025-12-16T01:20:54","date_gmt":"2025-12-16T01:20:54","guid":{"rendered":"https:\/\/redmediterranea.com\/?p=15808"},"modified":"2025-12-16T01:20:55","modified_gmt":"2025-12-16T01:20:55","slug":"intendenta-nievas-escucho-a-los-comerciantes","status":"publish","type":"post","link":"https:\/\/redmediterranea.com\/index.php\/2025\/12\/16\/intendenta-nievas-escucho-a-los-comerciantes\/","title":{"rendered":"Intendenta Nievas escuch\u00f3 a los comerciantes."},"content":{"rendered":"\n<p>Despu\u00e9s de un fuerte reclamo de parte de los comerciantes en la audiencia p\u00fablica en el seno del concejo deliberante, la Sra. intendenta municipal, Andrea Nievas, instruy\u00f3 a su secretario de econom\u00eda, dejar sin efecto el aumento del 16% a la tasa de comercio.<br>Esta tarde-noche los concejales reunidos en Comisi\u00f3n recibieron una nota, de parte del ejecutivo d\u00f3nde, se establece modificaciones en el art 12 bis, de la tarifaria, donde estipulan que la tasa a Comercio e Industria, se retrotrae al 0,6 x mil, para aquellos comercios que est\u00e9n al d\u00eda en sus obligaciones.<br>A esta hora se analizan aspectos para poder introducir modificaciones consensuadas en el presupuesto anual.<\/p>\n","protected":false},"excerpt":{"rendered":"<p>Despu\u00e9s de un fuerte reclamo de parte de los comerciantes en la audiencia p\u00fablica en el seno del concejo deliberante, la Sra. intendenta municipal, Andrea Nievas, instruy\u00f3 a su secretario de econom\u00eda, dejar sin efecto el aumento del 16% a la tasa de comercio.Esta tarde-noche los concejales reunidos en Comisi\u00f3n recibieron una nota, de parte [&hellip;]<\/p>\n","protected":false},"author":1,"featured_media":15809,"comment_status":"open","ping_status":"open","sticky":false,"template":"","format":"standard","meta":{"footnotes":""},"categories":[98,4,3,41],"tags":[534,4121,662],"class_list":{"0":"post-15808","1":"post","2":"type-post","3":"status-publish","4":"format-standard","5":"has-post-thumbnail","7":"category-comercio","8":"category-dean-funes","9":"category-locales","10":"category-politica","11":"tag-andrea-nievas","12":"tag-comerciantes","13":"tag-reclamo"},"yoast_head":"<!-- This site is optimized with the Yoast SEO plugin v27.4 - https:\/\/yoast.com\/product\/yoast-seo-wordpress\/ -->\n<title>Intendenta Nievas escuch\u00f3 a los comerciantes. &#8212; Red Mediterr\u00e1nea<\/title>\n<meta name=\"robots\" content=\"index, follow, max-snippet:-1, max-image-preview:large, max-video-preview:-1\" \/>\n<link rel=\"canonical\" href=\"https:\/\/redmediterranea.com\/index.php\/2025\/12\/16\/intendenta-nievas-escucho-a-los-comerciantes\/\" \/>\n<meta property=\"og:locale\" content=\"es_ES\" \/>\n<meta property=\"og:type\" content=\"article\" \/>\n<meta property=\"og:title\" content=\"Intendenta Nievas escuch\u00f3 a los comerciantes. &#8212; Red Mediterr\u00e1nea\" \/>\n<meta property=\"og:description\" content=\"Despu\u00e9s de un fuerte reclamo de parte de los comerciantes en la audiencia p\u00fablica en el seno del concejo deliberante, la Sra. intendenta municipal, Andrea Nievas, instruy\u00f3 a su secretario de econom\u00eda, dejar sin efecto el aumento del 16% a la tasa de comercio.Esta tarde-noche los concejales reunidos en Comisi\u00f3n recibieron una nota, de parte [&hellip;]\" \/>\n<meta property=\"og:url\" content=\"https:\/\/redmediterranea.com\/index.php\/2025\/12\/16\/intendenta-nievas-escucho-a-los-comerciantes\/\" \/>\n<meta property=\"og:site_name\" content=\"Red Mediterr\u00e1nea\" \/>\n<meta property=\"article:publisher\" content=\"https:\/\/www.facebook.com\/redmediterranea.net\" \/>\n<meta property=\"article:published_time\" content=\"2025-12-16T01:20:54+00:00\" \/>\n<meta property=\"article:modified_time\" content=\"2025-12-16T01:20:55+00:00\" \/>\n<meta property=\"og:image\" content=\"https:\/\/redmediterranea.com\/wp-content\/uploads\/2025\/12\/s_397_andrea-nievas-a-jsch.png\" \/>\n\t<meta property=\"og:image:width\" content=\"750\" \/>\n\t<meta property=\"og:image:height\" content=\"414\" \/>\n\t<meta property=\"og:image:type\" content=\"image\/png\" \/>\n<meta name=\"author\" content=\"Red Mediterr\u00e1nea\" \/>\n<meta name=\"twitter:card\" content=\"summary_large_image\" \/>\n<meta name=\"twitter:label1\" content=\"Escrito por\" \/>\n\t<meta name=\"twitter:data1\" content=\"Red Mediterr\u00e1nea\" \/>\n\t<meta name=\"twitter:label2\" content=\"Tiempo de lectura\" \/>\n\t<meta name=\"twitter:data2\" content=\"1 minuto\" \/>\n<script type=\"application\/ld+json\" class=\"yoast-schema-graph\">{\"@context\":\"https:\\\/\\\/schema.org\",\"@graph\":[{\"@type\":\"Article\",\"@id\":\"https:\\\/\\\/redmediterranea.com\\\/index.php\\\/2025\\\/12\\\/16\\\/intendenta-nievas-escucho-a-los-comerciantes\\\/#article\",\"isPartOf\":{\"@id\":\"https:\\\/\\\/redmediterranea.com\\\/index.php\\\/2025\\\/12\\\/16\\\/intendenta-nievas-escucho-a-los-comerciantes\\\/\"},\"author\":{\"name\":\"Red Mediterr\u00e1nea\",\"@id\":\"https:\\\/\\\/redmediterranea.com\\\/#\\\/schema\\\/person\\\/a59f6085115b75a865fb0338fe81d577\"},\"headline\":\"Intendenta Nievas escuch\u00f3 a los comerciantes.\",\"datePublished\":\"2025-12-16T01:20:54+00:00\",\"dateModified\":\"2025-12-16T01:20:55+00:00\",\"mainEntityOfPage\":{\"@id\":\"https:\\\/\\\/redmediterranea.com\\\/index.php\\\/2025\\\/12\\\/16\\\/intendenta-nievas-escucho-a-los-comerciantes\\\/\"},\"wordCount\":120,\"commentCount\":0,\"publisher\":{\"@id\":\"https:\\\/\\\/redmediterranea.com\\\/#organization\"},\"image\":{\"@id\":\"https:\\\/\\\/redmediterranea.com\\\/index.php\\\/2025\\\/12\\\/16\\\/intendenta-nievas-escucho-a-los-comerciantes\\\/#primaryimage\"},\"thumbnailUrl\":\"https:\\\/\\\/redmediterranea.com\\\/wp-content\\\/uploads\\\/2025\\\/12\\\/s_397_andrea-nievas-a-jsch.png\",\"keywords\":[\"Andrea Nievas\",\"Comerciantes\",\"Reclamo\"],\"articleSection\":[\"Comercio\",\"De\u00e1n Funes\",\"Locales\",\"Pol\u00edtica\"],\"inLanguage\":\"es\",\"potentialAction\":[{\"@type\":\"CommentAction\",\"name\":\"Comment\",\"target\":[\"https:\\\/\\\/redmediterranea.com\\\/index.php\\\/2025\\\/12\\\/16\\\/intendenta-nievas-escucho-a-los-comerciantes\\\/#respond\"]}]},{\"@type\":\"WebPage\",\"@id\":\"https:\\\/\\\/redmediterranea.com\\\/index.php\\\/2025\\\/12\\\/16\\\/intendenta-nievas-escucho-a-los-comerciantes\\\/\",\"url\":\"https:\\\/\\\/redmediterranea.com\\\/index.php\\\/2025\\\/12\\\/16\\\/intendenta-nievas-escucho-a-los-comerciantes\\\/\",\"name\":\"Intendenta Nievas escuch\u00f3 a los comerciantes. &#8212; Red Mediterr\u00e1nea\",\"isPartOf\":{\"@id\":\"https:\\\/\\\/redmediterranea.com\\\/#website\"},\"primaryImageOfPage\":{\"@id\":\"https:\\\/\\\/redmediterranea.com\\\/index.php\\\/2025\\\/12\\\/16\\\/intendenta-nievas-escucho-a-los-comerciantes\\\/#primaryimage\"},\"image\":{\"@id\":\"https:\\\/\\\/redmediterranea.com\\\/index.php\\\/2025\\\/12\\\/16\\\/intendenta-nievas-escucho-a-los-comerciantes\\\/#primaryimage\"},\"thumbnailUrl\":\"https:\\\/\\\/redmediterranea.com\\\/wp-content\\\/uploads\\\/2025\\\/12\\\/s_397_andrea-nievas-a-jsch.png\",\"datePublished\":\"2025-12-16T01:20:54+00:00\",\"dateModified\":\"2025-12-16T01:20:55+00:00\",\"breadcrumb\":{\"@id\":\"https:\\\/\\\/redmediterranea.com\\\/index.php\\\/2025\\\/12\\\/16\\\/intendenta-nievas-escucho-a-los-comerciantes\\\/#breadcrumb\"},\"inLanguage\":\"es\",\"potentialAction\":[{\"@type\":\"ReadAction\",\"target\":[\"https:\\\/\\\/redmediterranea.com\\\/index.php\\\/2025\\\/12\\\/16\\\/intendenta-nievas-escucho-a-los-comerciantes\\\/\"]}]},{\"@type\":\"ImageObject\",\"inLanguage\":\"es\",\"@id\":\"https:\\\/\\\/redmediterranea.com\\\/index.php\\\/2025\\\/12\\\/16\\\/intendenta-nievas-escucho-a-los-comerciantes\\\/#primaryimage\",\"url\":\"https:\\\/\\\/redmediterranea.com\\\/wp-content\\\/uploads\\\/2025\\\/12\\\/s_397_andrea-nievas-a-jsch.png\",\"contentUrl\":\"https:\\\/\\\/redmediterranea.com\\\/wp-content\\\/uploads\\\/2025\\\/12\\\/s_397_andrea-nievas-a-jsch.png\",\"width\":750,\"height\":414},{\"@type\":\"BreadcrumbList\",\"@id\":\"https:\\\/\\\/redmediterranea.com\\\/index.php\\\/2025\\\/12\\\/16\\\/intendenta-nievas-escucho-a-los-comerciantes\\\/#breadcrumb\",\"itemListElement\":[{\"@type\":\"ListItem\",\"position\":1,\"name\":\"Portada\",\"item\":\"https:\\\/\\\/redmediterranea.com\\\/\"},{\"@type\":\"ListItem\",\"position\":2,\"name\":\"Intendenta Nievas escuch\u00f3 a los comerciantes.\"}]},{\"@type\":\"WebSite\",\"@id\":\"https:\\\/\\\/redmediterranea.com\\\/#website\",\"url\":\"https:\\\/\\\/redmediterranea.com\\\/\",\"name\":\"Red Mediterr\u00e1nea\",\"description\":\"Noticias de De\u00e1n Funes\",\"publisher\":{\"@id\":\"https:\\\/\\\/redmediterranea.com\\\/#organization\"},\"potentialAction\":[{\"@type\":\"SearchAction\",\"target\":{\"@type\":\"EntryPoint\",\"urlTemplate\":\"https:\\\/\\\/redmediterranea.com\\\/?s={search_term_string}\"},\"query-input\":{\"@type\":\"PropertyValueSpecification\",\"valueRequired\":true,\"valueName\":\"search_term_string\"}}],\"inLanguage\":\"es\"},{\"@type\":\"Organization\",\"@id\":\"https:\\\/\\\/redmediterranea.com\\\/#organization\",\"name\":\"Red Mediterr\u00e1nea\",\"url\":\"https:\\\/\\\/redmediterranea.com\\\/\",\"logo\":{\"@type\":\"ImageObject\",\"inLanguage\":\"es\",\"@id\":\"https:\\\/\\\/redmediterranea.com\\\/#\\\/schema\\\/logo\\\/image\\\/\",\"url\":\"https:\\\/\\\/redmediterranea.com\\\/wp-content\\\/uploads\\\/2021\\\/09\\\/red.png\",\"contentUrl\":\"https:\\\/\\\/redmediterranea.com\\\/wp-content\\\/uploads\\\/2021\\\/09\\\/red.png\",\"width\":400,\"height\":260,\"caption\":\"Red Mediterr\u00e1nea\"},\"image\":{\"@id\":\"https:\\\/\\\/redmediterranea.com\\\/#\\\/schema\\\/logo\\\/image\\\/\"},\"sameAs\":[\"https:\\\/\\\/www.facebook.com\\\/redmediterranea.net\",\"https:\\\/\\\/www.youtube.com\\\/channel\\\/UCvm4ojIMOGKnk5v9TsWnFWQ\"]},{\"@type\":\"Person\",\"@id\":\"https:\\\/\\\/redmediterranea.com\\\/#\\\/schema\\\/person\\\/a59f6085115b75a865fb0338fe81d577\",\"name\":\"Red Mediterr\u00e1nea\",\"image\":{\"@type\":\"ImageObject\",\"inLanguage\":\"es\",\"@id\":\"https:\\\/\\\/redmediterranea.com\\\/wp-content\\\/litespeed\\\/avatar\\\/1a3770c806a5dd31cb05580dd57bedd6.jpg?ver=1777231671\",\"url\":\"https:\\\/\\\/redmediterranea.com\\\/wp-content\\\/litespeed\\\/avatar\\\/1a3770c806a5dd31cb05580dd57bedd6.jpg?ver=1777231671\",\"contentUrl\":\"https:\\\/\\\/redmediterranea.com\\\/wp-content\\\/litespeed\\\/avatar\\\/1a3770c806a5dd31cb05580dd57bedd6.jpg?ver=1777231671\",\"caption\":\"Red Mediterr\u00e1nea\"},\"sameAs\":[\"http:\\\/\\\/redmediterranea.com\"],\"url\":\"https:\\\/\\\/redmediterranea.com\\\/index.php\\\/author\\\/hg-hatecraft\\\/\"}]}<\/script>\n<!-- \/ Yoast SEO plugin. -->","yoast_head_json":{"title":"Intendenta Nievas escuch\u00f3 a los comerciantes. &#8212; Red Mediterr\u00e1nea","robots":{"index":"index","follow":"follow","max-snippet":"max-snippet:-1","max-image-preview":"max-image-preview:large","max-video-preview":"max-video-preview:-1"},"canonical":"https:\/\/redmediterranea.com\/index.php\/2025\/12\/16\/intendenta-nievas-escucho-a-los-comerciantes\/","og_locale":"es_ES","og_type":"article","og_title":"Intendenta Nievas escuch\u00f3 a los comerciantes. &#8212; Red Mediterr\u00e1nea","og_description":"Despu\u00e9s de un fuerte reclamo de parte de los comerciantes en la audiencia p\u00fablica en el seno del concejo deliberante, la Sra. intendenta municipal, Andrea Nievas, instruy\u00f3 a su secretario de econom\u00eda, dejar sin efecto el aumento del 16% a la tasa de comercio.Esta tarde-noche los concejales reunidos en Comisi\u00f3n recibieron una nota, de parte [&hellip;]","og_url":"https:\/\/redmediterranea.com\/index.php\/2025\/12\/16\/intendenta-nievas-escucho-a-los-comerciantes\/","og_site_name":"Red Mediterr\u00e1nea","article_publisher":"https:\/\/www.facebook.com\/redmediterranea.net","article_published_time":"2025-12-16T01:20:54+00:00","article_modified_time":"2025-12-16T01:20:55+00:00","og_image":[{"width":750,"height":414,"url":"https:\/\/redmediterranea.com\/wp-content\/uploads\/2025\/12\/s_397_andrea-nievas-a-jsch.png","type":"image\/png"}],"author":"Red Mediterr\u00e1nea","twitter_card":"summary_large_image","twitter_misc":{"Escrito por":"Red Mediterr\u00e1nea","Tiempo de lectura":"1 minuto"},"schema":{"@context":"https:\/\/schema.org","@graph":[{"@type":"Article","@id":"https:\/\/redmediterranea.com\/index.php\/2025\/12\/16\/intendenta-nievas-escucho-a-los-comerciantes\/#article","isPartOf":{"@id":"https:\/\/redmediterranea.com\/index.php\/2025\/12\/16\/intendenta-nievas-escucho-a-los-comerciantes\/"},"author":{"name":"Red Mediterr\u00e1nea","@id":"https:\/\/redmediterranea.com\/#\/schema\/person\/a59f6085115b75a865fb0338fe81d577"},"headline":"Intendenta Nievas escuch\u00f3 a los comerciantes.","datePublished":"2025-12-16T01:20:54+00:00","dateModified":"2025-12-16T01:20:55+00:00","mainEntityOfPage":{"@id":"https:\/\/redmediterranea.com\/index.php\/2025\/12\/16\/intendenta-nievas-escucho-a-los-comerciantes\/"},"wordCount":120,"commentCount":0,"publisher":{"@id":"https:\/\/redmediterranea.com\/#organization"},"image":{"@id":"https:\/\/redmediterranea.com\/index.php\/2025\/12\/16\/intendenta-nievas-escucho-a-los-comerciantes\/#primaryimage"},"thumbnailUrl":"https:\/\/redmediterranea.com\/wp-content\/uploads\/2025\/12\/s_397_andrea-nievas-a-jsch.png","keywords":["Andrea Nievas","Comerciantes","Reclamo"],"articleSection":["Comercio","De\u00e1n Funes","Locales","Pol\u00edtica"],"inLanguage":"es","potentialAction":[{"@type":"CommentAction","name":"Comment","target":["https:\/\/redmediterranea.com\/index.php\/2025\/12\/16\/intendenta-nievas-escucho-a-los-comerciantes\/#respond"]}]},{"@type":"WebPage","@id":"https:\/\/redmediterranea.com\/index.php\/2025\/12\/16\/intendenta-nievas-escucho-a-los-comerciantes\/","url":"https:\/\/redmediterranea.com\/index.php\/2025\/12\/16\/intendenta-nievas-escucho-a-los-comerciantes\/","name":"Intendenta Nievas escuch\u00f3 a los comerciantes. &#8212; Red Mediterr\u00e1nea","isPartOf":{"@id":"https:\/\/redmediterranea.com\/#website"},"primaryImageOfPage":{"@id":"https:\/\/redmediterranea.com\/index.php\/2025\/12\/16\/intendenta-nievas-escucho-a-los-comerciantes\/#primaryimage"},"image":{"@id":"https:\/\/redmediterranea.com\/index.php\/2025\/12\/16\/intendenta-nievas-escucho-a-los-comerciantes\/#primaryimage"},"thumbnailUrl":"https:\/\/redmediterranea.com\/wp-content\/uploads\/2025\/12\/s_397_andrea-nievas-a-jsch.png","datePublished":"2025-12-16T01:20:54+00:00","dateModified":"2025-12-16T01:20:55+00:00","breadcrumb":{"@id":"https:\/\/redmediterranea.com\/index.php\/2025\/12\/16\/intendenta-nievas-escucho-a-los-comerciantes\/#breadcrumb"},"inLanguage":"es","potentialAction":[{"@type":"ReadAction","target":["https:\/\/redmediterranea.com\/index.php\/2025\/12\/16\/intendenta-nievas-escucho-a-los-comerciantes\/"]}]},{"@type":"ImageObject","inLanguage":"es","@id":"https:\/\/redmediterranea.com\/index.php\/2025\/12\/16\/intendenta-nievas-escucho-a-los-comerciantes\/#primaryimage","url":"https:\/\/redmediterranea.com\/wp-content\/uploads\/2025\/12\/s_397_andrea-nievas-a-jsch.png","contentUrl":"https:\/\/redmediterranea.com\/wp-content\/uploads\/2025\/12\/s_397_andrea-nievas-a-jsch.png","width":750,"height":414},{"@type":"BreadcrumbList","@id":"https:\/\/redmediterranea.com\/index.php\/2025\/12\/16\/intendenta-nievas-escucho-a-los-comerciantes\/#breadcrumb","itemListElement":[{"@type":"ListItem","position":1,"name":"Portada","item":"https:\/\/redmediterranea.com\/"},{"@type":"ListItem","position":2,"name":"Intendenta Nievas escuch\u00f3 a los comerciantes."}]},{"@type":"WebSite","@id":"https:\/\/redmediterranea.com\/#website","url":"https:\/\/redmediterranea.com\/","name":"Red Mediterr\u00e1nea","description":"Noticias de De\u00e1n Funes","publisher":{"@id":"https:\/\/redmediterranea.com\/#organization"},"potentialAction":[{"@type":"SearchAction","target":{"@type":"EntryPoint","urlTemplate":"https:\/\/redmediterranea.com\/?s={search_term_string}"},"query-input":{"@type":"PropertyValueSpecification","valueRequired":true,"valueName":"search_term_string"}}],"inLanguage":"es"},{"@type":"Organization","@id":"https:\/\/redmediterranea.com\/#organization","name":"Red Mediterr\u00e1nea","url":"https:\/\/redmediterranea.com\/","logo":{"@type":"ImageObject","inLanguage":"es","@id":"https:\/\/redmediterranea.com\/#\/schema\/logo\/image\/","url":"https:\/\/redmediterranea.com\/wp-content\/uploads\/2021\/09\/red.png","contentUrl":"https:\/\/redmediterranea.com\/wp-content\/uploads\/2021\/09\/red.png","width":400,"height":260,"caption":"Red Mediterr\u00e1nea"},"image":{"@id":"https:\/\/redmediterranea.com\/#\/schema\/logo\/image\/"},"sameAs":["https:\/\/www.facebook.com\/redmediterranea.net","https:\/\/www.youtube.com\/channel\/UCvm4ojIMOGKnk5v9TsWnFWQ"]},{"@type":"Person","@id":"https:\/\/redmediterranea.com\/#\/schema\/person\/a59f6085115b75a865fb0338fe81d577","name":"Red Mediterr\u00e1nea","image":{"@type":"ImageObject","inLanguage":"es","@id":"https:\/\/redmediterranea.com\/wp-content\/litespeed\/avatar\/1a3770c806a5dd31cb05580dd57bedd6.jpg?ver=1777231671","url":"https:\/\/redmediterranea.com\/wp-content\/litespeed\/avatar\/1a3770c806a5dd31cb05580dd57bedd6.jpg?ver=1777231671","contentUrl":"https:\/\/redmediterranea.com\/wp-content\/litespeed\/avatar\/1a3770c806a5dd31cb05580dd57bedd6.jpg?ver=1777231671","caption":"Red Mediterr\u00e1nea"},"sameAs":["http:\/\/redmediterranea.com"],"url":"https:\/\/redmediterranea.com\/index.php\/author\/hg-hatecraft\/"}]}},"_links":{"self":[{"href":"https:\/\/redmediterranea.com\/index.php\/wp-json\/wp\/v2\/posts\/15808","targetHints":{"allow":["GET"]}}],"collection":[{"href":"https:\/\/redmediterranea.com\/index.php\/wp-json\/wp\/v2\/posts"}],"about":[{"href":"https:\/\/redmediterranea.com\/index.php\/wp-json\/wp\/v2\/types\/post"}],"author":[{"embeddable":true,"href":"https:\/\/redmediterranea.com\/index.php\/wp-json\/wp\/v2\/users\/1"}],"replies":[{"embeddable":true,"href":"https:\/\/redmediterranea.com\/index.php\/wp-json\/wp\/v2\/comments?post=15808"}],"version-history":[{"count":1,"href":"https:\/\/redmediterranea.com\/index.php\/wp-json\/wp\/v2\/posts\/15808\/revisions"}],"predecessor-version":[{"id":15810,"href":"https:\/\/redmediterranea.com\/index.php\/wp-json\/wp\/v2\/posts\/15808\/revisions\/15810"}],"wp:featuredmedia":[{"embeddable":true,"href":"https:\/\/redmediterranea.com\/index.php\/wp-json\/wp\/v2\/media\/15809"}],"wp:attachment":[{"href":"https:\/\/redmediterranea.com\/index.php\/wp-json\/wp\/v2\/media?parent=15808"}],"wp:term":[{"taxonomy":"category","embeddable":true,"href":"https:\/\/redmediterranea.com\/index.php\/wp-json\/wp\/v2\/categories?post=15808"},{"taxonomy":"post_tag","embeddable":true,"href":"https:\/\/redmediterranea.com\/index.php\/wp-json\/wp\/v2\/tags?post=15808"}],"curies":[{"name":"wp","href":"https:\/\/api.w.org\/{rel}","templated":true}]}}