{"id":15785,"date":"2025-12-11T18:39:45","date_gmt":"2025-12-11T18:39:45","guid":{"rendered":"https:\/\/redmediterranea.com\/?p=15785"},"modified":"2025-12-11T18:39:46","modified_gmt":"2025-12-11T18:39:46","slug":"procedimientos-preventivos-y-allanamientos-en-la-dean-funes","status":"publish","type":"post","link":"https:\/\/redmediterranea.com\/index.php\/2025\/12\/11\/procedimientos-preventivos-y-allanamientos-en-la-dean-funes\/","title":{"rendered":"Procedimientos preventivos y allanamientos en la De\u00e1n Funes"},"content":{"rendered":"\n<p>En el transcurso de la jornada de ayer, personal policial llev\u00f3 adelante diversos procedimientos preventivos y judiciales en la ciudad de De\u00e1n Funes.<br>Como resultado de los controles vehiculares en distintos puntos del centro, se procedi\u00f3 al secuestro de dos motocicletas por infracciones al art\u00edculo 111 de la Ley 10.326 y normativas municipales vigentes, vinculadas a la falta de casco protector, documentaci\u00f3n obligatoria y modificaciones no permitidas en los rodados.<br>Por otra parte, en barrio La Cer\u00e1mica, se realiz\u00f3 el resguardo preventivo de una bicicleta que hab\u00eda sido abandonada, desconoci\u00e9ndose su procedencia.<br>Asimismo, llev\u00f3 adelante un allanamiento en un domicilio de barrio Moreyra Ross, relacionado con un hecho caratulado como lesiones. El procedimiento arroj\u00f3 resultado positivo, procedi\u00e9ndose al secuestro de un tel\u00e9fono celular.<\/p>\n","protected":false},"excerpt":{"rendered":"<p>En el transcurso de la jornada de ayer, personal policial llev\u00f3 adelante diversos procedimientos preventivos y judiciales en la ciudad de De\u00e1n Funes.Como resultado de los controles vehiculares en distintos puntos del centro, se procedi\u00f3 al secuestro de dos motocicletas por infracciones al art\u00edculo 111 de la Ley 10.326 y normativas municipales vigentes, vinculadas a [&hellip;]<\/p>\n","protected":false},"author":1,"featured_media":12785,"comment_status":"open","ping_status":"open","sticky":false,"template":"","format":"standard","meta":{"footnotes":""},"categories":[4,3,59],"tags":[623,33,119,4120],"class_list":{"0":"post-15785","1":"post","2":"type-post","3":"status-publish","4":"format-standard","5":"has-post-thumbnail","7":"category-dean-funes","8":"category-locales","9":"category-policiales","10":"tag-allanamiento","11":"tag-dean-funes","12":"tag-departamental-ischilin","13":"tag-procedimiento-preventivos"},"yoast_head":"<!-- This site is optimized with the Yoast SEO plugin v27.4 - https:\/\/yoast.com\/product\/yoast-seo-wordpress\/ -->\n<title>Procedimientos preventivos y allanamientos en la De\u00e1n Funes &#8212; Red Mediterr\u00e1nea<\/title>\n<meta name=\"robots\" content=\"index, follow, max-snippet:-1, max-image-preview:large, max-video-preview:-1\" \/>\n<link rel=\"canonical\" href=\"https:\/\/redmediterranea.com\/index.php\/2025\/12\/11\/procedimientos-preventivos-y-allanamientos-en-la-dean-funes\/\" \/>\n<meta property=\"og:locale\" content=\"es_ES\" \/>\n<meta property=\"og:type\" content=\"article\" \/>\n<meta property=\"og:title\" content=\"Procedimientos preventivos y allanamientos en la De\u00e1n Funes &#8212; Red Mediterr\u00e1nea\" \/>\n<meta property=\"og:description\" content=\"En el transcurso de la jornada de ayer, personal policial llev\u00f3 adelante diversos procedimientos preventivos y judiciales en la ciudad de De\u00e1n Funes.Como resultado de los controles vehiculares en distintos puntos del centro, se procedi\u00f3 al secuestro de dos motocicletas por infracciones al art\u00edculo 111 de la Ley 10.326 y normativas municipales vigentes, vinculadas a [&hellip;]\" \/>\n<meta property=\"og:url\" content=\"https:\/\/redmediterranea.com\/index.php\/2025\/12\/11\/procedimientos-preventivos-y-allanamientos-en-la-dean-funes\/\" \/>\n<meta property=\"og:site_name\" content=\"Red Mediterr\u00e1nea\" \/>\n<meta property=\"article:publisher\" content=\"https:\/\/www.facebook.com\/redmediterranea.net\" \/>\n<meta property=\"article:published_time\" content=\"2025-12-11T18:39:45+00:00\" \/>\n<meta property=\"article:modified_time\" content=\"2025-12-11T18:39:46+00:00\" \/>\n<meta property=\"og:image\" content=\"https:\/\/redmediterranea.com\/wp-content\/uploads\/2024\/11\/poli-33.jpeg\" \/>\n\t<meta property=\"og:image:width\" content=\"1271\" \/>\n\t<meta property=\"og:image:height\" content=\"720\" \/>\n\t<meta property=\"og:image:type\" content=\"image\/jpeg\" \/>\n<meta name=\"author\" content=\"Red Mediterr\u00e1nea\" \/>\n<meta name=\"twitter:card\" content=\"summary_large_image\" \/>\n<meta name=\"twitter:label1\" content=\"Escrito por\" \/>\n\t<meta name=\"twitter:data1\" content=\"Red Mediterr\u00e1nea\" \/>\n\t<meta name=\"twitter:label2\" content=\"Tiempo de lectura\" \/>\n\t<meta name=\"twitter:data2\" content=\"1 minuto\" \/>\n<script type=\"application\/ld+json\" class=\"yoast-schema-graph\">{\"@context\":\"https:\\\/\\\/schema.org\",\"@graph\":[{\"@type\":\"Article\",\"@id\":\"https:\\\/\\\/redmediterranea.com\\\/index.php\\\/2025\\\/12\\\/11\\\/procedimientos-preventivos-y-allanamientos-en-la-dean-funes\\\/#article\",\"isPartOf\":{\"@id\":\"https:\\\/\\\/redmediterranea.com\\\/index.php\\\/2025\\\/12\\\/11\\\/procedimientos-preventivos-y-allanamientos-en-la-dean-funes\\\/\"},\"author\":{\"name\":\"Red Mediterr\u00e1nea\",\"@id\":\"https:\\\/\\\/redmediterranea.com\\\/#\\\/schema\\\/person\\\/a59f6085115b75a865fb0338fe81d577\"},\"headline\":\"Procedimientos preventivos y allanamientos en la De\u00e1n Funes\",\"datePublished\":\"2025-12-11T18:39:45+00:00\",\"dateModified\":\"2025-12-11T18:39:46+00:00\",\"mainEntityOfPage\":{\"@id\":\"https:\\\/\\\/redmediterranea.com\\\/index.php\\\/2025\\\/12\\\/11\\\/procedimientos-preventivos-y-allanamientos-en-la-dean-funes\\\/\"},\"wordCount\":138,\"commentCount\":0,\"publisher\":{\"@id\":\"https:\\\/\\\/redmediterranea.com\\\/#organization\"},\"image\":{\"@id\":\"https:\\\/\\\/redmediterranea.com\\\/index.php\\\/2025\\\/12\\\/11\\\/procedimientos-preventivos-y-allanamientos-en-la-dean-funes\\\/#primaryimage\"},\"thumbnailUrl\":\"https:\\\/\\\/redmediterranea.com\\\/wp-content\\\/uploads\\\/2024\\\/11\\\/poli-33.jpeg\",\"keywords\":[\"Allanamiento\",\"De\u00e1n Funes\",\"Departamental Ischil\u00edn\",\"Procedimiento Preventivos\"],\"articleSection\":[\"De\u00e1n Funes\",\"Locales\",\"Policiales\"],\"inLanguage\":\"es\",\"potentialAction\":[{\"@type\":\"CommentAction\",\"name\":\"Comment\",\"target\":[\"https:\\\/\\\/redmediterranea.com\\\/index.php\\\/2025\\\/12\\\/11\\\/procedimientos-preventivos-y-allanamientos-en-la-dean-funes\\\/#respond\"]}]},{\"@type\":\"WebPage\",\"@id\":\"https:\\\/\\\/redmediterranea.com\\\/index.php\\\/2025\\\/12\\\/11\\\/procedimientos-preventivos-y-allanamientos-en-la-dean-funes\\\/\",\"url\":\"https:\\\/\\\/redmediterranea.com\\\/index.php\\\/2025\\\/12\\\/11\\\/procedimientos-preventivos-y-allanamientos-en-la-dean-funes\\\/\",\"name\":\"Procedimientos preventivos y allanamientos en la De\u00e1n Funes &#8212; Red Mediterr\u00e1nea\",\"isPartOf\":{\"@id\":\"https:\\\/\\\/redmediterranea.com\\\/#website\"},\"primaryImageOfPage\":{\"@id\":\"https:\\\/\\\/redmediterranea.com\\\/index.php\\\/2025\\\/12\\\/11\\\/procedimientos-preventivos-y-allanamientos-en-la-dean-funes\\\/#primaryimage\"},\"image\":{\"@id\":\"https:\\\/\\\/redmediterranea.com\\\/index.php\\\/2025\\\/12\\\/11\\\/procedimientos-preventivos-y-allanamientos-en-la-dean-funes\\\/#primaryimage\"},\"thumbnailUrl\":\"https:\\\/\\\/redmediterranea.com\\\/wp-content\\\/uploads\\\/2024\\\/11\\\/poli-33.jpeg\",\"datePublished\":\"2025-12-11T18:39:45+00:00\",\"dateModified\":\"2025-12-11T18:39:46+00:00\",\"breadcrumb\":{\"@id\":\"https:\\\/\\\/redmediterranea.com\\\/index.php\\\/2025\\\/12\\\/11\\\/procedimientos-preventivos-y-allanamientos-en-la-dean-funes\\\/#breadcrumb\"},\"inLanguage\":\"es\",\"potentialAction\":[{\"@type\":\"ReadAction\",\"target\":[\"https:\\\/\\\/redmediterranea.com\\\/index.php\\\/2025\\\/12\\\/11\\\/procedimientos-preventivos-y-allanamientos-en-la-dean-funes\\\/\"]}]},{\"@type\":\"ImageObject\",\"inLanguage\":\"es\",\"@id\":\"https:\\\/\\\/redmediterranea.com\\\/index.php\\\/2025\\\/12\\\/11\\\/procedimientos-preventivos-y-allanamientos-en-la-dean-funes\\\/#primaryimage\",\"url\":\"https:\\\/\\\/redmediterranea.com\\\/wp-content\\\/uploads\\\/2024\\\/11\\\/poli-33.jpeg\",\"contentUrl\":\"https:\\\/\\\/redmediterranea.com\\\/wp-content\\\/uploads\\\/2024\\\/11\\\/poli-33.jpeg\",\"width\":1271,\"height\":720},{\"@type\":\"BreadcrumbList\",\"@id\":\"https:\\\/\\\/redmediterranea.com\\\/index.php\\\/2025\\\/12\\\/11\\\/procedimientos-preventivos-y-allanamientos-en-la-dean-funes\\\/#breadcrumb\",\"itemListElement\":[{\"@type\":\"ListItem\",\"position\":1,\"name\":\"Portada\",\"item\":\"https:\\\/\\\/redmediterranea.com\\\/\"},{\"@type\":\"ListItem\",\"position\":2,\"name\":\"Procedimientos preventivos y allanamientos en la De\u00e1n Funes\"}]},{\"@type\":\"WebSite\",\"@id\":\"https:\\\/\\\/redmediterranea.com\\\/#website\",\"url\":\"https:\\\/\\\/redmediterranea.com\\\/\",\"name\":\"Red Mediterr\u00e1nea\",\"description\":\"Noticias de De\u00e1n Funes\",\"publisher\":{\"@id\":\"https:\\\/\\\/redmediterranea.com\\\/#organization\"},\"potentialAction\":[{\"@type\":\"SearchAction\",\"target\":{\"@type\":\"EntryPoint\",\"urlTemplate\":\"https:\\\/\\\/redmediterranea.com\\\/?s={search_term_string}\"},\"query-input\":{\"@type\":\"PropertyValueSpecification\",\"valueRequired\":true,\"valueName\":\"search_term_string\"}}],\"inLanguage\":\"es\"},{\"@type\":\"Organization\",\"@id\":\"https:\\\/\\\/redmediterranea.com\\\/#organization\",\"name\":\"Red Mediterr\u00e1nea\",\"url\":\"https:\\\/\\\/redmediterranea.com\\\/\",\"logo\":{\"@type\":\"ImageObject\",\"inLanguage\":\"es\",\"@id\":\"https:\\\/\\\/redmediterranea.com\\\/#\\\/schema\\\/logo\\\/image\\\/\",\"url\":\"https:\\\/\\\/redmediterranea.com\\\/wp-content\\\/uploads\\\/2021\\\/09\\\/red.png\",\"contentUrl\":\"https:\\\/\\\/redmediterranea.com\\\/wp-content\\\/uploads\\\/2021\\\/09\\\/red.png\",\"width\":400,\"height\":260,\"caption\":\"Red Mediterr\u00e1nea\"},\"image\":{\"@id\":\"https:\\\/\\\/redmediterranea.com\\\/#\\\/schema\\\/logo\\\/image\\\/\"},\"sameAs\":[\"https:\\\/\\\/www.facebook.com\\\/redmediterranea.net\",\"https:\\\/\\\/www.youtube.com\\\/channel\\\/UCvm4ojIMOGKnk5v9TsWnFWQ\"]},{\"@type\":\"Person\",\"@id\":\"https:\\\/\\\/redmediterranea.com\\\/#\\\/schema\\\/person\\\/a59f6085115b75a865fb0338fe81d577\",\"name\":\"Red Mediterr\u00e1nea\",\"image\":{\"@type\":\"ImageObject\",\"inLanguage\":\"es\",\"@id\":\"https:\\\/\\\/redmediterranea.com\\\/wp-content\\\/litespeed\\\/avatar\\\/1a3770c806a5dd31cb05580dd57bedd6.jpg?ver=1777231671\",\"url\":\"https:\\\/\\\/redmediterranea.com\\\/wp-content\\\/litespeed\\\/avatar\\\/1a3770c806a5dd31cb05580dd57bedd6.jpg?ver=1777231671\",\"contentUrl\":\"https:\\\/\\\/redmediterranea.com\\\/wp-content\\\/litespeed\\\/avatar\\\/1a3770c806a5dd31cb05580dd57bedd6.jpg?ver=1777231671\",\"caption\":\"Red Mediterr\u00e1nea\"},\"sameAs\":[\"http:\\\/\\\/redmediterranea.com\"],\"url\":\"https:\\\/\\\/redmediterranea.com\\\/index.php\\\/author\\\/hg-hatecraft\\\/\"}]}<\/script>\n<!-- \/ Yoast SEO plugin. -->","yoast_head_json":{"title":"Procedimientos preventivos y allanamientos en la De\u00e1n Funes &#8212; Red Mediterr\u00e1nea","robots":{"index":"index","follow":"follow","max-snippet":"max-snippet:-1","max-image-preview":"max-image-preview:large","max-video-preview":"max-video-preview:-1"},"canonical":"https:\/\/redmediterranea.com\/index.php\/2025\/12\/11\/procedimientos-preventivos-y-allanamientos-en-la-dean-funes\/","og_locale":"es_ES","og_type":"article","og_title":"Procedimientos preventivos y allanamientos en la De\u00e1n Funes &#8212; Red Mediterr\u00e1nea","og_description":"En el transcurso de la jornada de ayer, personal policial llev\u00f3 adelante diversos procedimientos preventivos y judiciales en la ciudad de De\u00e1n Funes.Como resultado de los controles vehiculares en distintos puntos del centro, se procedi\u00f3 al secuestro de dos motocicletas por infracciones al art\u00edculo 111 de la Ley 10.326 y normativas municipales vigentes, vinculadas a [&hellip;]","og_url":"https:\/\/redmediterranea.com\/index.php\/2025\/12\/11\/procedimientos-preventivos-y-allanamientos-en-la-dean-funes\/","og_site_name":"Red Mediterr\u00e1nea","article_publisher":"https:\/\/www.facebook.com\/redmediterranea.net","article_published_time":"2025-12-11T18:39:45+00:00","article_modified_time":"2025-12-11T18:39:46+00:00","og_image":[{"width":1271,"height":720,"url":"https:\/\/redmediterranea.com\/wp-content\/uploads\/2024\/11\/poli-33.jpeg","type":"image\/jpeg"}],"author":"Red Mediterr\u00e1nea","twitter_card":"summary_large_image","twitter_misc":{"Escrito por":"Red Mediterr\u00e1nea","Tiempo de lectura":"1 minuto"},"schema":{"@context":"https:\/\/schema.org","@graph":[{"@type":"Article","@id":"https:\/\/redmediterranea.com\/index.php\/2025\/12\/11\/procedimientos-preventivos-y-allanamientos-en-la-dean-funes\/#article","isPartOf":{"@id":"https:\/\/redmediterranea.com\/index.php\/2025\/12\/11\/procedimientos-preventivos-y-allanamientos-en-la-dean-funes\/"},"author":{"name":"Red Mediterr\u00e1nea","@id":"https:\/\/redmediterranea.com\/#\/schema\/person\/a59f6085115b75a865fb0338fe81d577"},"headline":"Procedimientos preventivos y allanamientos en la De\u00e1n Funes","datePublished":"2025-12-11T18:39:45+00:00","dateModified":"2025-12-11T18:39:46+00:00","mainEntityOfPage":{"@id":"https:\/\/redmediterranea.com\/index.php\/2025\/12\/11\/procedimientos-preventivos-y-allanamientos-en-la-dean-funes\/"},"wordCount":138,"commentCount":0,"publisher":{"@id":"https:\/\/redmediterranea.com\/#organization"},"image":{"@id":"https:\/\/redmediterranea.com\/index.php\/2025\/12\/11\/procedimientos-preventivos-y-allanamientos-en-la-dean-funes\/#primaryimage"},"thumbnailUrl":"https:\/\/redmediterranea.com\/wp-content\/uploads\/2024\/11\/poli-33.jpeg","keywords":["Allanamiento","De\u00e1n Funes","Departamental Ischil\u00edn","Procedimiento Preventivos"],"articleSection":["De\u00e1n Funes","Locales","Policiales"],"inLanguage":"es","potentialAction":[{"@type":"CommentAction","name":"Comment","target":["https:\/\/redmediterranea.com\/index.php\/2025\/12\/11\/procedimientos-preventivos-y-allanamientos-en-la-dean-funes\/#respond"]}]},{"@type":"WebPage","@id":"https:\/\/redmediterranea.com\/index.php\/2025\/12\/11\/procedimientos-preventivos-y-allanamientos-en-la-dean-funes\/","url":"https:\/\/redmediterranea.com\/index.php\/2025\/12\/11\/procedimientos-preventivos-y-allanamientos-en-la-dean-funes\/","name":"Procedimientos preventivos y allanamientos en la De\u00e1n Funes &#8212; Red Mediterr\u00e1nea","isPartOf":{"@id":"https:\/\/redmediterranea.com\/#website"},"primaryImageOfPage":{"@id":"https:\/\/redmediterranea.com\/index.php\/2025\/12\/11\/procedimientos-preventivos-y-allanamientos-en-la-dean-funes\/#primaryimage"},"image":{"@id":"https:\/\/redmediterranea.com\/index.php\/2025\/12\/11\/procedimientos-preventivos-y-allanamientos-en-la-dean-funes\/#primaryimage"},"thumbnailUrl":"https:\/\/redmediterranea.com\/wp-content\/uploads\/2024\/11\/poli-33.jpeg","datePublished":"2025-12-11T18:39:45+00:00","dateModified":"2025-12-11T18:39:46+00:00","breadcrumb":{"@id":"https:\/\/redmediterranea.com\/index.php\/2025\/12\/11\/procedimientos-preventivos-y-allanamientos-en-la-dean-funes\/#breadcrumb"},"inLanguage":"es","potentialAction":[{"@type":"ReadAction","target":["https:\/\/redmediterranea.com\/index.php\/2025\/12\/11\/procedimientos-preventivos-y-allanamientos-en-la-dean-funes\/"]}]},{"@type":"ImageObject","inLanguage":"es","@id":"https:\/\/redmediterranea.com\/index.php\/2025\/12\/11\/procedimientos-preventivos-y-allanamientos-en-la-dean-funes\/#primaryimage","url":"https:\/\/redmediterranea.com\/wp-content\/uploads\/2024\/11\/poli-33.jpeg","contentUrl":"https:\/\/redmediterranea.com\/wp-content\/uploads\/2024\/11\/poli-33.jpeg","width":1271,"height":720},{"@type":"BreadcrumbList","@id":"https:\/\/redmediterranea.com\/index.php\/2025\/12\/11\/procedimientos-preventivos-y-allanamientos-en-la-dean-funes\/#breadcrumb","itemListElement":[{"@type":"ListItem","position":1,"name":"Portada","item":"https:\/\/redmediterranea.com\/"},{"@type":"ListItem","position":2,"name":"Procedimientos preventivos y allanamientos en la De\u00e1n Funes"}]},{"@type":"WebSite","@id":"https:\/\/redmediterranea.com\/#website","url":"https:\/\/redmediterranea.com\/","name":"Red Mediterr\u00e1nea","description":"Noticias de De\u00e1n Funes","publisher":{"@id":"https:\/\/redmediterranea.com\/#organization"},"potentialAction":[{"@type":"SearchAction","target":{"@type":"EntryPoint","urlTemplate":"https:\/\/redmediterranea.com\/?s={search_term_string}"},"query-input":{"@type":"PropertyValueSpecification","valueRequired":true,"valueName":"search_term_string"}}],"inLanguage":"es"},{"@type":"Organization","@id":"https:\/\/redmediterranea.com\/#organization","name":"Red Mediterr\u00e1nea","url":"https:\/\/redmediterranea.com\/","logo":{"@type":"ImageObject","inLanguage":"es","@id":"https:\/\/redmediterranea.com\/#\/schema\/logo\/image\/","url":"https:\/\/redmediterranea.com\/wp-content\/uploads\/2021\/09\/red.png","contentUrl":"https:\/\/redmediterranea.com\/wp-content\/uploads\/2021\/09\/red.png","width":400,"height":260,"caption":"Red Mediterr\u00e1nea"},"image":{"@id":"https:\/\/redmediterranea.com\/#\/schema\/logo\/image\/"},"sameAs":["https:\/\/www.facebook.com\/redmediterranea.net","https:\/\/www.youtube.com\/channel\/UCvm4ojIMOGKnk5v9TsWnFWQ"]},{"@type":"Person","@id":"https:\/\/redmediterranea.com\/#\/schema\/person\/a59f6085115b75a865fb0338fe81d577","name":"Red Mediterr\u00e1nea","image":{"@type":"ImageObject","inLanguage":"es","@id":"https:\/\/redmediterranea.com\/wp-content\/litespeed\/avatar\/1a3770c806a5dd31cb05580dd57bedd6.jpg?ver=1777231671","url":"https:\/\/redmediterranea.com\/wp-content\/litespeed\/avatar\/1a3770c806a5dd31cb05580dd57bedd6.jpg?ver=1777231671","contentUrl":"https:\/\/redmediterranea.com\/wp-content\/litespeed\/avatar\/1a3770c806a5dd31cb05580dd57bedd6.jpg?ver=1777231671","caption":"Red Mediterr\u00e1nea"},"sameAs":["http:\/\/redmediterranea.com"],"url":"https:\/\/redmediterranea.com\/index.php\/author\/hg-hatecraft\/"}]}},"_links":{"self":[{"href":"https:\/\/redmediterranea.com\/index.php\/wp-json\/wp\/v2\/posts\/15785","targetHints":{"allow":["GET"]}}],"collection":[{"href":"https:\/\/redmediterranea.com\/index.php\/wp-json\/wp\/v2\/posts"}],"about":[{"href":"https:\/\/redmediterranea.com\/index.php\/wp-json\/wp\/v2\/types\/post"}],"author":[{"embeddable":true,"href":"https:\/\/redmediterranea.com\/index.php\/wp-json\/wp\/v2\/users\/1"}],"replies":[{"embeddable":true,"href":"https:\/\/redmediterranea.com\/index.php\/wp-json\/wp\/v2\/comments?post=15785"}],"version-history":[{"count":1,"href":"https:\/\/redmediterranea.com\/index.php\/wp-json\/wp\/v2\/posts\/15785\/revisions"}],"predecessor-version":[{"id":15786,"href":"https:\/\/redmediterranea.com\/index.php\/wp-json\/wp\/v2\/posts\/15785\/revisions\/15786"}],"wp:featuredmedia":[{"embeddable":true,"href":"https:\/\/redmediterranea.com\/index.php\/wp-json\/wp\/v2\/media\/12785"}],"wp:attachment":[{"href":"https:\/\/redmediterranea.com\/index.php\/wp-json\/wp\/v2\/media?parent=15785"}],"wp:term":[{"taxonomy":"category","embeddable":true,"href":"https:\/\/redmediterranea.com\/index.php\/wp-json\/wp\/v2\/categories?post=15785"},{"taxonomy":"post_tag","embeddable":true,"href":"https:\/\/redmediterranea.com\/index.php\/wp-json\/wp\/v2\/tags?post=15785"}],"curies":[{"name":"wp","href":"https:\/\/api.w.org\/{rel}","templated":true}]}}