{"id":14758,"date":"2025-08-18T02:29:37","date_gmt":"2025-08-18T02:29:37","guid":{"rendered":"https:\/\/redmediterranea.com\/?p=14758"},"modified":"2025-08-18T02:56:06","modified_gmt":"2025-08-18T02:56:06","slug":"intendentas","status":"publish","type":"post","link":"https:\/\/redmediterranea.com\/index.php\/2025\/08\/18\/intendentas\/","title":{"rendered":"SILVIA MANSILLA, MABEL GODOY, SILVINA CABEZAS, CLAUDIA GODOY Y CLAUDIA ACOSTA; LOS NOMBRES EN LAS CARPETAS DE LOS ARMADORES DEL OFICIALISMO"},"content":{"rendered":"\n<p>A d\u00edas del cierre de listas para la elecci\u00f3n de Diputados Nacionales en octubre, comienzan a surgir nombres de intendentas peronistas que est\u00e1n en las carpetas de los armadores del oficialismo.<\/p>\n\n\n\n<p>Fuentes cercanas a los principales dirigentes provinciales le confiaron a PCV que buscar\u00e1n armar una lista plural y \u00abfederal\u00bb, donde cada rinc\u00f3n de la provincia est\u00e9 representada.<\/p>\n\n\n\n<p>Es all\u00ed donde aparecen los nombres de Mabel Godoy, Intendenta de Quilino, representando al norte. Claudia Acosta de Mi Granja, por el Departamento Col\u00f3n. Silbia Mansilla de Obispo Trejo, en representaci\u00f3n de la regi\u00f3n de Ansenuza y R\u00edo Primero. Claudia Godoy por la regi\u00f3n sur, aunque all\u00ed tambi\u00e9n suenan fuerte la Legisladora Victoria Busso y Julieta Aquino, Intendenta de Inriville. Traslasierras podr\u00eda tener a Silvina Cabezas, Intendenta de San Pedro y la zona de Santa Mar\u00eda y Tercero Arriba podr\u00edan tener a Carolina Basualdo, Intendenta de Despe\u00f1aderos.<\/p>\n\n\n\n<p>El denominador com\u00fan que existe entre ellas, es la excelente relaci\u00f3n que tienen con Alejandra Vigo y con Juan Schiaretti y el trabajo que hicieron en sus regiones para posicionar y hacer ganar a Llaryora la gobernaci\u00f3n.<\/p>\n\n\n\n<p>Si bien faltan definiciones sobre los primeros lugares (4), la expectativa y las negociaciones para quienes vayan a ocupar desde el quinto lugar para abajo y las suplencias, contin\u00faa a la orden del d\u00eda.<\/p>\n","protected":false},"excerpt":{"rendered":"<p>A d\u00edas del cierre de listas para la elecci\u00f3n de Diputados Nacionales en octubre, comienzan a surgir nombres de intendentas peronistas que est\u00e1n en las carpetas de los armadores del oficialismo. Fuentes cercanas a los principales dirigentes provinciales le confiaron a PCV que buscar\u00e1n armar una lista plural y \u00abfederal\u00bb, donde cada rinc\u00f3n de la [&hellip;]<\/p>\n","protected":false},"author":1,"featured_media":14759,"comment_status":"open","ping_status":"open","sticky":false,"template":"","format":"standard","meta":{"footnotes":""},"categories":[4,3,41],"tags":[3890,15,288,3888,3889],"class_list":{"0":"post-14758","1":"post","2":"type-post","3":"status-publish","4":"format-standard","5":"has-post-thumbnail","7":"category-dean-funes","8":"category-locales","9":"category-politica","10":"tag-claudia-godoy","11":"tag-mabel-godoy","12":"tag-oficialismo","13":"tag-silbia-mansilla","14":"tag-silvina-cabezas"},"yoast_head":"<!-- This site is optimized with the Yoast SEO plugin v27.4 - https:\/\/yoast.com\/product\/yoast-seo-wordpress\/ -->\n<title>SILVIA MANSILLA, MABEL GODOY, SILVINA CABEZAS, CLAUDIA GODOY Y CLAUDIA ACOSTA; LOS NOMBRES EN LAS CARPETAS DE LOS ARMADORES DEL OFICIALISMO &#8212; Red Mediterr\u00e1nea<\/title>\n<meta name=\"robots\" content=\"index, follow, max-snippet:-1, max-image-preview:large, max-video-preview:-1\" \/>\n<link rel=\"canonical\" href=\"https:\/\/redmediterranea.com\/index.php\/2025\/08\/18\/intendentas\/\" \/>\n<meta property=\"og:locale\" content=\"es_ES\" \/>\n<meta property=\"og:type\" content=\"article\" \/>\n<meta property=\"og:title\" content=\"SILVIA MANSILLA, MABEL GODOY, SILVINA CABEZAS, CLAUDIA GODOY Y CLAUDIA ACOSTA; LOS NOMBRES EN LAS CARPETAS DE LOS ARMADORES DEL OFICIALISMO &#8212; Red Mediterr\u00e1nea\" \/>\n<meta property=\"og:description\" content=\"A d\u00edas del cierre de listas para la elecci\u00f3n de Diputados Nacionales en octubre, comienzan a surgir nombres de intendentas peronistas que est\u00e1n en las carpetas de los armadores del oficialismo. Fuentes cercanas a los principales dirigentes provinciales le confiaron a PCV que buscar\u00e1n armar una lista plural y \u00abfederal\u00bb, donde cada rinc\u00f3n de la [&hellip;]\" \/>\n<meta property=\"og:url\" content=\"https:\/\/redmediterranea.com\/index.php\/2025\/08\/18\/intendentas\/\" \/>\n<meta property=\"og:site_name\" content=\"Red Mediterr\u00e1nea\" \/>\n<meta property=\"article:publisher\" content=\"https:\/\/www.facebook.com\/redmediterranea.net\" \/>\n<meta property=\"article:published_time\" content=\"2025-08-18T02:29:37+00:00\" \/>\n<meta property=\"article:modified_time\" content=\"2025-08-18T02:56:06+00:00\" \/>\n<meta property=\"og:image\" content=\"https:\/\/redmediterranea.com\/wp-content\/uploads\/2025\/08\/Captura-de-pantalla-2025-08-17-232847.png\" \/>\n\t<meta property=\"og:image:width\" content=\"475\" \/>\n\t<meta property=\"og:image:height\" content=\"451\" \/>\n\t<meta property=\"og:image:type\" content=\"image\/png\" \/>\n<meta name=\"author\" content=\"Red Mediterr\u00e1nea\" \/>\n<meta name=\"twitter:card\" content=\"summary_large_image\" \/>\n<meta name=\"twitter:label1\" content=\"Escrito por\" \/>\n\t<meta name=\"twitter:data1\" content=\"Red Mediterr\u00e1nea\" \/>\n\t<meta name=\"twitter:label2\" content=\"Tiempo de lectura\" \/>\n\t<meta name=\"twitter:data2\" content=\"2 minutos\" \/>\n<script type=\"application\/ld+json\" class=\"yoast-schema-graph\">{\"@context\":\"https:\\\/\\\/schema.org\",\"@graph\":[{\"@type\":\"Article\",\"@id\":\"https:\\\/\\\/redmediterranea.com\\\/index.php\\\/2025\\\/08\\\/18\\\/intendentas\\\/#article\",\"isPartOf\":{\"@id\":\"https:\\\/\\\/redmediterranea.com\\\/index.php\\\/2025\\\/08\\\/18\\\/intendentas\\\/\"},\"author\":{\"name\":\"Red Mediterr\u00e1nea\",\"@id\":\"https:\\\/\\\/redmediterranea.com\\\/#\\\/schema\\\/person\\\/a59f6085115b75a865fb0338fe81d577\"},\"headline\":\"SILVIA MANSILLA, MABEL GODOY, SILVINA CABEZAS, CLAUDIA GODOY Y CLAUDIA ACOSTA; LOS NOMBRES EN LAS CARPETAS DE LOS ARMADORES DEL OFICIALISMO\",\"datePublished\":\"2025-08-18T02:29:37+00:00\",\"dateModified\":\"2025-08-18T02:56:06+00:00\",\"mainEntityOfPage\":{\"@id\":\"https:\\\/\\\/redmediterranea.com\\\/index.php\\\/2025\\\/08\\\/18\\\/intendentas\\\/\"},\"wordCount\":256,\"commentCount\":0,\"publisher\":{\"@id\":\"https:\\\/\\\/redmediterranea.com\\\/#organization\"},\"image\":{\"@id\":\"https:\\\/\\\/redmediterranea.com\\\/index.php\\\/2025\\\/08\\\/18\\\/intendentas\\\/#primaryimage\"},\"thumbnailUrl\":\"https:\\\/\\\/redmediterranea.com\\\/wp-content\\\/uploads\\\/2025\\\/08\\\/Captura-de-pantalla-2025-08-17-232847.png\",\"keywords\":[\"Claudia Godoy\",\"Mabel Godoy\",\"Oficialismo\",\"Silbia Mansilla\",\"Silvina Cabezas\"],\"articleSection\":[\"De\u00e1n Funes\",\"Locales\",\"Pol\u00edtica\"],\"inLanguage\":\"es\",\"potentialAction\":[{\"@type\":\"CommentAction\",\"name\":\"Comment\",\"target\":[\"https:\\\/\\\/redmediterranea.com\\\/index.php\\\/2025\\\/08\\\/18\\\/intendentas\\\/#respond\"]}]},{\"@type\":\"WebPage\",\"@id\":\"https:\\\/\\\/redmediterranea.com\\\/index.php\\\/2025\\\/08\\\/18\\\/intendentas\\\/\",\"url\":\"https:\\\/\\\/redmediterranea.com\\\/index.php\\\/2025\\\/08\\\/18\\\/intendentas\\\/\",\"name\":\"SILVIA MANSILLA, MABEL GODOY, SILVINA CABEZAS, CLAUDIA GODOY Y CLAUDIA ACOSTA; LOS NOMBRES EN LAS CARPETAS DE LOS ARMADORES DEL OFICIALISMO &#8212; Red Mediterr\u00e1nea\",\"isPartOf\":{\"@id\":\"https:\\\/\\\/redmediterranea.com\\\/#website\"},\"primaryImageOfPage\":{\"@id\":\"https:\\\/\\\/redmediterranea.com\\\/index.php\\\/2025\\\/08\\\/18\\\/intendentas\\\/#primaryimage\"},\"image\":{\"@id\":\"https:\\\/\\\/redmediterranea.com\\\/index.php\\\/2025\\\/08\\\/18\\\/intendentas\\\/#primaryimage\"},\"thumbnailUrl\":\"https:\\\/\\\/redmediterranea.com\\\/wp-content\\\/uploads\\\/2025\\\/08\\\/Captura-de-pantalla-2025-08-17-232847.png\",\"datePublished\":\"2025-08-18T02:29:37+00:00\",\"dateModified\":\"2025-08-18T02:56:06+00:00\",\"breadcrumb\":{\"@id\":\"https:\\\/\\\/redmediterranea.com\\\/index.php\\\/2025\\\/08\\\/18\\\/intendentas\\\/#breadcrumb\"},\"inLanguage\":\"es\",\"potentialAction\":[{\"@type\":\"ReadAction\",\"target\":[\"https:\\\/\\\/redmediterranea.com\\\/index.php\\\/2025\\\/08\\\/18\\\/intendentas\\\/\"]}]},{\"@type\":\"ImageObject\",\"inLanguage\":\"es\",\"@id\":\"https:\\\/\\\/redmediterranea.com\\\/index.php\\\/2025\\\/08\\\/18\\\/intendentas\\\/#primaryimage\",\"url\":\"https:\\\/\\\/redmediterranea.com\\\/wp-content\\\/uploads\\\/2025\\\/08\\\/Captura-de-pantalla-2025-08-17-232847.png\",\"contentUrl\":\"https:\\\/\\\/redmediterranea.com\\\/wp-content\\\/uploads\\\/2025\\\/08\\\/Captura-de-pantalla-2025-08-17-232847.png\",\"width\":475,\"height\":451},{\"@type\":\"BreadcrumbList\",\"@id\":\"https:\\\/\\\/redmediterranea.com\\\/index.php\\\/2025\\\/08\\\/18\\\/intendentas\\\/#breadcrumb\",\"itemListElement\":[{\"@type\":\"ListItem\",\"position\":1,\"name\":\"Portada\",\"item\":\"https:\\\/\\\/redmediterranea.com\\\/\"},{\"@type\":\"ListItem\",\"position\":2,\"name\":\"SILVIA MANSILLA, MABEL GODOY, SILVINA CABEZAS, CLAUDIA GODOY Y CLAUDIA ACOSTA; LOS NOMBRES EN LAS CARPETAS DE LOS ARMADORES DEL OFICIALISMO\"}]},{\"@type\":\"WebSite\",\"@id\":\"https:\\\/\\\/redmediterranea.com\\\/#website\",\"url\":\"https:\\\/\\\/redmediterranea.com\\\/\",\"name\":\"Red Mediterr\u00e1nea\",\"description\":\"Noticias de De\u00e1n Funes\",\"publisher\":{\"@id\":\"https:\\\/\\\/redmediterranea.com\\\/#organization\"},\"potentialAction\":[{\"@type\":\"SearchAction\",\"target\":{\"@type\":\"EntryPoint\",\"urlTemplate\":\"https:\\\/\\\/redmediterranea.com\\\/?s={search_term_string}\"},\"query-input\":{\"@type\":\"PropertyValueSpecification\",\"valueRequired\":true,\"valueName\":\"search_term_string\"}}],\"inLanguage\":\"es\"},{\"@type\":\"Organization\",\"@id\":\"https:\\\/\\\/redmediterranea.com\\\/#organization\",\"name\":\"Red Mediterr\u00e1nea\",\"url\":\"https:\\\/\\\/redmediterranea.com\\\/\",\"logo\":{\"@type\":\"ImageObject\",\"inLanguage\":\"es\",\"@id\":\"https:\\\/\\\/redmediterranea.com\\\/#\\\/schema\\\/logo\\\/image\\\/\",\"url\":\"https:\\\/\\\/redmediterranea.com\\\/wp-content\\\/uploads\\\/2021\\\/09\\\/red.png\",\"contentUrl\":\"https:\\\/\\\/redmediterranea.com\\\/wp-content\\\/uploads\\\/2021\\\/09\\\/red.png\",\"width\":400,\"height\":260,\"caption\":\"Red Mediterr\u00e1nea\"},\"image\":{\"@id\":\"https:\\\/\\\/redmediterranea.com\\\/#\\\/schema\\\/logo\\\/image\\\/\"},\"sameAs\":[\"https:\\\/\\\/www.facebook.com\\\/redmediterranea.net\",\"https:\\\/\\\/www.youtube.com\\\/channel\\\/UCvm4ojIMOGKnk5v9TsWnFWQ\"]},{\"@type\":\"Person\",\"@id\":\"https:\\\/\\\/redmediterranea.com\\\/#\\\/schema\\\/person\\\/a59f6085115b75a865fb0338fe81d577\",\"name\":\"Red Mediterr\u00e1nea\",\"image\":{\"@type\":\"ImageObject\",\"inLanguage\":\"es\",\"@id\":\"https:\\\/\\\/redmediterranea.com\\\/wp-content\\\/litespeed\\\/avatar\\\/1a3770c806a5dd31cb05580dd57bedd6.jpg?ver=1777231671\",\"url\":\"https:\\\/\\\/redmediterranea.com\\\/wp-content\\\/litespeed\\\/avatar\\\/1a3770c806a5dd31cb05580dd57bedd6.jpg?ver=1777231671\",\"contentUrl\":\"https:\\\/\\\/redmediterranea.com\\\/wp-content\\\/litespeed\\\/avatar\\\/1a3770c806a5dd31cb05580dd57bedd6.jpg?ver=1777231671\",\"caption\":\"Red Mediterr\u00e1nea\"},\"sameAs\":[\"http:\\\/\\\/redmediterranea.com\"],\"url\":\"https:\\\/\\\/redmediterranea.com\\\/index.php\\\/author\\\/hg-hatecraft\\\/\"}]}<\/script>\n<!-- \/ Yoast SEO plugin. -->","yoast_head_json":{"title":"SILVIA MANSILLA, MABEL GODOY, SILVINA CABEZAS, CLAUDIA GODOY Y CLAUDIA ACOSTA; LOS NOMBRES EN LAS CARPETAS DE LOS ARMADORES DEL OFICIALISMO &#8212; Red Mediterr\u00e1nea","robots":{"index":"index","follow":"follow","max-snippet":"max-snippet:-1","max-image-preview":"max-image-preview:large","max-video-preview":"max-video-preview:-1"},"canonical":"https:\/\/redmediterranea.com\/index.php\/2025\/08\/18\/intendentas\/","og_locale":"es_ES","og_type":"article","og_title":"SILVIA MANSILLA, MABEL GODOY, SILVINA CABEZAS, CLAUDIA GODOY Y CLAUDIA ACOSTA; LOS NOMBRES EN LAS CARPETAS DE LOS ARMADORES DEL OFICIALISMO &#8212; Red Mediterr\u00e1nea","og_description":"A d\u00edas del cierre de listas para la elecci\u00f3n de Diputados Nacionales en octubre, comienzan a surgir nombres de intendentas peronistas que est\u00e1n en las carpetas de los armadores del oficialismo. Fuentes cercanas a los principales dirigentes provinciales le confiaron a PCV que buscar\u00e1n armar una lista plural y \u00abfederal\u00bb, donde cada rinc\u00f3n de la [&hellip;]","og_url":"https:\/\/redmediterranea.com\/index.php\/2025\/08\/18\/intendentas\/","og_site_name":"Red Mediterr\u00e1nea","article_publisher":"https:\/\/www.facebook.com\/redmediterranea.net","article_published_time":"2025-08-18T02:29:37+00:00","article_modified_time":"2025-08-18T02:56:06+00:00","og_image":[{"width":475,"height":451,"url":"https:\/\/redmediterranea.com\/wp-content\/uploads\/2025\/08\/Captura-de-pantalla-2025-08-17-232847.png","type":"image\/png"}],"author":"Red Mediterr\u00e1nea","twitter_card":"summary_large_image","twitter_misc":{"Escrito por":"Red Mediterr\u00e1nea","Tiempo de lectura":"2 minutos"},"schema":{"@context":"https:\/\/schema.org","@graph":[{"@type":"Article","@id":"https:\/\/redmediterranea.com\/index.php\/2025\/08\/18\/intendentas\/#article","isPartOf":{"@id":"https:\/\/redmediterranea.com\/index.php\/2025\/08\/18\/intendentas\/"},"author":{"name":"Red Mediterr\u00e1nea","@id":"https:\/\/redmediterranea.com\/#\/schema\/person\/a59f6085115b75a865fb0338fe81d577"},"headline":"SILVIA MANSILLA, MABEL GODOY, SILVINA CABEZAS, CLAUDIA GODOY Y CLAUDIA ACOSTA; LOS NOMBRES EN LAS CARPETAS DE LOS ARMADORES DEL OFICIALISMO","datePublished":"2025-08-18T02:29:37+00:00","dateModified":"2025-08-18T02:56:06+00:00","mainEntityOfPage":{"@id":"https:\/\/redmediterranea.com\/index.php\/2025\/08\/18\/intendentas\/"},"wordCount":256,"commentCount":0,"publisher":{"@id":"https:\/\/redmediterranea.com\/#organization"},"image":{"@id":"https:\/\/redmediterranea.com\/index.php\/2025\/08\/18\/intendentas\/#primaryimage"},"thumbnailUrl":"https:\/\/redmediterranea.com\/wp-content\/uploads\/2025\/08\/Captura-de-pantalla-2025-08-17-232847.png","keywords":["Claudia Godoy","Mabel Godoy","Oficialismo","Silbia Mansilla","Silvina Cabezas"],"articleSection":["De\u00e1n Funes","Locales","Pol\u00edtica"],"inLanguage":"es","potentialAction":[{"@type":"CommentAction","name":"Comment","target":["https:\/\/redmediterranea.com\/index.php\/2025\/08\/18\/intendentas\/#respond"]}]},{"@type":"WebPage","@id":"https:\/\/redmediterranea.com\/index.php\/2025\/08\/18\/intendentas\/","url":"https:\/\/redmediterranea.com\/index.php\/2025\/08\/18\/intendentas\/","name":"SILVIA MANSILLA, MABEL GODOY, SILVINA CABEZAS, CLAUDIA GODOY Y CLAUDIA ACOSTA; LOS NOMBRES EN LAS CARPETAS DE LOS ARMADORES DEL OFICIALISMO &#8212; Red Mediterr\u00e1nea","isPartOf":{"@id":"https:\/\/redmediterranea.com\/#website"},"primaryImageOfPage":{"@id":"https:\/\/redmediterranea.com\/index.php\/2025\/08\/18\/intendentas\/#primaryimage"},"image":{"@id":"https:\/\/redmediterranea.com\/index.php\/2025\/08\/18\/intendentas\/#primaryimage"},"thumbnailUrl":"https:\/\/redmediterranea.com\/wp-content\/uploads\/2025\/08\/Captura-de-pantalla-2025-08-17-232847.png","datePublished":"2025-08-18T02:29:37+00:00","dateModified":"2025-08-18T02:56:06+00:00","breadcrumb":{"@id":"https:\/\/redmediterranea.com\/index.php\/2025\/08\/18\/intendentas\/#breadcrumb"},"inLanguage":"es","potentialAction":[{"@type":"ReadAction","target":["https:\/\/redmediterranea.com\/index.php\/2025\/08\/18\/intendentas\/"]}]},{"@type":"ImageObject","inLanguage":"es","@id":"https:\/\/redmediterranea.com\/index.php\/2025\/08\/18\/intendentas\/#primaryimage","url":"https:\/\/redmediterranea.com\/wp-content\/uploads\/2025\/08\/Captura-de-pantalla-2025-08-17-232847.png","contentUrl":"https:\/\/redmediterranea.com\/wp-content\/uploads\/2025\/08\/Captura-de-pantalla-2025-08-17-232847.png","width":475,"height":451},{"@type":"BreadcrumbList","@id":"https:\/\/redmediterranea.com\/index.php\/2025\/08\/18\/intendentas\/#breadcrumb","itemListElement":[{"@type":"ListItem","position":1,"name":"Portada","item":"https:\/\/redmediterranea.com\/"},{"@type":"ListItem","position":2,"name":"SILVIA MANSILLA, MABEL GODOY, SILVINA CABEZAS, CLAUDIA GODOY Y CLAUDIA ACOSTA; LOS NOMBRES EN LAS CARPETAS DE LOS ARMADORES DEL OFICIALISMO"}]},{"@type":"WebSite","@id":"https:\/\/redmediterranea.com\/#website","url":"https:\/\/redmediterranea.com\/","name":"Red Mediterr\u00e1nea","description":"Noticias de De\u00e1n Funes","publisher":{"@id":"https:\/\/redmediterranea.com\/#organization"},"potentialAction":[{"@type":"SearchAction","target":{"@type":"EntryPoint","urlTemplate":"https:\/\/redmediterranea.com\/?s={search_term_string}"},"query-input":{"@type":"PropertyValueSpecification","valueRequired":true,"valueName":"search_term_string"}}],"inLanguage":"es"},{"@type":"Organization","@id":"https:\/\/redmediterranea.com\/#organization","name":"Red Mediterr\u00e1nea","url":"https:\/\/redmediterranea.com\/","logo":{"@type":"ImageObject","inLanguage":"es","@id":"https:\/\/redmediterranea.com\/#\/schema\/logo\/image\/","url":"https:\/\/redmediterranea.com\/wp-content\/uploads\/2021\/09\/red.png","contentUrl":"https:\/\/redmediterranea.com\/wp-content\/uploads\/2021\/09\/red.png","width":400,"height":260,"caption":"Red Mediterr\u00e1nea"},"image":{"@id":"https:\/\/redmediterranea.com\/#\/schema\/logo\/image\/"},"sameAs":["https:\/\/www.facebook.com\/redmediterranea.net","https:\/\/www.youtube.com\/channel\/UCvm4ojIMOGKnk5v9TsWnFWQ"]},{"@type":"Person","@id":"https:\/\/redmediterranea.com\/#\/schema\/person\/a59f6085115b75a865fb0338fe81d577","name":"Red Mediterr\u00e1nea","image":{"@type":"ImageObject","inLanguage":"es","@id":"https:\/\/redmediterranea.com\/wp-content\/litespeed\/avatar\/1a3770c806a5dd31cb05580dd57bedd6.jpg?ver=1777231671","url":"https:\/\/redmediterranea.com\/wp-content\/litespeed\/avatar\/1a3770c806a5dd31cb05580dd57bedd6.jpg?ver=1777231671","contentUrl":"https:\/\/redmediterranea.com\/wp-content\/litespeed\/avatar\/1a3770c806a5dd31cb05580dd57bedd6.jpg?ver=1777231671","caption":"Red Mediterr\u00e1nea"},"sameAs":["http:\/\/redmediterranea.com"],"url":"https:\/\/redmediterranea.com\/index.php\/author\/hg-hatecraft\/"}]}},"_links":{"self":[{"href":"https:\/\/redmediterranea.com\/index.php\/wp-json\/wp\/v2\/posts\/14758","targetHints":{"allow":["GET"]}}],"collection":[{"href":"https:\/\/redmediterranea.com\/index.php\/wp-json\/wp\/v2\/posts"}],"about":[{"href":"https:\/\/redmediterranea.com\/index.php\/wp-json\/wp\/v2\/types\/post"}],"author":[{"embeddable":true,"href":"https:\/\/redmediterranea.com\/index.php\/wp-json\/wp\/v2\/users\/1"}],"replies":[{"embeddable":true,"href":"https:\/\/redmediterranea.com\/index.php\/wp-json\/wp\/v2\/comments?post=14758"}],"version-history":[{"count":2,"href":"https:\/\/redmediterranea.com\/index.php\/wp-json\/wp\/v2\/posts\/14758\/revisions"}],"predecessor-version":[{"id":14761,"href":"https:\/\/redmediterranea.com\/index.php\/wp-json\/wp\/v2\/posts\/14758\/revisions\/14761"}],"wp:featuredmedia":[{"embeddable":true,"href":"https:\/\/redmediterranea.com\/index.php\/wp-json\/wp\/v2\/media\/14759"}],"wp:attachment":[{"href":"https:\/\/redmediterranea.com\/index.php\/wp-json\/wp\/v2\/media?parent=14758"}],"wp:term":[{"taxonomy":"category","embeddable":true,"href":"https:\/\/redmediterranea.com\/index.php\/wp-json\/wp\/v2\/categories?post=14758"},{"taxonomy":"post_tag","embeddable":true,"href":"https:\/\/redmediterranea.com\/index.php\/wp-json\/wp\/v2\/tags?post=14758"}],"curies":[{"name":"wp","href":"https:\/\/api.w.org\/{rel}","templated":true}]}}