{"id":14315,"date":"2025-06-19T00:55:22","date_gmt":"2025-06-19T00:55:22","guid":{"rendered":"https:\/\/redmediterranea.com\/?p=14315"},"modified":"2025-06-19T00:55:23","modified_gmt":"2025-06-19T00:55:23","slug":"tania-niega-incompatibilidad-en-su-cargo","status":"publish","type":"post","link":"https:\/\/redmediterranea.com\/index.php\/2025\/06\/19\/tania-niega-incompatibilidad-en-su-cargo\/","title":{"rendered":"Tania niega incompatibilidad en su cargo"},"content":{"rendered":"\n<p><img loading=\"lazy\" decoding=\"async\" height=\"16\" width=\"16\" alt=\"\ud83d\udce3\" src=\"https:\/\/static.xx.fbcdn.net\/images\/emoji.php\/v9\/tba\/1\/16\/1f4e3.png\"> CUANDO INCOMOD\u00c1S AL PODER, EMPIEZAN A PERSEGUIRTE.<\/p>\n\n\n\n<p>Hoy, mientras me encontraba ausente por motivos de salud \u2014algo que cualquiera puede atravesar\u2014, desde el oficialismo aprovecharon para presentar una nota sin ning\u00fan sustento legal en la que pretenden expulsarme del Concejo Deliberante. Lo hacen porque molesto. Porque cumplo mi funci\u00f3n: controlar al poder.<\/p>\n\n\n\n<p><img loading=\"lazy\" decoding=\"async\" height=\"16\" width=\"16\" alt=\"\ud83d\udccc\" src=\"https:\/\/static.xx.fbcdn.net\/images\/emoji.php\/v9\/tac\/1\/16\/1f4cc.png\"> Les quiero recordar algo: no soy empleada municipal.<\/p>\n\n\n\n<p>Soy <a><\/a>concejal electa por la voluntad popular y ejerzo mi funci\u00f3n sin percibir un solo peso. No estoy en la planta salarial del municipio. No figuro en ning\u00fan recibo. Mi tarea es ad honorem. Trabajo con la convicci\u00f3n de quien ama su ciudad, no con la comodidad del que cobra doble.<\/p>\n\n\n\n<p><img loading=\"lazy\" decoding=\"async\" height=\"16\" width=\"16\" alt=\"\ud83d\udccc\" src=\"https:\/\/static.xx.fbcdn.net\/images\/emoji.php\/v9\/tac\/1\/16\/1f4cc.png\"> S\u00ed, soy empleada de la Provincia de C\u00f3rdoba, y all\u00ed est\u00e1n mis aportes y mi salario. Eso no constituye ninguna incompatibilidad legal. La funci\u00f3n de concejal no es exclusiva, y por eso puedo, como muchos otros, cumplir ambas tareas.<\/p>\n\n\n\n<p><img loading=\"lazy\" decoding=\"async\" height=\"16\" width=\"16\" alt=\"\ud83d\udd0d\" src=\"https:\/\/static.xx.fbcdn.net\/images\/emoji.php\/v9\/tc1\/1\/16\/1f50d.png\"> A quien s\u00ed le vendr\u00eda bien repasar un poco la normativa vigente es a la Secretaria de Gobierno. Porque es usted quien s\u00ed cobra dos sueldos del Estado, uno como funcionaria pol\u00edtica del municipio y otro como docente con carga completa. Y lo hace desde un cargo que s\u00ed es de dedicaci\u00f3n exclusiva. Le pregunto: \u00bfeso no es incompatible? \u00bfEso no es inmoral?<\/p>\n\n\n\n<p><img loading=\"lazy\" decoding=\"async\" height=\"16\" width=\"16\" alt=\"\ud83d\ude4b\u200d\u2640\ufe0f\" src=\"https:\/\/static.xx.fbcdn.net\/images\/emoji.php\/v9\/taa\/1\/16\/1f64b_200d_2640.png\"> Yo no uso la pol\u00edtica para beneficio personal.<\/p>\n\n\n\n<p>Ejerzo la pol\u00edtica como una herramienta para transformar realidades.<\/p>\n\n\n\n<p>Trabajo con convicci\u00f3n, no con conveniencia.<\/p>\n\n\n\n<p>Con compromiso, no con c\u00e1lculo.<\/p>\n\n\n\n<p>Es diferente de usted. Yo eleg\u00ed servir, no servirme.<\/p>\n\n\n\n<p><img loading=\"lazy\" decoding=\"async\" height=\"16\" width=\"16\" alt=\"\ud83d\udccc\" src=\"https:\/\/static.xx.fbcdn.net\/images\/emoji.php\/v9\/tac\/1\/16\/1f4cc.png\"> Sigo firme. Aunque les incomode. Aunque quieran sacarme del medio.<\/p>\n\n\n\n<p>Porque cuando el poder se incomoda, es porque estamos haciendo bien las cosas.<\/p>\n\n\n\n<div class=\"wp-block-pdf-viewer-block-standard\" style=\"text-align:left\"><div class=\"uploaded-pdf\"><a href=\"https:\/\/redmediterranea.com\/wp-content\/uploads\/2025\/06\/Nota-Incompatibilidad-de-Cargo-Tania.pdf\" data-width=\"\" data-height=\"\"><\/a><\/div><\/div>\n","protected":false},"excerpt":{"rendered":"<p>CUANDO INCOMOD\u00c1S AL PODER, EMPIEZAN A PERSEGUIRTE. Hoy, mientras me encontraba ausente por motivos de salud \u2014algo que cualquiera puede atravesar\u2014, desde el oficialismo aprovecharon para presentar una nota sin ning\u00fan sustento legal en la que pretenden expulsarme del Concejo Deliberante. Lo hacen porque molesto. Porque cumplo mi funci\u00f3n: controlar al poder. Les quiero recordar [&hellip;]<\/p>\n","protected":false},"author":1,"featured_media":13964,"comment_status":"open","ping_status":"open","sticky":false,"template":"","format":"standard","meta":{"footnotes":""},"categories":[822,4,3,41],"tags":[3783,34],"class_list":{"0":"post-14315","1":"post","2":"type-post","3":"status-publish","4":"format-standard","5":"has-post-thumbnail","7":"category-concejo-deliberante","8":"category-dean-funes","9":"category-locales","10":"category-politica","11":"tag-incompatibilidad-de-cargo","12":"tag-tania-kyshakevych"},"yoast_head":"<!-- This site is optimized with the Yoast SEO plugin v27.4 - https:\/\/yoast.com\/product\/yoast-seo-wordpress\/ -->\n<title>Tania niega incompatibilidad en su cargo &#8212; Red Mediterr\u00e1nea<\/title>\n<meta name=\"robots\" content=\"index, follow, max-snippet:-1, max-image-preview:large, max-video-preview:-1\" \/>\n<link rel=\"canonical\" href=\"https:\/\/redmediterranea.com\/index.php\/2025\/06\/19\/tania-niega-incompatibilidad-en-su-cargo\/\" \/>\n<meta property=\"og:locale\" content=\"es_ES\" \/>\n<meta property=\"og:type\" content=\"article\" \/>\n<meta property=\"og:title\" content=\"Tania niega incompatibilidad en su cargo &#8212; Red Mediterr\u00e1nea\" \/>\n<meta property=\"og:description\" content=\"CUANDO INCOMOD\u00c1S AL PODER, EMPIEZAN A PERSEGUIRTE. Hoy, mientras me encontraba ausente por motivos de salud \u2014algo que cualquiera puede atravesar\u2014, desde el oficialismo aprovecharon para presentar una nota sin ning\u00fan sustento legal en la que pretenden expulsarme del Concejo Deliberante. Lo hacen porque molesto. Porque cumplo mi funci\u00f3n: controlar al poder. Les quiero recordar [&hellip;]\" \/>\n<meta property=\"og:url\" content=\"https:\/\/redmediterranea.com\/index.php\/2025\/06\/19\/tania-niega-incompatibilidad-en-su-cargo\/\" \/>\n<meta property=\"og:site_name\" content=\"Red Mediterr\u00e1nea\" \/>\n<meta property=\"article:publisher\" content=\"https:\/\/www.facebook.com\/redmediterranea.net\" \/>\n<meta property=\"article:published_time\" content=\"2025-06-19T00:55:22+00:00\" \/>\n<meta property=\"article:modified_time\" content=\"2025-06-19T00:55:23+00:00\" \/>\n<meta property=\"og:image\" content=\"https:\/\/redmediterranea.com\/wp-content\/uploads\/2025\/05\/tania.jpg\" \/>\n\t<meta property=\"og:image:width\" content=\"1440\" \/>\n\t<meta property=\"og:image:height\" content=\"1800\" \/>\n\t<meta property=\"og:image:type\" content=\"image\/jpeg\" \/>\n<meta name=\"author\" content=\"Red Mediterr\u00e1nea\" \/>\n<meta name=\"twitter:card\" content=\"summary_large_image\" \/>\n<meta name=\"twitter:label1\" content=\"Escrito por\" \/>\n\t<meta name=\"twitter:data1\" content=\"Red Mediterr\u00e1nea\" \/>\n\t<meta name=\"twitter:label2\" content=\"Tiempo de lectura\" \/>\n\t<meta name=\"twitter:data2\" content=\"3 minutos\" \/>\n<script type=\"application\/ld+json\" class=\"yoast-schema-graph\">{\"@context\":\"https:\\\/\\\/schema.org\",\"@graph\":[{\"@type\":\"Article\",\"@id\":\"https:\\\/\\\/redmediterranea.com\\\/index.php\\\/2025\\\/06\\\/19\\\/tania-niega-incompatibilidad-en-su-cargo\\\/#article\",\"isPartOf\":{\"@id\":\"https:\\\/\\\/redmediterranea.com\\\/index.php\\\/2025\\\/06\\\/19\\\/tania-niega-incompatibilidad-en-su-cargo\\\/\"},\"author\":{\"name\":\"Red Mediterr\u00e1nea\",\"@id\":\"https:\\\/\\\/redmediterranea.com\\\/#\\\/schema\\\/person\\\/a59f6085115b75a865fb0338fe81d577\"},\"headline\":\"Tania niega incompatibilidad en su cargo\",\"datePublished\":\"2025-06-19T00:55:22+00:00\",\"dateModified\":\"2025-06-19T00:55:23+00:00\",\"mainEntityOfPage\":{\"@id\":\"https:\\\/\\\/redmediterranea.com\\\/index.php\\\/2025\\\/06\\\/19\\\/tania-niega-incompatibilidad-en-su-cargo\\\/\"},\"wordCount\":295,\"commentCount\":0,\"publisher\":{\"@id\":\"https:\\\/\\\/redmediterranea.com\\\/#organization\"},\"image\":{\"@id\":\"https:\\\/\\\/redmediterranea.com\\\/index.php\\\/2025\\\/06\\\/19\\\/tania-niega-incompatibilidad-en-su-cargo\\\/#primaryimage\"},\"thumbnailUrl\":\"https:\\\/\\\/redmediterranea.com\\\/wp-content\\\/uploads\\\/2025\\\/05\\\/tania.jpg\",\"keywords\":[\"Incompatibilidad de Cargo\",\"Tania Kyshakevych\"],\"articleSection\":[\"Concejo Deliberante\",\"De\u00e1n Funes\",\"Locales\",\"Pol\u00edtica\"],\"inLanguage\":\"es\",\"potentialAction\":[{\"@type\":\"CommentAction\",\"name\":\"Comment\",\"target\":[\"https:\\\/\\\/redmediterranea.com\\\/index.php\\\/2025\\\/06\\\/19\\\/tania-niega-incompatibilidad-en-su-cargo\\\/#respond\"]}]},{\"@type\":\"WebPage\",\"@id\":\"https:\\\/\\\/redmediterranea.com\\\/index.php\\\/2025\\\/06\\\/19\\\/tania-niega-incompatibilidad-en-su-cargo\\\/\",\"url\":\"https:\\\/\\\/redmediterranea.com\\\/index.php\\\/2025\\\/06\\\/19\\\/tania-niega-incompatibilidad-en-su-cargo\\\/\",\"name\":\"Tania niega incompatibilidad en su cargo &#8212; Red Mediterr\u00e1nea\",\"isPartOf\":{\"@id\":\"https:\\\/\\\/redmediterranea.com\\\/#website\"},\"primaryImageOfPage\":{\"@id\":\"https:\\\/\\\/redmediterranea.com\\\/index.php\\\/2025\\\/06\\\/19\\\/tania-niega-incompatibilidad-en-su-cargo\\\/#primaryimage\"},\"image\":{\"@id\":\"https:\\\/\\\/redmediterranea.com\\\/index.php\\\/2025\\\/06\\\/19\\\/tania-niega-incompatibilidad-en-su-cargo\\\/#primaryimage\"},\"thumbnailUrl\":\"https:\\\/\\\/redmediterranea.com\\\/wp-content\\\/uploads\\\/2025\\\/05\\\/tania.jpg\",\"datePublished\":\"2025-06-19T00:55:22+00:00\",\"dateModified\":\"2025-06-19T00:55:23+00:00\",\"breadcrumb\":{\"@id\":\"https:\\\/\\\/redmediterranea.com\\\/index.php\\\/2025\\\/06\\\/19\\\/tania-niega-incompatibilidad-en-su-cargo\\\/#breadcrumb\"},\"inLanguage\":\"es\",\"potentialAction\":[{\"@type\":\"ReadAction\",\"target\":[\"https:\\\/\\\/redmediterranea.com\\\/index.php\\\/2025\\\/06\\\/19\\\/tania-niega-incompatibilidad-en-su-cargo\\\/\"]}]},{\"@type\":\"ImageObject\",\"inLanguage\":\"es\",\"@id\":\"https:\\\/\\\/redmediterranea.com\\\/index.php\\\/2025\\\/06\\\/19\\\/tania-niega-incompatibilidad-en-su-cargo\\\/#primaryimage\",\"url\":\"https:\\\/\\\/redmediterranea.com\\\/wp-content\\\/uploads\\\/2025\\\/05\\\/tania.jpg\",\"contentUrl\":\"https:\\\/\\\/redmediterranea.com\\\/wp-content\\\/uploads\\\/2025\\\/05\\\/tania.jpg\",\"width\":1440,\"height\":1800},{\"@type\":\"BreadcrumbList\",\"@id\":\"https:\\\/\\\/redmediterranea.com\\\/index.php\\\/2025\\\/06\\\/19\\\/tania-niega-incompatibilidad-en-su-cargo\\\/#breadcrumb\",\"itemListElement\":[{\"@type\":\"ListItem\",\"position\":1,\"name\":\"Portada\",\"item\":\"https:\\\/\\\/redmediterranea.com\\\/\"},{\"@type\":\"ListItem\",\"position\":2,\"name\":\"Tania niega incompatibilidad en su cargo\"}]},{\"@type\":\"WebSite\",\"@id\":\"https:\\\/\\\/redmediterranea.com\\\/#website\",\"url\":\"https:\\\/\\\/redmediterranea.com\\\/\",\"name\":\"Red Mediterr\u00e1nea\",\"description\":\"Noticias de De\u00e1n Funes\",\"publisher\":{\"@id\":\"https:\\\/\\\/redmediterranea.com\\\/#organization\"},\"potentialAction\":[{\"@type\":\"SearchAction\",\"target\":{\"@type\":\"EntryPoint\",\"urlTemplate\":\"https:\\\/\\\/redmediterranea.com\\\/?s={search_term_string}\"},\"query-input\":{\"@type\":\"PropertyValueSpecification\",\"valueRequired\":true,\"valueName\":\"search_term_string\"}}],\"inLanguage\":\"es\"},{\"@type\":\"Organization\",\"@id\":\"https:\\\/\\\/redmediterranea.com\\\/#organization\",\"name\":\"Red Mediterr\u00e1nea\",\"url\":\"https:\\\/\\\/redmediterranea.com\\\/\",\"logo\":{\"@type\":\"ImageObject\",\"inLanguage\":\"es\",\"@id\":\"https:\\\/\\\/redmediterranea.com\\\/#\\\/schema\\\/logo\\\/image\\\/\",\"url\":\"https:\\\/\\\/redmediterranea.com\\\/wp-content\\\/uploads\\\/2021\\\/09\\\/red.png\",\"contentUrl\":\"https:\\\/\\\/redmediterranea.com\\\/wp-content\\\/uploads\\\/2021\\\/09\\\/red.png\",\"width\":400,\"height\":260,\"caption\":\"Red Mediterr\u00e1nea\"},\"image\":{\"@id\":\"https:\\\/\\\/redmediterranea.com\\\/#\\\/schema\\\/logo\\\/image\\\/\"},\"sameAs\":[\"https:\\\/\\\/www.facebook.com\\\/redmediterranea.net\",\"https:\\\/\\\/www.youtube.com\\\/channel\\\/UCvm4ojIMOGKnk5v9TsWnFWQ\"]},{\"@type\":\"Person\",\"@id\":\"https:\\\/\\\/redmediterranea.com\\\/#\\\/schema\\\/person\\\/a59f6085115b75a865fb0338fe81d577\",\"name\":\"Red Mediterr\u00e1nea\",\"image\":{\"@type\":\"ImageObject\",\"inLanguage\":\"es\",\"@id\":\"https:\\\/\\\/redmediterranea.com\\\/wp-content\\\/litespeed\\\/avatar\\\/1a3770c806a5dd31cb05580dd57bedd6.jpg?ver=1777231671\",\"url\":\"https:\\\/\\\/redmediterranea.com\\\/wp-content\\\/litespeed\\\/avatar\\\/1a3770c806a5dd31cb05580dd57bedd6.jpg?ver=1777231671\",\"contentUrl\":\"https:\\\/\\\/redmediterranea.com\\\/wp-content\\\/litespeed\\\/avatar\\\/1a3770c806a5dd31cb05580dd57bedd6.jpg?ver=1777231671\",\"caption\":\"Red Mediterr\u00e1nea\"},\"sameAs\":[\"http:\\\/\\\/redmediterranea.com\"],\"url\":\"https:\\\/\\\/redmediterranea.com\\\/index.php\\\/author\\\/hg-hatecraft\\\/\"}]}<\/script>\n<!-- \/ Yoast SEO plugin. -->","yoast_head_json":{"title":"Tania niega incompatibilidad en su cargo &#8212; Red Mediterr\u00e1nea","robots":{"index":"index","follow":"follow","max-snippet":"max-snippet:-1","max-image-preview":"max-image-preview:large","max-video-preview":"max-video-preview:-1"},"canonical":"https:\/\/redmediterranea.com\/index.php\/2025\/06\/19\/tania-niega-incompatibilidad-en-su-cargo\/","og_locale":"es_ES","og_type":"article","og_title":"Tania niega incompatibilidad en su cargo &#8212; Red Mediterr\u00e1nea","og_description":"CUANDO INCOMOD\u00c1S AL PODER, EMPIEZAN A PERSEGUIRTE. Hoy, mientras me encontraba ausente por motivos de salud \u2014algo que cualquiera puede atravesar\u2014, desde el oficialismo aprovecharon para presentar una nota sin ning\u00fan sustento legal en la que pretenden expulsarme del Concejo Deliberante. Lo hacen porque molesto. Porque cumplo mi funci\u00f3n: controlar al poder. Les quiero recordar [&hellip;]","og_url":"https:\/\/redmediterranea.com\/index.php\/2025\/06\/19\/tania-niega-incompatibilidad-en-su-cargo\/","og_site_name":"Red Mediterr\u00e1nea","article_publisher":"https:\/\/www.facebook.com\/redmediterranea.net","article_published_time":"2025-06-19T00:55:22+00:00","article_modified_time":"2025-06-19T00:55:23+00:00","og_image":[{"width":1440,"height":1800,"url":"https:\/\/redmediterranea.com\/wp-content\/uploads\/2025\/05\/tania.jpg","type":"image\/jpeg"}],"author":"Red Mediterr\u00e1nea","twitter_card":"summary_large_image","twitter_misc":{"Escrito por":"Red Mediterr\u00e1nea","Tiempo de lectura":"3 minutos"},"schema":{"@context":"https:\/\/schema.org","@graph":[{"@type":"Article","@id":"https:\/\/redmediterranea.com\/index.php\/2025\/06\/19\/tania-niega-incompatibilidad-en-su-cargo\/#article","isPartOf":{"@id":"https:\/\/redmediterranea.com\/index.php\/2025\/06\/19\/tania-niega-incompatibilidad-en-su-cargo\/"},"author":{"name":"Red Mediterr\u00e1nea","@id":"https:\/\/redmediterranea.com\/#\/schema\/person\/a59f6085115b75a865fb0338fe81d577"},"headline":"Tania niega incompatibilidad en su cargo","datePublished":"2025-06-19T00:55:22+00:00","dateModified":"2025-06-19T00:55:23+00:00","mainEntityOfPage":{"@id":"https:\/\/redmediterranea.com\/index.php\/2025\/06\/19\/tania-niega-incompatibilidad-en-su-cargo\/"},"wordCount":295,"commentCount":0,"publisher":{"@id":"https:\/\/redmediterranea.com\/#organization"},"image":{"@id":"https:\/\/redmediterranea.com\/index.php\/2025\/06\/19\/tania-niega-incompatibilidad-en-su-cargo\/#primaryimage"},"thumbnailUrl":"https:\/\/redmediterranea.com\/wp-content\/uploads\/2025\/05\/tania.jpg","keywords":["Incompatibilidad de Cargo","Tania Kyshakevych"],"articleSection":["Concejo Deliberante","De\u00e1n Funes","Locales","Pol\u00edtica"],"inLanguage":"es","potentialAction":[{"@type":"CommentAction","name":"Comment","target":["https:\/\/redmediterranea.com\/index.php\/2025\/06\/19\/tania-niega-incompatibilidad-en-su-cargo\/#respond"]}]},{"@type":"WebPage","@id":"https:\/\/redmediterranea.com\/index.php\/2025\/06\/19\/tania-niega-incompatibilidad-en-su-cargo\/","url":"https:\/\/redmediterranea.com\/index.php\/2025\/06\/19\/tania-niega-incompatibilidad-en-su-cargo\/","name":"Tania niega incompatibilidad en su cargo &#8212; Red Mediterr\u00e1nea","isPartOf":{"@id":"https:\/\/redmediterranea.com\/#website"},"primaryImageOfPage":{"@id":"https:\/\/redmediterranea.com\/index.php\/2025\/06\/19\/tania-niega-incompatibilidad-en-su-cargo\/#primaryimage"},"image":{"@id":"https:\/\/redmediterranea.com\/index.php\/2025\/06\/19\/tania-niega-incompatibilidad-en-su-cargo\/#primaryimage"},"thumbnailUrl":"https:\/\/redmediterranea.com\/wp-content\/uploads\/2025\/05\/tania.jpg","datePublished":"2025-06-19T00:55:22+00:00","dateModified":"2025-06-19T00:55:23+00:00","breadcrumb":{"@id":"https:\/\/redmediterranea.com\/index.php\/2025\/06\/19\/tania-niega-incompatibilidad-en-su-cargo\/#breadcrumb"},"inLanguage":"es","potentialAction":[{"@type":"ReadAction","target":["https:\/\/redmediterranea.com\/index.php\/2025\/06\/19\/tania-niega-incompatibilidad-en-su-cargo\/"]}]},{"@type":"ImageObject","inLanguage":"es","@id":"https:\/\/redmediterranea.com\/index.php\/2025\/06\/19\/tania-niega-incompatibilidad-en-su-cargo\/#primaryimage","url":"https:\/\/redmediterranea.com\/wp-content\/uploads\/2025\/05\/tania.jpg","contentUrl":"https:\/\/redmediterranea.com\/wp-content\/uploads\/2025\/05\/tania.jpg","width":1440,"height":1800},{"@type":"BreadcrumbList","@id":"https:\/\/redmediterranea.com\/index.php\/2025\/06\/19\/tania-niega-incompatibilidad-en-su-cargo\/#breadcrumb","itemListElement":[{"@type":"ListItem","position":1,"name":"Portada","item":"https:\/\/redmediterranea.com\/"},{"@type":"ListItem","position":2,"name":"Tania niega incompatibilidad en su cargo"}]},{"@type":"WebSite","@id":"https:\/\/redmediterranea.com\/#website","url":"https:\/\/redmediterranea.com\/","name":"Red Mediterr\u00e1nea","description":"Noticias de De\u00e1n Funes","publisher":{"@id":"https:\/\/redmediterranea.com\/#organization"},"potentialAction":[{"@type":"SearchAction","target":{"@type":"EntryPoint","urlTemplate":"https:\/\/redmediterranea.com\/?s={search_term_string}"},"query-input":{"@type":"PropertyValueSpecification","valueRequired":true,"valueName":"search_term_string"}}],"inLanguage":"es"},{"@type":"Organization","@id":"https:\/\/redmediterranea.com\/#organization","name":"Red Mediterr\u00e1nea","url":"https:\/\/redmediterranea.com\/","logo":{"@type":"ImageObject","inLanguage":"es","@id":"https:\/\/redmediterranea.com\/#\/schema\/logo\/image\/","url":"https:\/\/redmediterranea.com\/wp-content\/uploads\/2021\/09\/red.png","contentUrl":"https:\/\/redmediterranea.com\/wp-content\/uploads\/2021\/09\/red.png","width":400,"height":260,"caption":"Red Mediterr\u00e1nea"},"image":{"@id":"https:\/\/redmediterranea.com\/#\/schema\/logo\/image\/"},"sameAs":["https:\/\/www.facebook.com\/redmediterranea.net","https:\/\/www.youtube.com\/channel\/UCvm4ojIMOGKnk5v9TsWnFWQ"]},{"@type":"Person","@id":"https:\/\/redmediterranea.com\/#\/schema\/person\/a59f6085115b75a865fb0338fe81d577","name":"Red Mediterr\u00e1nea","image":{"@type":"ImageObject","inLanguage":"es","@id":"https:\/\/redmediterranea.com\/wp-content\/litespeed\/avatar\/1a3770c806a5dd31cb05580dd57bedd6.jpg?ver=1777231671","url":"https:\/\/redmediterranea.com\/wp-content\/litespeed\/avatar\/1a3770c806a5dd31cb05580dd57bedd6.jpg?ver=1777231671","contentUrl":"https:\/\/redmediterranea.com\/wp-content\/litespeed\/avatar\/1a3770c806a5dd31cb05580dd57bedd6.jpg?ver=1777231671","caption":"Red Mediterr\u00e1nea"},"sameAs":["http:\/\/redmediterranea.com"],"url":"https:\/\/redmediterranea.com\/index.php\/author\/hg-hatecraft\/"}]}},"_links":{"self":[{"href":"https:\/\/redmediterranea.com\/index.php\/wp-json\/wp\/v2\/posts\/14315","targetHints":{"allow":["GET"]}}],"collection":[{"href":"https:\/\/redmediterranea.com\/index.php\/wp-json\/wp\/v2\/posts"}],"about":[{"href":"https:\/\/redmediterranea.com\/index.php\/wp-json\/wp\/v2\/types\/post"}],"author":[{"embeddable":true,"href":"https:\/\/redmediterranea.com\/index.php\/wp-json\/wp\/v2\/users\/1"}],"replies":[{"embeddable":true,"href":"https:\/\/redmediterranea.com\/index.php\/wp-json\/wp\/v2\/comments?post=14315"}],"version-history":[{"count":1,"href":"https:\/\/redmediterranea.com\/index.php\/wp-json\/wp\/v2\/posts\/14315\/revisions"}],"predecessor-version":[{"id":14317,"href":"https:\/\/redmediterranea.com\/index.php\/wp-json\/wp\/v2\/posts\/14315\/revisions\/14317"}],"wp:featuredmedia":[{"embeddable":true,"href":"https:\/\/redmediterranea.com\/index.php\/wp-json\/wp\/v2\/media\/13964"}],"wp:attachment":[{"href":"https:\/\/redmediterranea.com\/index.php\/wp-json\/wp\/v2\/media?parent=14315"}],"wp:term":[{"taxonomy":"category","embeddable":true,"href":"https:\/\/redmediterranea.com\/index.php\/wp-json\/wp\/v2\/categories?post=14315"},{"taxonomy":"post_tag","embeddable":true,"href":"https:\/\/redmediterranea.com\/index.php\/wp-json\/wp\/v2\/tags?post=14315"}],"curies":[{"name":"wp","href":"https:\/\/api.w.org\/{rel}","templated":true}]}}