{"id":13966,"date":"2025-05-07T18:34:44","date_gmt":"2025-05-07T18:34:44","guid":{"rendered":"https:\/\/redmediterranea.com\/?p=13966"},"modified":"2025-05-07T18:34:45","modified_gmt":"2025-05-07T18:34:45","slug":"tania-kyshakevych-cruzo-a-la-intendenta-por-el-balance-del-festival","status":"publish","type":"post","link":"https:\/\/redmediterranea.com\/index.php\/2025\/05\/07\/tania-kyshakevych-cruzo-a-la-intendenta-por-el-balance-del-festival\/","title":{"rendered":"Tania Kyshakevych cruz\u00f3 a la intendenta por el balance del festival"},"content":{"rendered":"\n<p>\u00bfFALTA DE INFORMACI\u00d3N O FALTA DE RESPONSABILIDAD?<\/p>\n\n\n\n<p>El Festival de Doma y Folklore \u201cPadre de Festivales\u201d merece transparencia.<\/p>\n\n\n\n<p>Desde el Bloque de Concejales de Somos De\u00e1n Funes queremos expresar nuestra profunda preocupaci\u00f3n ante las declaraciones p\u00fablicas de la Intendenta Municipal, en relaci\u00f3n al Festival de Doma y Folklore \u201cPadre de Festivales\u201d, emitidas en un medio local.<\/p>\n\n\n\n<p>En primer lugar, desmentimos categ\u00f3ricamente su afirmaci\u00f3n de que \u201cno hay una partida espec\u00edfica para el festival\u201d. El presupuesto municipal 2025, aprobado por ordenanza, establece claramente una partida denominada \u201cSemana de la Tradici\u00f3n del Norte Cordob\u00e9s\u201d, con una asignaci\u00f3n superior a los 575 millones de pesos. Lo mismo ocurre en el presupuesto modificado de 2024, que tambi\u00e9n contempla fondos espec\u00edficos para este evento.<\/p>\n\n\n\n<p>En segundo lugar, la Intendenta sostiene que el Concejo recibe \u201cbalances\u201d del festival. Esto es incorrecto. Lo que corresponde legalmente es la remisi\u00f3n de la ejecuci\u00f3n presupuestaria, el instrumento que permite conocer con precisi\u00f3n c\u00f3mo se gastan los recursos p\u00fablicos. Los balances contables no cumplen esa funci\u00f3n, y confundir ambos conceptos revela un preocupante desconocimiento t\u00e9cnico de su funci\u00f3n como jefa del Ejecutivo.<\/p>\n\n\n\n<p>Tambi\u00e9n es falso que la Comisi\u00f3n del Festival haya sido disuelta. Su estatuto fue modificado, pero la Comisi\u00f3n Permanente sigue existiendo como tal. La \u00fanica modificaci\u00f3n sustancial fue eliminar la obligaci\u00f3n de remitir un informe anual al Concejo Deliberante para evaluar los ingresos y egresos del festival. Esta decisi\u00f3n, lejos de fortalecer la gesti\u00f3n, limita el control y debilita la transparencia institucional.<\/p>\n\n\n\n<p>Por \u00faltimo, nos preocupa profundamente que la propia Intendenta haya dicho p\u00fablicamente que \u201cno sabe\u201d si el festival arroj\u00f3 ganancias o p\u00e9rdidas. Hablamos de un evento que moviliza m\u00e1s de 500 millones de pesos. Su desconocimiento no solo es grave, sino que puede constituir una falta a los deberes de funcionaria p\u00fablica.<\/p>\n\n\n\n<p>Los vecinos de De\u00e1n Funes merecen saber qu\u00e9 se hace con sus recursos.<\/p>\n\n\n\n<p>Merecen funcionarios que rindan cuentas, que hablen con la verdad y que no oculten informaci\u00f3n.<\/p>\n\n\n\n<p>Desde nuestro bloque vamos a seguir exigiendo lo que corresponde: informaci\u00f3n clara, controles efectivos y transparencia.<\/p>\n\n\n\n<p>Porque el festival es de todos. Y lo p\u00fablico, se rinde.<\/p>\n","protected":false},"excerpt":{"rendered":"<p>\u00bfFALTA DE INFORMACI\u00d3N O FALTA DE RESPONSABILIDAD? El Festival de Doma y Folklore \u201cPadre de Festivales\u201d merece transparencia. Desde el Bloque de Concejales de Somos De\u00e1n Funes queremos expresar nuestra profunda preocupaci\u00f3n ante las declaraciones p\u00fablicas de la Intendenta Municipal, en relaci\u00f3n al Festival de Doma y Folklore \u201cPadre de Festivales\u201d, emitidas en un medio [&hellip;]<\/p>\n","protected":false},"author":1,"featured_media":3481,"comment_status":"open","ping_status":"open","sticky":false,"template":"","format":"standard","meta":{"footnotes":""},"categories":[822,4,265,3,41],"tags":[534,876,266,34],"class_list":{"0":"post-13966","1":"post","2":"type-post","3":"status-publish","4":"format-standard","5":"has-post-thumbnail","7":"category-concejo-deliberante","8":"category-dean-funes","9":"category-festival","10":"category-locales","11":"category-politica","12":"tag-andrea-nievas","13":"tag-balance","14":"tag-festival","15":"tag-tania-kyshakevych"},"yoast_head":"<!-- This site is optimized with the Yoast SEO plugin v27.4 - https:\/\/yoast.com\/product\/yoast-seo-wordpress\/ -->\n<title>Tania Kyshakevych cruz\u00f3 a la intendenta por el balance del festival &#8212; Red Mediterr\u00e1nea<\/title>\n<meta name=\"robots\" content=\"index, follow, max-snippet:-1, max-image-preview:large, max-video-preview:-1\" \/>\n<link rel=\"canonical\" href=\"https:\/\/redmediterranea.com\/index.php\/2025\/05\/07\/tania-kyshakevych-cruzo-a-la-intendenta-por-el-balance-del-festival\/\" \/>\n<meta property=\"og:locale\" content=\"es_ES\" \/>\n<meta property=\"og:type\" content=\"article\" \/>\n<meta property=\"og:title\" content=\"Tania Kyshakevych cruz\u00f3 a la intendenta por el balance del festival &#8212; Red Mediterr\u00e1nea\" \/>\n<meta property=\"og:description\" content=\"\u00bfFALTA DE INFORMACI\u00d3N O FALTA DE RESPONSABILIDAD? El Festival de Doma y Folklore \u201cPadre de Festivales\u201d merece transparencia. Desde el Bloque de Concejales de Somos De\u00e1n Funes queremos expresar nuestra profunda preocupaci\u00f3n ante las declaraciones p\u00fablicas de la Intendenta Municipal, en relaci\u00f3n al Festival de Doma y Folklore \u201cPadre de Festivales\u201d, emitidas en un medio [&hellip;]\" \/>\n<meta property=\"og:url\" content=\"https:\/\/redmediterranea.com\/index.php\/2025\/05\/07\/tania-kyshakevych-cruzo-a-la-intendenta-por-el-balance-del-festival\/\" \/>\n<meta property=\"og:site_name\" content=\"Red Mediterr\u00e1nea\" \/>\n<meta property=\"article:publisher\" content=\"https:\/\/www.facebook.com\/redmediterranea.net\" \/>\n<meta property=\"article:published_time\" content=\"2025-05-07T18:34:44+00:00\" \/>\n<meta property=\"article:modified_time\" content=\"2025-05-07T18:34:45+00:00\" \/>\n<meta property=\"og:image\" content=\"https:\/\/redmediterranea.com\/wp-content\/uploads\/2022\/08\/tania.jpeg\" \/>\n\t<meta property=\"og:image:width\" content=\"1600\" \/>\n\t<meta property=\"og:image:height\" content=\"1066\" \/>\n\t<meta property=\"og:image:type\" content=\"image\/jpeg\" \/>\n<meta name=\"author\" content=\"Red Mediterr\u00e1nea\" \/>\n<meta name=\"twitter:card\" content=\"summary_large_image\" \/>\n<meta name=\"twitter:label1\" content=\"Escrito por\" \/>\n\t<meta name=\"twitter:data1\" content=\"Red Mediterr\u00e1nea\" \/>\n\t<meta name=\"twitter:label2\" content=\"Tiempo de lectura\" \/>\n\t<meta name=\"twitter:data2\" content=\"2 minutos\" \/>\n<script type=\"application\/ld+json\" class=\"yoast-schema-graph\">{\"@context\":\"https:\\\/\\\/schema.org\",\"@graph\":[{\"@type\":\"Article\",\"@id\":\"https:\\\/\\\/redmediterranea.com\\\/index.php\\\/2025\\\/05\\\/07\\\/tania-kyshakevych-cruzo-a-la-intendenta-por-el-balance-del-festival\\\/#article\",\"isPartOf\":{\"@id\":\"https:\\\/\\\/redmediterranea.com\\\/index.php\\\/2025\\\/05\\\/07\\\/tania-kyshakevych-cruzo-a-la-intendenta-por-el-balance-del-festival\\\/\"},\"author\":{\"name\":\"Red Mediterr\u00e1nea\",\"@id\":\"https:\\\/\\\/redmediterranea.com\\\/#\\\/schema\\\/person\\\/a59f6085115b75a865fb0338fe81d577\"},\"headline\":\"Tania Kyshakevych cruz\u00f3 a la intendenta por el balance del festival\",\"datePublished\":\"2025-05-07T18:34:44+00:00\",\"dateModified\":\"2025-05-07T18:34:45+00:00\",\"mainEntityOfPage\":{\"@id\":\"https:\\\/\\\/redmediterranea.com\\\/index.php\\\/2025\\\/05\\\/07\\\/tania-kyshakevych-cruzo-a-la-intendenta-por-el-balance-del-festival\\\/\"},\"wordCount\":394,\"commentCount\":0,\"publisher\":{\"@id\":\"https:\\\/\\\/redmediterranea.com\\\/#organization\"},\"image\":{\"@id\":\"https:\\\/\\\/redmediterranea.com\\\/index.php\\\/2025\\\/05\\\/07\\\/tania-kyshakevych-cruzo-a-la-intendenta-por-el-balance-del-festival\\\/#primaryimage\"},\"thumbnailUrl\":\"https:\\\/\\\/redmediterranea.com\\\/wp-content\\\/uploads\\\/2022\\\/08\\\/tania.jpeg\",\"keywords\":[\"Andrea Nievas\",\"Balance\",\"Festival\",\"Tania Kyshakevych\"],\"articleSection\":[\"Concejo Deliberante\",\"De\u00e1n Funes\",\"Festival\",\"Locales\",\"Pol\u00edtica\"],\"inLanguage\":\"es\",\"potentialAction\":[{\"@type\":\"CommentAction\",\"name\":\"Comment\",\"target\":[\"https:\\\/\\\/redmediterranea.com\\\/index.php\\\/2025\\\/05\\\/07\\\/tania-kyshakevych-cruzo-a-la-intendenta-por-el-balance-del-festival\\\/#respond\"]}]},{\"@type\":\"WebPage\",\"@id\":\"https:\\\/\\\/redmediterranea.com\\\/index.php\\\/2025\\\/05\\\/07\\\/tania-kyshakevych-cruzo-a-la-intendenta-por-el-balance-del-festival\\\/\",\"url\":\"https:\\\/\\\/redmediterranea.com\\\/index.php\\\/2025\\\/05\\\/07\\\/tania-kyshakevych-cruzo-a-la-intendenta-por-el-balance-del-festival\\\/\",\"name\":\"Tania Kyshakevych cruz\u00f3 a la intendenta por el balance del festival &#8212; Red Mediterr\u00e1nea\",\"isPartOf\":{\"@id\":\"https:\\\/\\\/redmediterranea.com\\\/#website\"},\"primaryImageOfPage\":{\"@id\":\"https:\\\/\\\/redmediterranea.com\\\/index.php\\\/2025\\\/05\\\/07\\\/tania-kyshakevych-cruzo-a-la-intendenta-por-el-balance-del-festival\\\/#primaryimage\"},\"image\":{\"@id\":\"https:\\\/\\\/redmediterranea.com\\\/index.php\\\/2025\\\/05\\\/07\\\/tania-kyshakevych-cruzo-a-la-intendenta-por-el-balance-del-festival\\\/#primaryimage\"},\"thumbnailUrl\":\"https:\\\/\\\/redmediterranea.com\\\/wp-content\\\/uploads\\\/2022\\\/08\\\/tania.jpeg\",\"datePublished\":\"2025-05-07T18:34:44+00:00\",\"dateModified\":\"2025-05-07T18:34:45+00:00\",\"breadcrumb\":{\"@id\":\"https:\\\/\\\/redmediterranea.com\\\/index.php\\\/2025\\\/05\\\/07\\\/tania-kyshakevych-cruzo-a-la-intendenta-por-el-balance-del-festival\\\/#breadcrumb\"},\"inLanguage\":\"es\",\"potentialAction\":[{\"@type\":\"ReadAction\",\"target\":[\"https:\\\/\\\/redmediterranea.com\\\/index.php\\\/2025\\\/05\\\/07\\\/tania-kyshakevych-cruzo-a-la-intendenta-por-el-balance-del-festival\\\/\"]}]},{\"@type\":\"ImageObject\",\"inLanguage\":\"es\",\"@id\":\"https:\\\/\\\/redmediterranea.com\\\/index.php\\\/2025\\\/05\\\/07\\\/tania-kyshakevych-cruzo-a-la-intendenta-por-el-balance-del-festival\\\/#primaryimage\",\"url\":\"https:\\\/\\\/redmediterranea.com\\\/wp-content\\\/uploads\\\/2022\\\/08\\\/tania.jpeg\",\"contentUrl\":\"https:\\\/\\\/redmediterranea.com\\\/wp-content\\\/uploads\\\/2022\\\/08\\\/tania.jpeg\",\"width\":1600,\"height\":1066},{\"@type\":\"BreadcrumbList\",\"@id\":\"https:\\\/\\\/redmediterranea.com\\\/index.php\\\/2025\\\/05\\\/07\\\/tania-kyshakevych-cruzo-a-la-intendenta-por-el-balance-del-festival\\\/#breadcrumb\",\"itemListElement\":[{\"@type\":\"ListItem\",\"position\":1,\"name\":\"Portada\",\"item\":\"https:\\\/\\\/redmediterranea.com\\\/\"},{\"@type\":\"ListItem\",\"position\":2,\"name\":\"Tania Kyshakevych cruz\u00f3 a la intendenta por el balance del festival\"}]},{\"@type\":\"WebSite\",\"@id\":\"https:\\\/\\\/redmediterranea.com\\\/#website\",\"url\":\"https:\\\/\\\/redmediterranea.com\\\/\",\"name\":\"Red Mediterr\u00e1nea\",\"description\":\"Noticias de De\u00e1n Funes\",\"publisher\":{\"@id\":\"https:\\\/\\\/redmediterranea.com\\\/#organization\"},\"potentialAction\":[{\"@type\":\"SearchAction\",\"target\":{\"@type\":\"EntryPoint\",\"urlTemplate\":\"https:\\\/\\\/redmediterranea.com\\\/?s={search_term_string}\"},\"query-input\":{\"@type\":\"PropertyValueSpecification\",\"valueRequired\":true,\"valueName\":\"search_term_string\"}}],\"inLanguage\":\"es\"},{\"@type\":\"Organization\",\"@id\":\"https:\\\/\\\/redmediterranea.com\\\/#organization\",\"name\":\"Red Mediterr\u00e1nea\",\"url\":\"https:\\\/\\\/redmediterranea.com\\\/\",\"logo\":{\"@type\":\"ImageObject\",\"inLanguage\":\"es\",\"@id\":\"https:\\\/\\\/redmediterranea.com\\\/#\\\/schema\\\/logo\\\/image\\\/\",\"url\":\"https:\\\/\\\/redmediterranea.com\\\/wp-content\\\/uploads\\\/2021\\\/09\\\/red.png\",\"contentUrl\":\"https:\\\/\\\/redmediterranea.com\\\/wp-content\\\/uploads\\\/2021\\\/09\\\/red.png\",\"width\":400,\"height\":260,\"caption\":\"Red Mediterr\u00e1nea\"},\"image\":{\"@id\":\"https:\\\/\\\/redmediterranea.com\\\/#\\\/schema\\\/logo\\\/image\\\/\"},\"sameAs\":[\"https:\\\/\\\/www.facebook.com\\\/redmediterranea.net\",\"https:\\\/\\\/www.youtube.com\\\/channel\\\/UCvm4ojIMOGKnk5v9TsWnFWQ\"]},{\"@type\":\"Person\",\"@id\":\"https:\\\/\\\/redmediterranea.com\\\/#\\\/schema\\\/person\\\/a59f6085115b75a865fb0338fe81d577\",\"name\":\"Red Mediterr\u00e1nea\",\"image\":{\"@type\":\"ImageObject\",\"inLanguage\":\"es\",\"@id\":\"https:\\\/\\\/redmediterranea.com\\\/wp-content\\\/litespeed\\\/avatar\\\/1a3770c806a5dd31cb05580dd57bedd6.jpg?ver=1777231671\",\"url\":\"https:\\\/\\\/redmediterranea.com\\\/wp-content\\\/litespeed\\\/avatar\\\/1a3770c806a5dd31cb05580dd57bedd6.jpg?ver=1777231671\",\"contentUrl\":\"https:\\\/\\\/redmediterranea.com\\\/wp-content\\\/litespeed\\\/avatar\\\/1a3770c806a5dd31cb05580dd57bedd6.jpg?ver=1777231671\",\"caption\":\"Red Mediterr\u00e1nea\"},\"sameAs\":[\"http:\\\/\\\/redmediterranea.com\"],\"url\":\"https:\\\/\\\/redmediterranea.com\\\/index.php\\\/author\\\/hg-hatecraft\\\/\"}]}<\/script>\n<!-- \/ Yoast SEO plugin. -->","yoast_head_json":{"title":"Tania Kyshakevych cruz\u00f3 a la intendenta por el balance del festival &#8212; Red Mediterr\u00e1nea","robots":{"index":"index","follow":"follow","max-snippet":"max-snippet:-1","max-image-preview":"max-image-preview:large","max-video-preview":"max-video-preview:-1"},"canonical":"https:\/\/redmediterranea.com\/index.php\/2025\/05\/07\/tania-kyshakevych-cruzo-a-la-intendenta-por-el-balance-del-festival\/","og_locale":"es_ES","og_type":"article","og_title":"Tania Kyshakevych cruz\u00f3 a la intendenta por el balance del festival &#8212; Red Mediterr\u00e1nea","og_description":"\u00bfFALTA DE INFORMACI\u00d3N O FALTA DE RESPONSABILIDAD? El Festival de Doma y Folklore \u201cPadre de Festivales\u201d merece transparencia. Desde el Bloque de Concejales de Somos De\u00e1n Funes queremos expresar nuestra profunda preocupaci\u00f3n ante las declaraciones p\u00fablicas de la Intendenta Municipal, en relaci\u00f3n al Festival de Doma y Folklore \u201cPadre de Festivales\u201d, emitidas en un medio [&hellip;]","og_url":"https:\/\/redmediterranea.com\/index.php\/2025\/05\/07\/tania-kyshakevych-cruzo-a-la-intendenta-por-el-balance-del-festival\/","og_site_name":"Red Mediterr\u00e1nea","article_publisher":"https:\/\/www.facebook.com\/redmediterranea.net","article_published_time":"2025-05-07T18:34:44+00:00","article_modified_time":"2025-05-07T18:34:45+00:00","og_image":[{"width":1600,"height":1066,"url":"https:\/\/redmediterranea.com\/wp-content\/uploads\/2022\/08\/tania.jpeg","type":"image\/jpeg"}],"author":"Red Mediterr\u00e1nea","twitter_card":"summary_large_image","twitter_misc":{"Escrito por":"Red Mediterr\u00e1nea","Tiempo de lectura":"2 minutos"},"schema":{"@context":"https:\/\/schema.org","@graph":[{"@type":"Article","@id":"https:\/\/redmediterranea.com\/index.php\/2025\/05\/07\/tania-kyshakevych-cruzo-a-la-intendenta-por-el-balance-del-festival\/#article","isPartOf":{"@id":"https:\/\/redmediterranea.com\/index.php\/2025\/05\/07\/tania-kyshakevych-cruzo-a-la-intendenta-por-el-balance-del-festival\/"},"author":{"name":"Red Mediterr\u00e1nea","@id":"https:\/\/redmediterranea.com\/#\/schema\/person\/a59f6085115b75a865fb0338fe81d577"},"headline":"Tania Kyshakevych cruz\u00f3 a la intendenta por el balance del festival","datePublished":"2025-05-07T18:34:44+00:00","dateModified":"2025-05-07T18:34:45+00:00","mainEntityOfPage":{"@id":"https:\/\/redmediterranea.com\/index.php\/2025\/05\/07\/tania-kyshakevych-cruzo-a-la-intendenta-por-el-balance-del-festival\/"},"wordCount":394,"commentCount":0,"publisher":{"@id":"https:\/\/redmediterranea.com\/#organization"},"image":{"@id":"https:\/\/redmediterranea.com\/index.php\/2025\/05\/07\/tania-kyshakevych-cruzo-a-la-intendenta-por-el-balance-del-festival\/#primaryimage"},"thumbnailUrl":"https:\/\/redmediterranea.com\/wp-content\/uploads\/2022\/08\/tania.jpeg","keywords":["Andrea Nievas","Balance","Festival","Tania Kyshakevych"],"articleSection":["Concejo Deliberante","De\u00e1n Funes","Festival","Locales","Pol\u00edtica"],"inLanguage":"es","potentialAction":[{"@type":"CommentAction","name":"Comment","target":["https:\/\/redmediterranea.com\/index.php\/2025\/05\/07\/tania-kyshakevych-cruzo-a-la-intendenta-por-el-balance-del-festival\/#respond"]}]},{"@type":"WebPage","@id":"https:\/\/redmediterranea.com\/index.php\/2025\/05\/07\/tania-kyshakevych-cruzo-a-la-intendenta-por-el-balance-del-festival\/","url":"https:\/\/redmediterranea.com\/index.php\/2025\/05\/07\/tania-kyshakevych-cruzo-a-la-intendenta-por-el-balance-del-festival\/","name":"Tania Kyshakevych cruz\u00f3 a la intendenta por el balance del festival &#8212; Red Mediterr\u00e1nea","isPartOf":{"@id":"https:\/\/redmediterranea.com\/#website"},"primaryImageOfPage":{"@id":"https:\/\/redmediterranea.com\/index.php\/2025\/05\/07\/tania-kyshakevych-cruzo-a-la-intendenta-por-el-balance-del-festival\/#primaryimage"},"image":{"@id":"https:\/\/redmediterranea.com\/index.php\/2025\/05\/07\/tania-kyshakevych-cruzo-a-la-intendenta-por-el-balance-del-festival\/#primaryimage"},"thumbnailUrl":"https:\/\/redmediterranea.com\/wp-content\/uploads\/2022\/08\/tania.jpeg","datePublished":"2025-05-07T18:34:44+00:00","dateModified":"2025-05-07T18:34:45+00:00","breadcrumb":{"@id":"https:\/\/redmediterranea.com\/index.php\/2025\/05\/07\/tania-kyshakevych-cruzo-a-la-intendenta-por-el-balance-del-festival\/#breadcrumb"},"inLanguage":"es","potentialAction":[{"@type":"ReadAction","target":["https:\/\/redmediterranea.com\/index.php\/2025\/05\/07\/tania-kyshakevych-cruzo-a-la-intendenta-por-el-balance-del-festival\/"]}]},{"@type":"ImageObject","inLanguage":"es","@id":"https:\/\/redmediterranea.com\/index.php\/2025\/05\/07\/tania-kyshakevych-cruzo-a-la-intendenta-por-el-balance-del-festival\/#primaryimage","url":"https:\/\/redmediterranea.com\/wp-content\/uploads\/2022\/08\/tania.jpeg","contentUrl":"https:\/\/redmediterranea.com\/wp-content\/uploads\/2022\/08\/tania.jpeg","width":1600,"height":1066},{"@type":"BreadcrumbList","@id":"https:\/\/redmediterranea.com\/index.php\/2025\/05\/07\/tania-kyshakevych-cruzo-a-la-intendenta-por-el-balance-del-festival\/#breadcrumb","itemListElement":[{"@type":"ListItem","position":1,"name":"Portada","item":"https:\/\/redmediterranea.com\/"},{"@type":"ListItem","position":2,"name":"Tania Kyshakevych cruz\u00f3 a la intendenta por el balance del festival"}]},{"@type":"WebSite","@id":"https:\/\/redmediterranea.com\/#website","url":"https:\/\/redmediterranea.com\/","name":"Red Mediterr\u00e1nea","description":"Noticias de De\u00e1n Funes","publisher":{"@id":"https:\/\/redmediterranea.com\/#organization"},"potentialAction":[{"@type":"SearchAction","target":{"@type":"EntryPoint","urlTemplate":"https:\/\/redmediterranea.com\/?s={search_term_string}"},"query-input":{"@type":"PropertyValueSpecification","valueRequired":true,"valueName":"search_term_string"}}],"inLanguage":"es"},{"@type":"Organization","@id":"https:\/\/redmediterranea.com\/#organization","name":"Red Mediterr\u00e1nea","url":"https:\/\/redmediterranea.com\/","logo":{"@type":"ImageObject","inLanguage":"es","@id":"https:\/\/redmediterranea.com\/#\/schema\/logo\/image\/","url":"https:\/\/redmediterranea.com\/wp-content\/uploads\/2021\/09\/red.png","contentUrl":"https:\/\/redmediterranea.com\/wp-content\/uploads\/2021\/09\/red.png","width":400,"height":260,"caption":"Red Mediterr\u00e1nea"},"image":{"@id":"https:\/\/redmediterranea.com\/#\/schema\/logo\/image\/"},"sameAs":["https:\/\/www.facebook.com\/redmediterranea.net","https:\/\/www.youtube.com\/channel\/UCvm4ojIMOGKnk5v9TsWnFWQ"]},{"@type":"Person","@id":"https:\/\/redmediterranea.com\/#\/schema\/person\/a59f6085115b75a865fb0338fe81d577","name":"Red Mediterr\u00e1nea","image":{"@type":"ImageObject","inLanguage":"es","@id":"https:\/\/redmediterranea.com\/wp-content\/litespeed\/avatar\/1a3770c806a5dd31cb05580dd57bedd6.jpg?ver=1777231671","url":"https:\/\/redmediterranea.com\/wp-content\/litespeed\/avatar\/1a3770c806a5dd31cb05580dd57bedd6.jpg?ver=1777231671","contentUrl":"https:\/\/redmediterranea.com\/wp-content\/litespeed\/avatar\/1a3770c806a5dd31cb05580dd57bedd6.jpg?ver=1777231671","caption":"Red Mediterr\u00e1nea"},"sameAs":["http:\/\/redmediterranea.com"],"url":"https:\/\/redmediterranea.com\/index.php\/author\/hg-hatecraft\/"}]}},"_links":{"self":[{"href":"https:\/\/redmediterranea.com\/index.php\/wp-json\/wp\/v2\/posts\/13966","targetHints":{"allow":["GET"]}}],"collection":[{"href":"https:\/\/redmediterranea.com\/index.php\/wp-json\/wp\/v2\/posts"}],"about":[{"href":"https:\/\/redmediterranea.com\/index.php\/wp-json\/wp\/v2\/types\/post"}],"author":[{"embeddable":true,"href":"https:\/\/redmediterranea.com\/index.php\/wp-json\/wp\/v2\/users\/1"}],"replies":[{"embeddable":true,"href":"https:\/\/redmediterranea.com\/index.php\/wp-json\/wp\/v2\/comments?post=13966"}],"version-history":[{"count":1,"href":"https:\/\/redmediterranea.com\/index.php\/wp-json\/wp\/v2\/posts\/13966\/revisions"}],"predecessor-version":[{"id":13967,"href":"https:\/\/redmediterranea.com\/index.php\/wp-json\/wp\/v2\/posts\/13966\/revisions\/13967"}],"wp:featuredmedia":[{"embeddable":true,"href":"https:\/\/redmediterranea.com\/index.php\/wp-json\/wp\/v2\/media\/3481"}],"wp:attachment":[{"href":"https:\/\/redmediterranea.com\/index.php\/wp-json\/wp\/v2\/media?parent=13966"}],"wp:term":[{"taxonomy":"category","embeddable":true,"href":"https:\/\/redmediterranea.com\/index.php\/wp-json\/wp\/v2\/categories?post=13966"},{"taxonomy":"post_tag","embeddable":true,"href":"https:\/\/redmediterranea.com\/index.php\/wp-json\/wp\/v2\/tags?post=13966"}],"curies":[{"name":"wp","href":"https:\/\/api.w.org\/{rel}","templated":true}]}}