{"id":13932,"date":"2025-05-05T14:39:02","date_gmt":"2025-05-05T14:39:02","guid":{"rendered":"https:\/\/redmediterranea.com\/?p=13932"},"modified":"2025-05-05T14:39:02","modified_gmt":"2025-05-05T14:39:02","slug":"parte-de-prensa-88","status":"publish","type":"post","link":"https:\/\/redmediterranea.com\/index.php\/2025\/05\/05\/parte-de-prensa-88\/","title":{"rendered":"Parte de Prensa"},"content":{"rendered":"\n<p>De\u00e1n Funes: Operadoras del 911 ayudaron a salvar a un beb\u00e9 que se ahogaba<\/p>\n\n\n\n<p>Una madre logr\u00f3 asistir a su hijo de 2 a\u00f1os, que se hab\u00eda atragantado con una golosina, gracias a la gu\u00eda telef\u00f3nica de operadoras del Comando 911.<\/p>\n\n\n\n<p>El <a><\/a>hecho ocurri\u00f3 este domingo en De\u00e1n Funes, cuando la mujer, de 49 a\u00f1os, llam\u00f3 al Centro de Emergencias desesperada. Desde la central, la contuvieron y le indicaron c\u00f3mo hacer maniobras de primeros auxilios.<\/p>\n\n\n\n<p>El ni\u00f1o fue estabilizado antes de la llegada de la ambulancia, trasladado al hospital local y se encuentra fuera de peligro.<\/p>\n\n\n\n<p>Detienen a un hombre por un hecho de violencia familiar en De\u00e1n Funes<\/p>\n\n\n\n<p>En horas de la tarde del domingo, un hombre fue detenido en la v\u00eda p\u00fablica por personal policial en barrio Centro de la ciudad de De\u00e1n Funes. La aprehensi\u00f3n se realiz\u00f3 por orden de la Fiscal\u00eda de Instrucci\u00f3n de la 9\u00aa Circunscripci\u00f3n Judicial, en el marco de una investigaci\u00f3n por un hecho de violencia familiar.<\/p>\n\n\n\n<p>El individuo, mayor de edad, fue trasladado a la sede policial, donde qued\u00f3 a disposici\u00f3n del magistrado interviniente. Hasta el momento, no se han brindado mayores detalles sobre el caso, que contin\u00faa bajo investigaci\u00f3n judicial.<\/p>\n\n\n\n<p>Contin\u00faa la intensa b\u00fasqueda de Jos\u00e9 Hern\u00e1n Bustamante en De\u00e1n Funes<\/p>\n\n\n\n<p> A cinco d\u00edas de la desaparici\u00f3n de Jos\u00e9 Hern\u00e1n Bustamante, contin\u00faa de manera ininterrumpida el operativo de b\u00fasqueda en la ciudad y zonas aleda\u00f1as.<\/p>\n\n\n\n<p>El rastrillaje es llevado adelante por distintas especialidades de la Polic\u00eda de C\u00f3rdoba, junto a Bomberos Voluntarios y personal del Equipo T\u00e9cnico de Acci\u00f3n ante Cat\u00e1strofes (ETAC), quienes trabajan de manera coordinada para dar con el paradero del hombre de 40 a\u00f1os.<\/p>\n\n\n\n<p>Bustamante padece retraso madurativo, lo que incrementa la preocupaci\u00f3n por su estado y el compromiso de los equipos de b\u00fasqueda. Seg\u00fan la descripci\u00f3n brindada por las autoridades, es de contextura delgada, tez trigue\u00f1a, mide aproximadamente 1,62 metros, tiene cabello corto negro con canas, ojos marrones y una cicatriz de gran tama\u00f1o en el abdomen. Al momento de su desaparici\u00f3n vest\u00eda una campera azul con logo institucional, pantal\u00f3n de grafa azul, borcegu\u00edes negros y una gorra azul tipo \u201cpico de pato\u201d.<\/p>\n\n\n\n<p>Las autoridades reiteran el pedido a la comunidad: ante cualquier informaci\u00f3n que pueda contribuir a la localizaci\u00f3n de Jos\u00e9 Hern\u00e1n Bustamante, comunicarse de inmediato al 911 o dirigirse a la dependencia policial m\u00e1s cercana.<\/p>\n\n\n\n<p><\/p>\n","protected":false},"excerpt":{"rendered":"<p>De\u00e1n Funes: Operadoras del 911 ayudaron a salvar a un beb\u00e9 que se ahogaba Una madre logr\u00f3 asistir a su hijo de 2 a\u00f1os, que se hab\u00eda atragantado con una golosina, gracias a la gu\u00eda telef\u00f3nica de operadoras del Comando 911. El hecho ocurri\u00f3 este domingo en De\u00e1n Funes, cuando la mujer, de 49 a\u00f1os, [&hellip;]<\/p>\n","protected":false},"author":1,"featured_media":13933,"comment_status":"open","ping_status":"open","sticky":false,"template":"","format":"standard","meta":{"footnotes":""},"categories":[53],"tags":[],"class_list":{"0":"post-13932","1":"post","2":"type-post","3":"status-publish","4":"format-standard","5":"has-post-thumbnail","7":"category-portada"},"yoast_head":"<!-- This site is optimized with the Yoast SEO plugin v27.4 - https:\/\/yoast.com\/product\/yoast-seo-wordpress\/ -->\n<title>Parte de Prensa &#8212; Red Mediterr\u00e1nea<\/title>\n<meta name=\"robots\" content=\"index, follow, max-snippet:-1, max-image-preview:large, max-video-preview:-1\" \/>\n<link rel=\"canonical\" href=\"https:\/\/redmediterranea.com\/index.php\/2025\/05\/05\/parte-de-prensa-88\/\" \/>\n<meta property=\"og:locale\" content=\"es_ES\" \/>\n<meta property=\"og:type\" content=\"article\" \/>\n<meta property=\"og:title\" content=\"Parte de Prensa &#8212; Red Mediterr\u00e1nea\" \/>\n<meta property=\"og:description\" content=\"De\u00e1n Funes: Operadoras del 911 ayudaron a salvar a un beb\u00e9 que se ahogaba Una madre logr\u00f3 asistir a su hijo de 2 a\u00f1os, que se hab\u00eda atragantado con una golosina, gracias a la gu\u00eda telef\u00f3nica de operadoras del Comando 911. El hecho ocurri\u00f3 este domingo en De\u00e1n Funes, cuando la mujer, de 49 a\u00f1os, [&hellip;]\" \/>\n<meta property=\"og:url\" content=\"https:\/\/redmediterranea.com\/index.php\/2025\/05\/05\/parte-de-prensa-88\/\" \/>\n<meta property=\"og:site_name\" content=\"Red Mediterr\u00e1nea\" \/>\n<meta property=\"article:publisher\" content=\"https:\/\/www.facebook.com\/redmediterranea.net\" \/>\n<meta property=\"article:published_time\" content=\"2025-05-05T14:39:02+00:00\" \/>\n<meta property=\"og:image\" content=\"https:\/\/redmediterranea.com\/wp-content\/uploads\/2025\/05\/policia.jpeg\" \/>\n\t<meta property=\"og:image:width\" content=\"303\" \/>\n\t<meta property=\"og:image:height\" content=\"166\" \/>\n\t<meta property=\"og:image:type\" content=\"image\/jpeg\" \/>\n<meta name=\"author\" content=\"Red Mediterr\u00e1nea\" \/>\n<meta name=\"twitter:card\" content=\"summary_large_image\" \/>\n<meta name=\"twitter:label1\" content=\"Escrito por\" \/>\n\t<meta name=\"twitter:data1\" content=\"Red Mediterr\u00e1nea\" \/>\n\t<meta name=\"twitter:label2\" content=\"Tiempo de lectura\" \/>\n\t<meta name=\"twitter:data2\" content=\"2 minutos\" \/>\n<script type=\"application\/ld+json\" class=\"yoast-schema-graph\">{\"@context\":\"https:\\\/\\\/schema.org\",\"@graph\":[{\"@type\":\"Article\",\"@id\":\"https:\\\/\\\/redmediterranea.com\\\/index.php\\\/2025\\\/05\\\/05\\\/parte-de-prensa-88\\\/#article\",\"isPartOf\":{\"@id\":\"https:\\\/\\\/redmediterranea.com\\\/index.php\\\/2025\\\/05\\\/05\\\/parte-de-prensa-88\\\/\"},\"author\":{\"name\":\"Red Mediterr\u00e1nea\",\"@id\":\"https:\\\/\\\/redmediterranea.com\\\/#\\\/schema\\\/person\\\/a59f6085115b75a865fb0338fe81d577\"},\"headline\":\"Parte de Prensa\",\"datePublished\":\"2025-05-05T14:39:02+00:00\",\"mainEntityOfPage\":{\"@id\":\"https:\\\/\\\/redmediterranea.com\\\/index.php\\\/2025\\\/05\\\/05\\\/parte-de-prensa-88\\\/\"},\"wordCount\":436,\"commentCount\":0,\"publisher\":{\"@id\":\"https:\\\/\\\/redmediterranea.com\\\/#organization\"},\"image\":{\"@id\":\"https:\\\/\\\/redmediterranea.com\\\/index.php\\\/2025\\\/05\\\/05\\\/parte-de-prensa-88\\\/#primaryimage\"},\"thumbnailUrl\":\"https:\\\/\\\/redmediterranea.com\\\/wp-content\\\/uploads\\\/2025\\\/05\\\/policia.jpeg\",\"articleSection\":[\"Portada\"],\"inLanguage\":\"es\",\"potentialAction\":[{\"@type\":\"CommentAction\",\"name\":\"Comment\",\"target\":[\"https:\\\/\\\/redmediterranea.com\\\/index.php\\\/2025\\\/05\\\/05\\\/parte-de-prensa-88\\\/#respond\"]}]},{\"@type\":\"WebPage\",\"@id\":\"https:\\\/\\\/redmediterranea.com\\\/index.php\\\/2025\\\/05\\\/05\\\/parte-de-prensa-88\\\/\",\"url\":\"https:\\\/\\\/redmediterranea.com\\\/index.php\\\/2025\\\/05\\\/05\\\/parte-de-prensa-88\\\/\",\"name\":\"Parte de Prensa &#8212; Red Mediterr\u00e1nea\",\"isPartOf\":{\"@id\":\"https:\\\/\\\/redmediterranea.com\\\/#website\"},\"primaryImageOfPage\":{\"@id\":\"https:\\\/\\\/redmediterranea.com\\\/index.php\\\/2025\\\/05\\\/05\\\/parte-de-prensa-88\\\/#primaryimage\"},\"image\":{\"@id\":\"https:\\\/\\\/redmediterranea.com\\\/index.php\\\/2025\\\/05\\\/05\\\/parte-de-prensa-88\\\/#primaryimage\"},\"thumbnailUrl\":\"https:\\\/\\\/redmediterranea.com\\\/wp-content\\\/uploads\\\/2025\\\/05\\\/policia.jpeg\",\"datePublished\":\"2025-05-05T14:39:02+00:00\",\"breadcrumb\":{\"@id\":\"https:\\\/\\\/redmediterranea.com\\\/index.php\\\/2025\\\/05\\\/05\\\/parte-de-prensa-88\\\/#breadcrumb\"},\"inLanguage\":\"es\",\"potentialAction\":[{\"@type\":\"ReadAction\",\"target\":[\"https:\\\/\\\/redmediterranea.com\\\/index.php\\\/2025\\\/05\\\/05\\\/parte-de-prensa-88\\\/\"]}]},{\"@type\":\"ImageObject\",\"inLanguage\":\"es\",\"@id\":\"https:\\\/\\\/redmediterranea.com\\\/index.php\\\/2025\\\/05\\\/05\\\/parte-de-prensa-88\\\/#primaryimage\",\"url\":\"https:\\\/\\\/redmediterranea.com\\\/wp-content\\\/uploads\\\/2025\\\/05\\\/policia.jpeg\",\"contentUrl\":\"https:\\\/\\\/redmediterranea.com\\\/wp-content\\\/uploads\\\/2025\\\/05\\\/policia.jpeg\",\"width\":303,\"height\":166},{\"@type\":\"BreadcrumbList\",\"@id\":\"https:\\\/\\\/redmediterranea.com\\\/index.php\\\/2025\\\/05\\\/05\\\/parte-de-prensa-88\\\/#breadcrumb\",\"itemListElement\":[{\"@type\":\"ListItem\",\"position\":1,\"name\":\"Portada\",\"item\":\"https:\\\/\\\/redmediterranea.com\\\/\"},{\"@type\":\"ListItem\",\"position\":2,\"name\":\"Parte de Prensa\"}]},{\"@type\":\"WebSite\",\"@id\":\"https:\\\/\\\/redmediterranea.com\\\/#website\",\"url\":\"https:\\\/\\\/redmediterranea.com\\\/\",\"name\":\"Red Mediterr\u00e1nea\",\"description\":\"Noticias de De\u00e1n Funes\",\"publisher\":{\"@id\":\"https:\\\/\\\/redmediterranea.com\\\/#organization\"},\"potentialAction\":[{\"@type\":\"SearchAction\",\"target\":{\"@type\":\"EntryPoint\",\"urlTemplate\":\"https:\\\/\\\/redmediterranea.com\\\/?s={search_term_string}\"},\"query-input\":{\"@type\":\"PropertyValueSpecification\",\"valueRequired\":true,\"valueName\":\"search_term_string\"}}],\"inLanguage\":\"es\"},{\"@type\":\"Organization\",\"@id\":\"https:\\\/\\\/redmediterranea.com\\\/#organization\",\"name\":\"Red Mediterr\u00e1nea\",\"url\":\"https:\\\/\\\/redmediterranea.com\\\/\",\"logo\":{\"@type\":\"ImageObject\",\"inLanguage\":\"es\",\"@id\":\"https:\\\/\\\/redmediterranea.com\\\/#\\\/schema\\\/logo\\\/image\\\/\",\"url\":\"https:\\\/\\\/redmediterranea.com\\\/wp-content\\\/uploads\\\/2021\\\/09\\\/red.png\",\"contentUrl\":\"https:\\\/\\\/redmediterranea.com\\\/wp-content\\\/uploads\\\/2021\\\/09\\\/red.png\",\"width\":400,\"height\":260,\"caption\":\"Red Mediterr\u00e1nea\"},\"image\":{\"@id\":\"https:\\\/\\\/redmediterranea.com\\\/#\\\/schema\\\/logo\\\/image\\\/\"},\"sameAs\":[\"https:\\\/\\\/www.facebook.com\\\/redmediterranea.net\",\"https:\\\/\\\/www.youtube.com\\\/channel\\\/UCvm4ojIMOGKnk5v9TsWnFWQ\"]},{\"@type\":\"Person\",\"@id\":\"https:\\\/\\\/redmediterranea.com\\\/#\\\/schema\\\/person\\\/a59f6085115b75a865fb0338fe81d577\",\"name\":\"Red Mediterr\u00e1nea\",\"image\":{\"@type\":\"ImageObject\",\"inLanguage\":\"es\",\"@id\":\"https:\\\/\\\/redmediterranea.com\\\/wp-content\\\/litespeed\\\/avatar\\\/1a3770c806a5dd31cb05580dd57bedd6.jpg?ver=1777231671\",\"url\":\"https:\\\/\\\/redmediterranea.com\\\/wp-content\\\/litespeed\\\/avatar\\\/1a3770c806a5dd31cb05580dd57bedd6.jpg?ver=1777231671\",\"contentUrl\":\"https:\\\/\\\/redmediterranea.com\\\/wp-content\\\/litespeed\\\/avatar\\\/1a3770c806a5dd31cb05580dd57bedd6.jpg?ver=1777231671\",\"caption\":\"Red Mediterr\u00e1nea\"},\"sameAs\":[\"http:\\\/\\\/redmediterranea.com\"],\"url\":\"https:\\\/\\\/redmediterranea.com\\\/index.php\\\/author\\\/hg-hatecraft\\\/\"}]}<\/script>\n<!-- \/ Yoast SEO plugin. -->","yoast_head_json":{"title":"Parte de Prensa &#8212; Red Mediterr\u00e1nea","robots":{"index":"index","follow":"follow","max-snippet":"max-snippet:-1","max-image-preview":"max-image-preview:large","max-video-preview":"max-video-preview:-1"},"canonical":"https:\/\/redmediterranea.com\/index.php\/2025\/05\/05\/parte-de-prensa-88\/","og_locale":"es_ES","og_type":"article","og_title":"Parte de Prensa &#8212; Red Mediterr\u00e1nea","og_description":"De\u00e1n Funes: Operadoras del 911 ayudaron a salvar a un beb\u00e9 que se ahogaba Una madre logr\u00f3 asistir a su hijo de 2 a\u00f1os, que se hab\u00eda atragantado con una golosina, gracias a la gu\u00eda telef\u00f3nica de operadoras del Comando 911. El hecho ocurri\u00f3 este domingo en De\u00e1n Funes, cuando la mujer, de 49 a\u00f1os, [&hellip;]","og_url":"https:\/\/redmediterranea.com\/index.php\/2025\/05\/05\/parte-de-prensa-88\/","og_site_name":"Red Mediterr\u00e1nea","article_publisher":"https:\/\/www.facebook.com\/redmediterranea.net","article_published_time":"2025-05-05T14:39:02+00:00","og_image":[{"width":303,"height":166,"url":"https:\/\/redmediterranea.com\/wp-content\/uploads\/2025\/05\/policia.jpeg","type":"image\/jpeg"}],"author":"Red Mediterr\u00e1nea","twitter_card":"summary_large_image","twitter_misc":{"Escrito por":"Red Mediterr\u00e1nea","Tiempo de lectura":"2 minutos"},"schema":{"@context":"https:\/\/schema.org","@graph":[{"@type":"Article","@id":"https:\/\/redmediterranea.com\/index.php\/2025\/05\/05\/parte-de-prensa-88\/#article","isPartOf":{"@id":"https:\/\/redmediterranea.com\/index.php\/2025\/05\/05\/parte-de-prensa-88\/"},"author":{"name":"Red Mediterr\u00e1nea","@id":"https:\/\/redmediterranea.com\/#\/schema\/person\/a59f6085115b75a865fb0338fe81d577"},"headline":"Parte de Prensa","datePublished":"2025-05-05T14:39:02+00:00","mainEntityOfPage":{"@id":"https:\/\/redmediterranea.com\/index.php\/2025\/05\/05\/parte-de-prensa-88\/"},"wordCount":436,"commentCount":0,"publisher":{"@id":"https:\/\/redmediterranea.com\/#organization"},"image":{"@id":"https:\/\/redmediterranea.com\/index.php\/2025\/05\/05\/parte-de-prensa-88\/#primaryimage"},"thumbnailUrl":"https:\/\/redmediterranea.com\/wp-content\/uploads\/2025\/05\/policia.jpeg","articleSection":["Portada"],"inLanguage":"es","potentialAction":[{"@type":"CommentAction","name":"Comment","target":["https:\/\/redmediterranea.com\/index.php\/2025\/05\/05\/parte-de-prensa-88\/#respond"]}]},{"@type":"WebPage","@id":"https:\/\/redmediterranea.com\/index.php\/2025\/05\/05\/parte-de-prensa-88\/","url":"https:\/\/redmediterranea.com\/index.php\/2025\/05\/05\/parte-de-prensa-88\/","name":"Parte de Prensa &#8212; Red Mediterr\u00e1nea","isPartOf":{"@id":"https:\/\/redmediterranea.com\/#website"},"primaryImageOfPage":{"@id":"https:\/\/redmediterranea.com\/index.php\/2025\/05\/05\/parte-de-prensa-88\/#primaryimage"},"image":{"@id":"https:\/\/redmediterranea.com\/index.php\/2025\/05\/05\/parte-de-prensa-88\/#primaryimage"},"thumbnailUrl":"https:\/\/redmediterranea.com\/wp-content\/uploads\/2025\/05\/policia.jpeg","datePublished":"2025-05-05T14:39:02+00:00","breadcrumb":{"@id":"https:\/\/redmediterranea.com\/index.php\/2025\/05\/05\/parte-de-prensa-88\/#breadcrumb"},"inLanguage":"es","potentialAction":[{"@type":"ReadAction","target":["https:\/\/redmediterranea.com\/index.php\/2025\/05\/05\/parte-de-prensa-88\/"]}]},{"@type":"ImageObject","inLanguage":"es","@id":"https:\/\/redmediterranea.com\/index.php\/2025\/05\/05\/parte-de-prensa-88\/#primaryimage","url":"https:\/\/redmediterranea.com\/wp-content\/uploads\/2025\/05\/policia.jpeg","contentUrl":"https:\/\/redmediterranea.com\/wp-content\/uploads\/2025\/05\/policia.jpeg","width":303,"height":166},{"@type":"BreadcrumbList","@id":"https:\/\/redmediterranea.com\/index.php\/2025\/05\/05\/parte-de-prensa-88\/#breadcrumb","itemListElement":[{"@type":"ListItem","position":1,"name":"Portada","item":"https:\/\/redmediterranea.com\/"},{"@type":"ListItem","position":2,"name":"Parte de Prensa"}]},{"@type":"WebSite","@id":"https:\/\/redmediterranea.com\/#website","url":"https:\/\/redmediterranea.com\/","name":"Red Mediterr\u00e1nea","description":"Noticias de De\u00e1n Funes","publisher":{"@id":"https:\/\/redmediterranea.com\/#organization"},"potentialAction":[{"@type":"SearchAction","target":{"@type":"EntryPoint","urlTemplate":"https:\/\/redmediterranea.com\/?s={search_term_string}"},"query-input":{"@type":"PropertyValueSpecification","valueRequired":true,"valueName":"search_term_string"}}],"inLanguage":"es"},{"@type":"Organization","@id":"https:\/\/redmediterranea.com\/#organization","name":"Red Mediterr\u00e1nea","url":"https:\/\/redmediterranea.com\/","logo":{"@type":"ImageObject","inLanguage":"es","@id":"https:\/\/redmediterranea.com\/#\/schema\/logo\/image\/","url":"https:\/\/redmediterranea.com\/wp-content\/uploads\/2021\/09\/red.png","contentUrl":"https:\/\/redmediterranea.com\/wp-content\/uploads\/2021\/09\/red.png","width":400,"height":260,"caption":"Red Mediterr\u00e1nea"},"image":{"@id":"https:\/\/redmediterranea.com\/#\/schema\/logo\/image\/"},"sameAs":["https:\/\/www.facebook.com\/redmediterranea.net","https:\/\/www.youtube.com\/channel\/UCvm4ojIMOGKnk5v9TsWnFWQ"]},{"@type":"Person","@id":"https:\/\/redmediterranea.com\/#\/schema\/person\/a59f6085115b75a865fb0338fe81d577","name":"Red Mediterr\u00e1nea","image":{"@type":"ImageObject","inLanguage":"es","@id":"https:\/\/redmediterranea.com\/wp-content\/litespeed\/avatar\/1a3770c806a5dd31cb05580dd57bedd6.jpg?ver=1777231671","url":"https:\/\/redmediterranea.com\/wp-content\/litespeed\/avatar\/1a3770c806a5dd31cb05580dd57bedd6.jpg?ver=1777231671","contentUrl":"https:\/\/redmediterranea.com\/wp-content\/litespeed\/avatar\/1a3770c806a5dd31cb05580dd57bedd6.jpg?ver=1777231671","caption":"Red Mediterr\u00e1nea"},"sameAs":["http:\/\/redmediterranea.com"],"url":"https:\/\/redmediterranea.com\/index.php\/author\/hg-hatecraft\/"}]}},"_links":{"self":[{"href":"https:\/\/redmediterranea.com\/index.php\/wp-json\/wp\/v2\/posts\/13932","targetHints":{"allow":["GET"]}}],"collection":[{"href":"https:\/\/redmediterranea.com\/index.php\/wp-json\/wp\/v2\/posts"}],"about":[{"href":"https:\/\/redmediterranea.com\/index.php\/wp-json\/wp\/v2\/types\/post"}],"author":[{"embeddable":true,"href":"https:\/\/redmediterranea.com\/index.php\/wp-json\/wp\/v2\/users\/1"}],"replies":[{"embeddable":true,"href":"https:\/\/redmediterranea.com\/index.php\/wp-json\/wp\/v2\/comments?post=13932"}],"version-history":[{"count":1,"href":"https:\/\/redmediterranea.com\/index.php\/wp-json\/wp\/v2\/posts\/13932\/revisions"}],"predecessor-version":[{"id":13934,"href":"https:\/\/redmediterranea.com\/index.php\/wp-json\/wp\/v2\/posts\/13932\/revisions\/13934"}],"wp:featuredmedia":[{"embeddable":true,"href":"https:\/\/redmediterranea.com\/index.php\/wp-json\/wp\/v2\/media\/13933"}],"wp:attachment":[{"href":"https:\/\/redmediterranea.com\/index.php\/wp-json\/wp\/v2\/media?parent=13932"}],"wp:term":[{"taxonomy":"category","embeddable":true,"href":"https:\/\/redmediterranea.com\/index.php\/wp-json\/wp\/v2\/categories?post=13932"},{"taxonomy":"post_tag","embeddable":true,"href":"https:\/\/redmediterranea.com\/index.php\/wp-json\/wp\/v2\/tags?post=13932"}],"curies":[{"name":"wp","href":"https:\/\/api.w.org\/{rel}","templated":true}]}}