{"id":13078,"date":"2024-12-05T16:10:49","date_gmt":"2024-12-05T16:10:49","guid":{"rendered":"https:\/\/redmediterranea.com\/?p=13078"},"modified":"2024-12-05T16:10:49","modified_gmt":"2024-12-05T16:10:49","slug":"en-estas-fiestas-regalate-la-mejor-conexion-de-fibra-optica","status":"publish","type":"post","link":"https:\/\/redmediterranea.com\/index.php\/2024\/12\/05\/en-estas-fiestas-regalate-la-mejor-conexion-de-fibra-optica\/","title":{"rendered":"EN ESTAS FIESTAS, REGALATE LA MEJOR CONEXI\u00d3N DE FIBRA \u00d3PTICA"},"content":{"rendered":"\n<p>\ud83c\udf1f \u00a1En diciembre seguimos conectando BARRIO CENTRO con ACTIVACI\u00d3N SIN COSTO! \ud83c\udf1f<\/p>\n\n\n\n<p>\ud83d\udce1 Planes imperdibles:<br>\ud83c\udf81 25 MEGAS: $12.800<br>\ud83c\udf81 50 MEGAS: $14.100<br>\ud83c\udf81 100 MEGAS: $16.100<\/p>\n\n\n\n<p>\ud83c\udf85 Eleg\u00ed de Flassh el plan que m\u00e1s te convenga y disfrut\u00e1 internet de calidad todo el a\u00f1o.<\/p>\n\n\n\n<p>\ud83d\udcde Info al 3521-432606<br>\ud83d\udccd Vis\u00edtanos en Rivadavia 123<\/p>\n\n\n\n<p>\ud83c\udf81 \u00a1Este fin de a\u00f1o, conectate con lo que m\u00e1s importa! \ud83c\udf10\ud83c\udf89<\/p>\n\n\n\n<p>\u26a1\u00a1Flassh\u2026La Velocidad que Necesitas, La Conexi\u00f3n que te mereces!<\/p>\n","protected":false},"excerpt":{"rendered":"<p>\ud83c\udf1f \u00a1En diciembre seguimos conectando BARRIO CENTRO con ACTIVACI\u00d3N SIN COSTO! \ud83c\udf1f \ud83d\udce1 Planes imperdibles:\ud83c\udf81 25 MEGAS: $12.800\ud83c\udf81 50 MEGAS: $14.100\ud83c\udf81 100 MEGAS: $16.100 \ud83c\udf85 Eleg\u00ed de Flassh el plan que m\u00e1s te convenga y disfrut\u00e1 internet de calidad todo el a\u00f1o. \ud83d\udcde Info al 3521-432606\ud83d\udccd Vis\u00edtanos en Rivadavia 123 \ud83c\udf81 \u00a1Este fin de a\u00f1o, [&hellip;]<\/p>\n","protected":false},"author":1,"featured_media":13079,"comment_status":"open","ping_status":"open","sticky":false,"template":"","format":"standard","meta":{"footnotes":""},"categories":[3,1966],"tags":[2741,3366,3529],"class_list":{"0":"post-13078","1":"post","2":"type-post","3":"status-publish","4":"format-standard","5":"has-post-thumbnail","7":"category-locales","8":"category-publi","9":"tag-barrio-centro","10":"tag-codesef","11":"tag-flassh"},"yoast_head":"<!-- This site is optimized with the Yoast SEO plugin v27.5 - https:\/\/yoast.com\/product\/yoast-seo-wordpress\/ -->\n<title>EN ESTAS FIESTAS, REGALATE LA MEJOR CONEXI\u00d3N DE FIBRA \u00d3PTICA &#8212; Red Mediterr\u00e1nea<\/title>\n<meta name=\"robots\" content=\"index, follow, max-snippet:-1, max-image-preview:large, max-video-preview:-1\" \/>\n<link rel=\"canonical\" href=\"https:\/\/redmediterranea.com\/index.php\/2024\/12\/05\/en-estas-fiestas-regalate-la-mejor-conexion-de-fibra-optica\/\" \/>\n<meta property=\"og:locale\" content=\"es_ES\" \/>\n<meta property=\"og:type\" content=\"article\" \/>\n<meta property=\"og:title\" content=\"EN ESTAS FIESTAS, REGALATE LA MEJOR CONEXI\u00d3N DE FIBRA \u00d3PTICA &#8212; Red Mediterr\u00e1nea\" \/>\n<meta property=\"og:description\" content=\"\ud83c\udf1f \u00a1En diciembre seguimos conectando BARRIO CENTRO con ACTIVACI\u00d3N SIN COSTO! \ud83c\udf1f \ud83d\udce1 Planes imperdibles:\ud83c\udf81 25 MEGAS: $12.800\ud83c\udf81 50 MEGAS: $14.100\ud83c\udf81 100 MEGAS: $16.100 \ud83c\udf85 Eleg\u00ed de Flassh el plan que m\u00e1s te convenga y disfrut\u00e1 internet de calidad todo el a\u00f1o. \ud83d\udcde Info al 3521-432606\ud83d\udccd Vis\u00edtanos en Rivadavia 123 \ud83c\udf81 \u00a1Este fin de a\u00f1o, [&hellip;]\" \/>\n<meta property=\"og:url\" content=\"https:\/\/redmediterranea.com\/index.php\/2024\/12\/05\/en-estas-fiestas-regalate-la-mejor-conexion-de-fibra-optica\/\" \/>\n<meta property=\"og:site_name\" content=\"Red Mediterr\u00e1nea\" \/>\n<meta property=\"article:publisher\" content=\"https:\/\/www.facebook.com\/redmediterranea.net\" \/>\n<meta property=\"article:published_time\" content=\"2024-12-05T16:10:49+00:00\" \/>\n<meta property=\"og:image\" content=\"https:\/\/redmediterranea.com\/wp-content\/uploads\/2024\/12\/WhatsApp-Image-2024-12-05-at-12.36.48-PM.jpeg\" \/>\n\t<meta property=\"og:image:width\" content=\"1080\" \/>\n\t<meta property=\"og:image:height\" content=\"1080\" \/>\n\t<meta property=\"og:image:type\" content=\"image\/jpeg\" \/>\n<meta name=\"author\" content=\"Red Mediterr\u00e1nea\" \/>\n<meta name=\"twitter:card\" content=\"summary_large_image\" \/>\n<meta name=\"twitter:label1\" content=\"Escrito por\" \/>\n\t<meta name=\"twitter:data1\" content=\"Red Mediterr\u00e1nea\" \/>\n\t<meta name=\"twitter:label2\" content=\"Tiempo de lectura\" \/>\n\t<meta name=\"twitter:data2\" content=\"1 minuto\" \/>\n<script type=\"application\/ld+json\" class=\"yoast-schema-graph\">{\"@context\":\"https:\\\/\\\/schema.org\",\"@graph\":[{\"@type\":\"Article\",\"@id\":\"https:\\\/\\\/redmediterranea.com\\\/index.php\\\/2024\\\/12\\\/05\\\/en-estas-fiestas-regalate-la-mejor-conexion-de-fibra-optica\\\/#article\",\"isPartOf\":{\"@id\":\"https:\\\/\\\/redmediterranea.com\\\/index.php\\\/2024\\\/12\\\/05\\\/en-estas-fiestas-regalate-la-mejor-conexion-de-fibra-optica\\\/\"},\"author\":{\"name\":\"Red Mediterr\u00e1nea\",\"@id\":\"https:\\\/\\\/redmediterranea.com\\\/#\\\/schema\\\/person\\\/a59f6085115b75a865fb0338fe81d577\"},\"headline\":\"EN ESTAS FIESTAS, REGALATE LA MEJOR CONEXI\u00d3N DE FIBRA \u00d3PTICA\",\"datePublished\":\"2024-12-05T16:10:49+00:00\",\"mainEntityOfPage\":{\"@id\":\"https:\\\/\\\/redmediterranea.com\\\/index.php\\\/2024\\\/12\\\/05\\\/en-estas-fiestas-regalate-la-mejor-conexion-de-fibra-optica\\\/\"},\"wordCount\":76,\"commentCount\":0,\"publisher\":{\"@id\":\"https:\\\/\\\/redmediterranea.com\\\/#organization\"},\"image\":{\"@id\":\"https:\\\/\\\/redmediterranea.com\\\/index.php\\\/2024\\\/12\\\/05\\\/en-estas-fiestas-regalate-la-mejor-conexion-de-fibra-optica\\\/#primaryimage\"},\"thumbnailUrl\":\"https:\\\/\\\/redmediterranea.com\\\/wp-content\\\/uploads\\\/2024\\\/12\\\/WhatsApp-Image-2024-12-05-at-12.36.48-PM.jpeg\",\"keywords\":[\"Barrio Centro\",\"CODESEF\",\"Flassh\"],\"articleSection\":[\"Locales\",\"Publi\"],\"inLanguage\":\"es\",\"potentialAction\":[{\"@type\":\"CommentAction\",\"name\":\"Comment\",\"target\":[\"https:\\\/\\\/redmediterranea.com\\\/index.php\\\/2024\\\/12\\\/05\\\/en-estas-fiestas-regalate-la-mejor-conexion-de-fibra-optica\\\/#respond\"]}]},{\"@type\":\"WebPage\",\"@id\":\"https:\\\/\\\/redmediterranea.com\\\/index.php\\\/2024\\\/12\\\/05\\\/en-estas-fiestas-regalate-la-mejor-conexion-de-fibra-optica\\\/\",\"url\":\"https:\\\/\\\/redmediterranea.com\\\/index.php\\\/2024\\\/12\\\/05\\\/en-estas-fiestas-regalate-la-mejor-conexion-de-fibra-optica\\\/\",\"name\":\"EN ESTAS FIESTAS, REGALATE LA MEJOR CONEXI\u00d3N DE FIBRA \u00d3PTICA &#8212; Red Mediterr\u00e1nea\",\"isPartOf\":{\"@id\":\"https:\\\/\\\/redmediterranea.com\\\/#website\"},\"primaryImageOfPage\":{\"@id\":\"https:\\\/\\\/redmediterranea.com\\\/index.php\\\/2024\\\/12\\\/05\\\/en-estas-fiestas-regalate-la-mejor-conexion-de-fibra-optica\\\/#primaryimage\"},\"image\":{\"@id\":\"https:\\\/\\\/redmediterranea.com\\\/index.php\\\/2024\\\/12\\\/05\\\/en-estas-fiestas-regalate-la-mejor-conexion-de-fibra-optica\\\/#primaryimage\"},\"thumbnailUrl\":\"https:\\\/\\\/redmediterranea.com\\\/wp-content\\\/uploads\\\/2024\\\/12\\\/WhatsApp-Image-2024-12-05-at-12.36.48-PM.jpeg\",\"datePublished\":\"2024-12-05T16:10:49+00:00\",\"breadcrumb\":{\"@id\":\"https:\\\/\\\/redmediterranea.com\\\/index.php\\\/2024\\\/12\\\/05\\\/en-estas-fiestas-regalate-la-mejor-conexion-de-fibra-optica\\\/#breadcrumb\"},\"inLanguage\":\"es\",\"potentialAction\":[{\"@type\":\"ReadAction\",\"target\":[\"https:\\\/\\\/redmediterranea.com\\\/index.php\\\/2024\\\/12\\\/05\\\/en-estas-fiestas-regalate-la-mejor-conexion-de-fibra-optica\\\/\"]}]},{\"@type\":\"ImageObject\",\"inLanguage\":\"es\",\"@id\":\"https:\\\/\\\/redmediterranea.com\\\/index.php\\\/2024\\\/12\\\/05\\\/en-estas-fiestas-regalate-la-mejor-conexion-de-fibra-optica\\\/#primaryimage\",\"url\":\"https:\\\/\\\/redmediterranea.com\\\/wp-content\\\/uploads\\\/2024\\\/12\\\/WhatsApp-Image-2024-12-05-at-12.36.48-PM.jpeg\",\"contentUrl\":\"https:\\\/\\\/redmediterranea.com\\\/wp-content\\\/uploads\\\/2024\\\/12\\\/WhatsApp-Image-2024-12-05-at-12.36.48-PM.jpeg\",\"width\":1080,\"height\":1080},{\"@type\":\"BreadcrumbList\",\"@id\":\"https:\\\/\\\/redmediterranea.com\\\/index.php\\\/2024\\\/12\\\/05\\\/en-estas-fiestas-regalate-la-mejor-conexion-de-fibra-optica\\\/#breadcrumb\",\"itemListElement\":[{\"@type\":\"ListItem\",\"position\":1,\"name\":\"Portada\",\"item\":\"https:\\\/\\\/redmediterranea.com\\\/\"},{\"@type\":\"ListItem\",\"position\":2,\"name\":\"EN ESTAS FIESTAS, REGALATE LA MEJOR CONEXI\u00d3N DE FIBRA \u00d3PTICA\"}]},{\"@type\":\"WebSite\",\"@id\":\"https:\\\/\\\/redmediterranea.com\\\/#website\",\"url\":\"https:\\\/\\\/redmediterranea.com\\\/\",\"name\":\"Red Mediterr\u00e1nea\",\"description\":\"Noticias de De\u00e1n Funes\",\"publisher\":{\"@id\":\"https:\\\/\\\/redmediterranea.com\\\/#organization\"},\"potentialAction\":[{\"@type\":\"SearchAction\",\"target\":{\"@type\":\"EntryPoint\",\"urlTemplate\":\"https:\\\/\\\/redmediterranea.com\\\/?s={search_term_string}\"},\"query-input\":{\"@type\":\"PropertyValueSpecification\",\"valueRequired\":true,\"valueName\":\"search_term_string\"}}],\"inLanguage\":\"es\"},{\"@type\":\"Organization\",\"@id\":\"https:\\\/\\\/redmediterranea.com\\\/#organization\",\"name\":\"Red Mediterr\u00e1nea\",\"url\":\"https:\\\/\\\/redmediterranea.com\\\/\",\"logo\":{\"@type\":\"ImageObject\",\"inLanguage\":\"es\",\"@id\":\"https:\\\/\\\/redmediterranea.com\\\/#\\\/schema\\\/logo\\\/image\\\/\",\"url\":\"https:\\\/\\\/redmediterranea.com\\\/wp-content\\\/uploads\\\/2021\\\/09\\\/red.png\",\"contentUrl\":\"https:\\\/\\\/redmediterranea.com\\\/wp-content\\\/uploads\\\/2021\\\/09\\\/red.png\",\"width\":400,\"height\":260,\"caption\":\"Red Mediterr\u00e1nea\"},\"image\":{\"@id\":\"https:\\\/\\\/redmediterranea.com\\\/#\\\/schema\\\/logo\\\/image\\\/\"},\"sameAs\":[\"https:\\\/\\\/www.facebook.com\\\/redmediterranea.net\",\"https:\\\/\\\/www.youtube.com\\\/channel\\\/UCvm4ojIMOGKnk5v9TsWnFWQ\"]},{\"@type\":\"Person\",\"@id\":\"https:\\\/\\\/redmediterranea.com\\\/#\\\/schema\\\/person\\\/a59f6085115b75a865fb0338fe81d577\",\"name\":\"Red Mediterr\u00e1nea\",\"image\":{\"@type\":\"ImageObject\",\"inLanguage\":\"es\",\"@id\":\"https:\\\/\\\/redmediterranea.com\\\/wp-content\\\/litespeed\\\/avatar\\\/1a3770c806a5dd31cb05580dd57bedd6.jpg?ver=1777231671\",\"url\":\"https:\\\/\\\/redmediterranea.com\\\/wp-content\\\/litespeed\\\/avatar\\\/1a3770c806a5dd31cb05580dd57bedd6.jpg?ver=1777231671\",\"contentUrl\":\"https:\\\/\\\/redmediterranea.com\\\/wp-content\\\/litespeed\\\/avatar\\\/1a3770c806a5dd31cb05580dd57bedd6.jpg?ver=1777231671\",\"caption\":\"Red Mediterr\u00e1nea\"},\"sameAs\":[\"http:\\\/\\\/redmediterranea.com\"],\"url\":\"https:\\\/\\\/redmediterranea.com\\\/index.php\\\/author\\\/hg-hatecraft\\\/\"}]}<\/script>\n<!-- \/ Yoast SEO plugin. -->","yoast_head_json":{"title":"EN ESTAS FIESTAS, REGALATE LA MEJOR CONEXI\u00d3N DE FIBRA \u00d3PTICA &#8212; Red Mediterr\u00e1nea","robots":{"index":"index","follow":"follow","max-snippet":"max-snippet:-1","max-image-preview":"max-image-preview:large","max-video-preview":"max-video-preview:-1"},"canonical":"https:\/\/redmediterranea.com\/index.php\/2024\/12\/05\/en-estas-fiestas-regalate-la-mejor-conexion-de-fibra-optica\/","og_locale":"es_ES","og_type":"article","og_title":"EN ESTAS FIESTAS, REGALATE LA MEJOR CONEXI\u00d3N DE FIBRA \u00d3PTICA &#8212; Red Mediterr\u00e1nea","og_description":"\ud83c\udf1f \u00a1En diciembre seguimos conectando BARRIO CENTRO con ACTIVACI\u00d3N SIN COSTO! \ud83c\udf1f \ud83d\udce1 Planes imperdibles:\ud83c\udf81 25 MEGAS: $12.800\ud83c\udf81 50 MEGAS: $14.100\ud83c\udf81 100 MEGAS: $16.100 \ud83c\udf85 Eleg\u00ed de Flassh el plan que m\u00e1s te convenga y disfrut\u00e1 internet de calidad todo el a\u00f1o. \ud83d\udcde Info al 3521-432606\ud83d\udccd Vis\u00edtanos en Rivadavia 123 \ud83c\udf81 \u00a1Este fin de a\u00f1o, [&hellip;]","og_url":"https:\/\/redmediterranea.com\/index.php\/2024\/12\/05\/en-estas-fiestas-regalate-la-mejor-conexion-de-fibra-optica\/","og_site_name":"Red Mediterr\u00e1nea","article_publisher":"https:\/\/www.facebook.com\/redmediterranea.net","article_published_time":"2024-12-05T16:10:49+00:00","og_image":[{"width":1080,"height":1080,"url":"https:\/\/redmediterranea.com\/wp-content\/uploads\/2024\/12\/WhatsApp-Image-2024-12-05-at-12.36.48-PM.jpeg","type":"image\/jpeg"}],"author":"Red Mediterr\u00e1nea","twitter_card":"summary_large_image","twitter_misc":{"Escrito por":"Red Mediterr\u00e1nea","Tiempo de lectura":"1 minuto"},"schema":{"@context":"https:\/\/schema.org","@graph":[{"@type":"Article","@id":"https:\/\/redmediterranea.com\/index.php\/2024\/12\/05\/en-estas-fiestas-regalate-la-mejor-conexion-de-fibra-optica\/#article","isPartOf":{"@id":"https:\/\/redmediterranea.com\/index.php\/2024\/12\/05\/en-estas-fiestas-regalate-la-mejor-conexion-de-fibra-optica\/"},"author":{"name":"Red Mediterr\u00e1nea","@id":"https:\/\/redmediterranea.com\/#\/schema\/person\/a59f6085115b75a865fb0338fe81d577"},"headline":"EN ESTAS FIESTAS, REGALATE LA MEJOR CONEXI\u00d3N DE FIBRA \u00d3PTICA","datePublished":"2024-12-05T16:10:49+00:00","mainEntityOfPage":{"@id":"https:\/\/redmediterranea.com\/index.php\/2024\/12\/05\/en-estas-fiestas-regalate-la-mejor-conexion-de-fibra-optica\/"},"wordCount":76,"commentCount":0,"publisher":{"@id":"https:\/\/redmediterranea.com\/#organization"},"image":{"@id":"https:\/\/redmediterranea.com\/index.php\/2024\/12\/05\/en-estas-fiestas-regalate-la-mejor-conexion-de-fibra-optica\/#primaryimage"},"thumbnailUrl":"https:\/\/redmediterranea.com\/wp-content\/uploads\/2024\/12\/WhatsApp-Image-2024-12-05-at-12.36.48-PM.jpeg","keywords":["Barrio Centro","CODESEF","Flassh"],"articleSection":["Locales","Publi"],"inLanguage":"es","potentialAction":[{"@type":"CommentAction","name":"Comment","target":["https:\/\/redmediterranea.com\/index.php\/2024\/12\/05\/en-estas-fiestas-regalate-la-mejor-conexion-de-fibra-optica\/#respond"]}]},{"@type":"WebPage","@id":"https:\/\/redmediterranea.com\/index.php\/2024\/12\/05\/en-estas-fiestas-regalate-la-mejor-conexion-de-fibra-optica\/","url":"https:\/\/redmediterranea.com\/index.php\/2024\/12\/05\/en-estas-fiestas-regalate-la-mejor-conexion-de-fibra-optica\/","name":"EN ESTAS FIESTAS, REGALATE LA MEJOR CONEXI\u00d3N DE FIBRA \u00d3PTICA &#8212; Red Mediterr\u00e1nea","isPartOf":{"@id":"https:\/\/redmediterranea.com\/#website"},"primaryImageOfPage":{"@id":"https:\/\/redmediterranea.com\/index.php\/2024\/12\/05\/en-estas-fiestas-regalate-la-mejor-conexion-de-fibra-optica\/#primaryimage"},"image":{"@id":"https:\/\/redmediterranea.com\/index.php\/2024\/12\/05\/en-estas-fiestas-regalate-la-mejor-conexion-de-fibra-optica\/#primaryimage"},"thumbnailUrl":"https:\/\/redmediterranea.com\/wp-content\/uploads\/2024\/12\/WhatsApp-Image-2024-12-05-at-12.36.48-PM.jpeg","datePublished":"2024-12-05T16:10:49+00:00","breadcrumb":{"@id":"https:\/\/redmediterranea.com\/index.php\/2024\/12\/05\/en-estas-fiestas-regalate-la-mejor-conexion-de-fibra-optica\/#breadcrumb"},"inLanguage":"es","potentialAction":[{"@type":"ReadAction","target":["https:\/\/redmediterranea.com\/index.php\/2024\/12\/05\/en-estas-fiestas-regalate-la-mejor-conexion-de-fibra-optica\/"]}]},{"@type":"ImageObject","inLanguage":"es","@id":"https:\/\/redmediterranea.com\/index.php\/2024\/12\/05\/en-estas-fiestas-regalate-la-mejor-conexion-de-fibra-optica\/#primaryimage","url":"https:\/\/redmediterranea.com\/wp-content\/uploads\/2024\/12\/WhatsApp-Image-2024-12-05-at-12.36.48-PM.jpeg","contentUrl":"https:\/\/redmediterranea.com\/wp-content\/uploads\/2024\/12\/WhatsApp-Image-2024-12-05-at-12.36.48-PM.jpeg","width":1080,"height":1080},{"@type":"BreadcrumbList","@id":"https:\/\/redmediterranea.com\/index.php\/2024\/12\/05\/en-estas-fiestas-regalate-la-mejor-conexion-de-fibra-optica\/#breadcrumb","itemListElement":[{"@type":"ListItem","position":1,"name":"Portada","item":"https:\/\/redmediterranea.com\/"},{"@type":"ListItem","position":2,"name":"EN ESTAS FIESTAS, REGALATE LA MEJOR CONEXI\u00d3N DE FIBRA \u00d3PTICA"}]},{"@type":"WebSite","@id":"https:\/\/redmediterranea.com\/#website","url":"https:\/\/redmediterranea.com\/","name":"Red Mediterr\u00e1nea","description":"Noticias de De\u00e1n Funes","publisher":{"@id":"https:\/\/redmediterranea.com\/#organization"},"potentialAction":[{"@type":"SearchAction","target":{"@type":"EntryPoint","urlTemplate":"https:\/\/redmediterranea.com\/?s={search_term_string}"},"query-input":{"@type":"PropertyValueSpecification","valueRequired":true,"valueName":"search_term_string"}}],"inLanguage":"es"},{"@type":"Organization","@id":"https:\/\/redmediterranea.com\/#organization","name":"Red Mediterr\u00e1nea","url":"https:\/\/redmediterranea.com\/","logo":{"@type":"ImageObject","inLanguage":"es","@id":"https:\/\/redmediterranea.com\/#\/schema\/logo\/image\/","url":"https:\/\/redmediterranea.com\/wp-content\/uploads\/2021\/09\/red.png","contentUrl":"https:\/\/redmediterranea.com\/wp-content\/uploads\/2021\/09\/red.png","width":400,"height":260,"caption":"Red Mediterr\u00e1nea"},"image":{"@id":"https:\/\/redmediterranea.com\/#\/schema\/logo\/image\/"},"sameAs":["https:\/\/www.facebook.com\/redmediterranea.net","https:\/\/www.youtube.com\/channel\/UCvm4ojIMOGKnk5v9TsWnFWQ"]},{"@type":"Person","@id":"https:\/\/redmediterranea.com\/#\/schema\/person\/a59f6085115b75a865fb0338fe81d577","name":"Red Mediterr\u00e1nea","image":{"@type":"ImageObject","inLanguage":"es","@id":"https:\/\/redmediterranea.com\/wp-content\/litespeed\/avatar\/1a3770c806a5dd31cb05580dd57bedd6.jpg?ver=1777231671","url":"https:\/\/redmediterranea.com\/wp-content\/litespeed\/avatar\/1a3770c806a5dd31cb05580dd57bedd6.jpg?ver=1777231671","contentUrl":"https:\/\/redmediterranea.com\/wp-content\/litespeed\/avatar\/1a3770c806a5dd31cb05580dd57bedd6.jpg?ver=1777231671","caption":"Red Mediterr\u00e1nea"},"sameAs":["http:\/\/redmediterranea.com"],"url":"https:\/\/redmediterranea.com\/index.php\/author\/hg-hatecraft\/"}]}},"_links":{"self":[{"href":"https:\/\/redmediterranea.com\/index.php\/wp-json\/wp\/v2\/posts\/13078","targetHints":{"allow":["GET"]}}],"collection":[{"href":"https:\/\/redmediterranea.com\/index.php\/wp-json\/wp\/v2\/posts"}],"about":[{"href":"https:\/\/redmediterranea.com\/index.php\/wp-json\/wp\/v2\/types\/post"}],"author":[{"embeddable":true,"href":"https:\/\/redmediterranea.com\/index.php\/wp-json\/wp\/v2\/users\/1"}],"replies":[{"embeddable":true,"href":"https:\/\/redmediterranea.com\/index.php\/wp-json\/wp\/v2\/comments?post=13078"}],"version-history":[{"count":1,"href":"https:\/\/redmediterranea.com\/index.php\/wp-json\/wp\/v2\/posts\/13078\/revisions"}],"predecessor-version":[{"id":13080,"href":"https:\/\/redmediterranea.com\/index.php\/wp-json\/wp\/v2\/posts\/13078\/revisions\/13080"}],"wp:featuredmedia":[{"embeddable":true,"href":"https:\/\/redmediterranea.com\/index.php\/wp-json\/wp\/v2\/media\/13079"}],"wp:attachment":[{"href":"https:\/\/redmediterranea.com\/index.php\/wp-json\/wp\/v2\/media?parent=13078"}],"wp:term":[{"taxonomy":"category","embeddable":true,"href":"https:\/\/redmediterranea.com\/index.php\/wp-json\/wp\/v2\/categories?post=13078"},{"taxonomy":"post_tag","embeddable":true,"href":"https:\/\/redmediterranea.com\/index.php\/wp-json\/wp\/v2\/tags?post=13078"}],"curies":[{"name":"wp","href":"https:\/\/api.w.org\/{rel}","templated":true}]}}