{"id":12362,"date":"2024-10-04T00:56:56","date_gmt":"2024-10-04T00:56:56","guid":{"rendered":"https:\/\/redmediterranea.com\/?p=12362"},"modified":"2024-10-04T00:56:57","modified_gmt":"2024-10-04T00:56:57","slug":"cosedef-alerta-roja","status":"publish","type":"post","link":"https:\/\/redmediterranea.com\/index.php\/2024\/10\/04\/cosedef-alerta-roja\/","title":{"rendered":"COSEDEF: Alerta Roja"},"content":{"rendered":"\n<p>\u26a0\ufe0fCOSEDEF informa:<br>\u27a1\ufe0fEn virtud del Alerta Roja emitida por el Comit\u00e9 de Alerta Temprana de Cat\u00e1strofes de C\u00f3rdoba, donde se recomienda el corte del suministro en ZONA RURAL con riesgo de incendio forestal, se comunica que seg\u00fan el informe emitido, en la hora mencionada, el viento del sector Norte con ciertas variaciones al noroeste y noreste y a medida que se intensifiquen las r\u00e1fagas, se puede proceder al corte sugerido en las zonas de riesgos antes mencionadas.<br>\u27a1\ufe0fSi bien dichas Alertas son solo para la zona rural, estos fuertes vientos pueden generar inconvenientes en la prestaci\u00f3n del servicio urbano, lo que puede generar probables cortes repentinos.<br>\ud83d\udc77\ud83c\udffb\u200d\u2642\ufe0fEn el transcurso de las Alertas emitidas, solicitamos amablemente que tomen las medidas precautorias necesarias para minimizar los inconvenientes que esto pudiera ocasionar.<br>\ud83d\udc77\ud83c\udffd\u200d\u2642\ufe0fEstaremos atendiendo sus reclamos al<br>\ud83d\udcf23521 &#8211; 405509<br>\ud83e\udd1dAgradecemos su comprensi\u00f3n y colaboraci\u00f3n durante este proceso.<\/p>\n\n\n\n<figure class=\"wp-block-gallery has-nested-images columns-default is-cropped wp-block-gallery-1 is-layout-flex wp-block-gallery-is-layout-flex\">\n<figure class=\"wp-block-image size-large\"><img loading=\"lazy\" decoding=\"async\" width=\"724\" height=\"1024\" data-id=\"12363\" src=\"https:\/\/redmediterranea.com\/wp-content\/uploads\/2024\/10\/WhatsApp-Image-2024-10-03-at-9.34.58-PM-724x1024.jpeg\" alt=\"\" class=\"wp-image-12363\" srcset=\"https:\/\/redmediterranea.com\/wp-content\/uploads\/2024\/10\/WhatsApp-Image-2024-10-03-at-9.34.58-PM-724x1024.jpeg 724w, https:\/\/redmediterranea.com\/wp-content\/uploads\/2024\/10\/WhatsApp-Image-2024-10-03-at-9.34.58-PM-212x300.jpeg 212w, https:\/\/redmediterranea.com\/wp-content\/uploads\/2024\/10\/WhatsApp-Image-2024-10-03-at-9.34.58-PM-150x212.jpeg 150w, https:\/\/redmediterranea.com\/wp-content\/uploads\/2024\/10\/WhatsApp-Image-2024-10-03-at-9.34.58-PM-300x424.jpeg 300w, https:\/\/redmediterranea.com\/wp-content\/uploads\/2024\/10\/WhatsApp-Image-2024-10-03-at-9.34.58-PM-696x984.jpeg 696w, https:\/\/redmediterranea.com\/wp-content\/uploads\/2024\/10\/WhatsApp-Image-2024-10-03-at-9.34.58-PM-297x420.jpeg 297w, https:\/\/redmediterranea.com\/wp-content\/uploads\/2024\/10\/WhatsApp-Image-2024-10-03-at-9.34.58-PM.jpeg 764w\" sizes=\"auto, (max-width: 724px) 100vw, 724px\" \/><\/figure>\n\n\n\n<figure class=\"wp-block-image size-large\"><img loading=\"lazy\" decoding=\"async\" width=\"723\" height=\"1024\" data-id=\"12364\" src=\"https:\/\/redmediterranea.com\/wp-content\/uploads\/2024\/10\/WhatsApp-Image-2024-10-03-at-9.34.59-PM-723x1024.jpeg\" alt=\"\" class=\"wp-image-12364\" srcset=\"https:\/\/redmediterranea.com\/wp-content\/uploads\/2024\/10\/WhatsApp-Image-2024-10-03-at-9.34.59-PM-723x1024.jpeg 723w, https:\/\/redmediterranea.com\/wp-content\/uploads\/2024\/10\/WhatsApp-Image-2024-10-03-at-9.34.59-PM-212x300.jpeg 212w, https:\/\/redmediterranea.com\/wp-content\/uploads\/2024\/10\/WhatsApp-Image-2024-10-03-at-9.34.59-PM-150x212.jpeg 150w, https:\/\/redmediterranea.com\/wp-content\/uploads\/2024\/10\/WhatsApp-Image-2024-10-03-at-9.34.59-PM-300x425.jpeg 300w, https:\/\/redmediterranea.com\/wp-content\/uploads\/2024\/10\/WhatsApp-Image-2024-10-03-at-9.34.59-PM-696x985.jpeg 696w, https:\/\/redmediterranea.com\/wp-content\/uploads\/2024\/10\/WhatsApp-Image-2024-10-03-at-9.34.59-PM-297x420.jpeg 297w, https:\/\/redmediterranea.com\/wp-content\/uploads\/2024\/10\/WhatsApp-Image-2024-10-03-at-9.34.59-PM.jpeg 763w\" sizes=\"auto, (max-width: 723px) 100vw, 723px\" \/><\/figure>\n<\/figure>\n","protected":false},"excerpt":{"rendered":"<p>\u26a0\ufe0fCOSEDEF informa:\u27a1\ufe0fEn virtud del Alerta Roja emitida por el Comit\u00e9 de Alerta Temprana de Cat\u00e1strofes de C\u00f3rdoba, donde se recomienda el corte del suministro en ZONA RURAL con riesgo de incendio forestal, se comunica que seg\u00fan el informe emitido, en la hora mencionada, el viento del sector Norte con ciertas variaciones al noroeste y noreste [&hellip;]<\/p>\n","protected":false},"author":1,"featured_media":12363,"comment_status":"open","ping_status":"open","sticky":false,"template":"","format":"standard","meta":{"footnotes":""},"categories":[3],"tags":[3368,3366],"class_list":{"0":"post-12362","1":"post","2":"type-post","3":"status-publish","4":"format-standard","5":"has-post-thumbnail","7":"category-locales","8":"tag-alerta-roja","9":"tag-codesef"},"yoast_head":"<!-- This site is optimized with the Yoast SEO plugin v27.4 - https:\/\/yoast.com\/product\/yoast-seo-wordpress\/ -->\n<title>COSEDEF: Alerta Roja &#8212; Red Mediterr\u00e1nea<\/title>\n<meta name=\"robots\" content=\"index, follow, max-snippet:-1, max-image-preview:large, max-video-preview:-1\" \/>\n<link rel=\"canonical\" href=\"https:\/\/redmediterranea.com\/index.php\/2024\/10\/04\/cosedef-alerta-roja\/\" \/>\n<meta property=\"og:locale\" content=\"es_ES\" \/>\n<meta property=\"og:type\" content=\"article\" \/>\n<meta property=\"og:title\" content=\"COSEDEF: Alerta Roja &#8212; Red Mediterr\u00e1nea\" \/>\n<meta property=\"og:description\" content=\"\u26a0\ufe0fCOSEDEF informa:\u27a1\ufe0fEn virtud del Alerta Roja emitida por el Comit\u00e9 de Alerta Temprana de Cat\u00e1strofes de C\u00f3rdoba, donde se recomienda el corte del suministro en ZONA RURAL con riesgo de incendio forestal, se comunica que seg\u00fan el informe emitido, en la hora mencionada, el viento del sector Norte con ciertas variaciones al noroeste y noreste [&hellip;]\" \/>\n<meta property=\"og:url\" content=\"https:\/\/redmediterranea.com\/index.php\/2024\/10\/04\/cosedef-alerta-roja\/\" \/>\n<meta property=\"og:site_name\" content=\"Red Mediterr\u00e1nea\" \/>\n<meta property=\"article:publisher\" content=\"https:\/\/www.facebook.com\/redmediterranea.net\" \/>\n<meta property=\"article:published_time\" content=\"2024-10-04T00:56:56+00:00\" \/>\n<meta property=\"article:modified_time\" content=\"2024-10-04T00:56:57+00:00\" \/>\n<meta property=\"og:image\" content=\"https:\/\/redmediterranea.com\/wp-content\/uploads\/2024\/10\/WhatsApp-Image-2024-10-03-at-9.34.58-PM.jpeg\" \/>\n\t<meta property=\"og:image:width\" content=\"764\" \/>\n\t<meta property=\"og:image:height\" content=\"1080\" \/>\n\t<meta property=\"og:image:type\" content=\"image\/jpeg\" \/>\n<meta name=\"author\" content=\"Red Mediterr\u00e1nea\" \/>\n<meta name=\"twitter:card\" content=\"summary_large_image\" \/>\n<meta name=\"twitter:label1\" content=\"Escrito por\" \/>\n\t<meta name=\"twitter:data1\" content=\"Red Mediterr\u00e1nea\" \/>\n\t<meta name=\"twitter:label2\" content=\"Tiempo de lectura\" \/>\n\t<meta name=\"twitter:data2\" content=\"2 minutos\" \/>\n<script type=\"application\/ld+json\" class=\"yoast-schema-graph\">{\"@context\":\"https:\\\/\\\/schema.org\",\"@graph\":[{\"@type\":\"Article\",\"@id\":\"https:\\\/\\\/redmediterranea.com\\\/index.php\\\/2024\\\/10\\\/04\\\/cosedef-alerta-roja\\\/#article\",\"isPartOf\":{\"@id\":\"https:\\\/\\\/redmediterranea.com\\\/index.php\\\/2024\\\/10\\\/04\\\/cosedef-alerta-roja\\\/\"},\"author\":{\"name\":\"Red Mediterr\u00e1nea\",\"@id\":\"https:\\\/\\\/redmediterranea.com\\\/#\\\/schema\\\/person\\\/a59f6085115b75a865fb0338fe81d577\"},\"headline\":\"COSEDEF: Alerta Roja\",\"datePublished\":\"2024-10-04T00:56:56+00:00\",\"dateModified\":\"2024-10-04T00:56:57+00:00\",\"mainEntityOfPage\":{\"@id\":\"https:\\\/\\\/redmediterranea.com\\\/index.php\\\/2024\\\/10\\\/04\\\/cosedef-alerta-roja\\\/\"},\"wordCount\":153,\"commentCount\":0,\"publisher\":{\"@id\":\"https:\\\/\\\/redmediterranea.com\\\/#organization\"},\"image\":{\"@id\":\"https:\\\/\\\/redmediterranea.com\\\/index.php\\\/2024\\\/10\\\/04\\\/cosedef-alerta-roja\\\/#primaryimage\"},\"thumbnailUrl\":\"https:\\\/\\\/redmediterranea.com\\\/wp-content\\\/uploads\\\/2024\\\/10\\\/WhatsApp-Image-2024-10-03-at-9.34.58-PM.jpeg\",\"keywords\":[\"Alerta Roja\",\"CODESEF\"],\"articleSection\":[\"Locales\"],\"inLanguage\":\"es\",\"potentialAction\":[{\"@type\":\"CommentAction\",\"name\":\"Comment\",\"target\":[\"https:\\\/\\\/redmediterranea.com\\\/index.php\\\/2024\\\/10\\\/04\\\/cosedef-alerta-roja\\\/#respond\"]}]},{\"@type\":\"WebPage\",\"@id\":\"https:\\\/\\\/redmediterranea.com\\\/index.php\\\/2024\\\/10\\\/04\\\/cosedef-alerta-roja\\\/\",\"url\":\"https:\\\/\\\/redmediterranea.com\\\/index.php\\\/2024\\\/10\\\/04\\\/cosedef-alerta-roja\\\/\",\"name\":\"COSEDEF: Alerta Roja &#8212; Red Mediterr\u00e1nea\",\"isPartOf\":{\"@id\":\"https:\\\/\\\/redmediterranea.com\\\/#website\"},\"primaryImageOfPage\":{\"@id\":\"https:\\\/\\\/redmediterranea.com\\\/index.php\\\/2024\\\/10\\\/04\\\/cosedef-alerta-roja\\\/#primaryimage\"},\"image\":{\"@id\":\"https:\\\/\\\/redmediterranea.com\\\/index.php\\\/2024\\\/10\\\/04\\\/cosedef-alerta-roja\\\/#primaryimage\"},\"thumbnailUrl\":\"https:\\\/\\\/redmediterranea.com\\\/wp-content\\\/uploads\\\/2024\\\/10\\\/WhatsApp-Image-2024-10-03-at-9.34.58-PM.jpeg\",\"datePublished\":\"2024-10-04T00:56:56+00:00\",\"dateModified\":\"2024-10-04T00:56:57+00:00\",\"breadcrumb\":{\"@id\":\"https:\\\/\\\/redmediterranea.com\\\/index.php\\\/2024\\\/10\\\/04\\\/cosedef-alerta-roja\\\/#breadcrumb\"},\"inLanguage\":\"es\",\"potentialAction\":[{\"@type\":\"ReadAction\",\"target\":[\"https:\\\/\\\/redmediterranea.com\\\/index.php\\\/2024\\\/10\\\/04\\\/cosedef-alerta-roja\\\/\"]}]},{\"@type\":\"ImageObject\",\"inLanguage\":\"es\",\"@id\":\"https:\\\/\\\/redmediterranea.com\\\/index.php\\\/2024\\\/10\\\/04\\\/cosedef-alerta-roja\\\/#primaryimage\",\"url\":\"https:\\\/\\\/redmediterranea.com\\\/wp-content\\\/uploads\\\/2024\\\/10\\\/WhatsApp-Image-2024-10-03-at-9.34.58-PM.jpeg\",\"contentUrl\":\"https:\\\/\\\/redmediterranea.com\\\/wp-content\\\/uploads\\\/2024\\\/10\\\/WhatsApp-Image-2024-10-03-at-9.34.58-PM.jpeg\",\"width\":764,\"height\":1080},{\"@type\":\"BreadcrumbList\",\"@id\":\"https:\\\/\\\/redmediterranea.com\\\/index.php\\\/2024\\\/10\\\/04\\\/cosedef-alerta-roja\\\/#breadcrumb\",\"itemListElement\":[{\"@type\":\"ListItem\",\"position\":1,\"name\":\"Portada\",\"item\":\"https:\\\/\\\/redmediterranea.com\\\/\"},{\"@type\":\"ListItem\",\"position\":2,\"name\":\"COSEDEF: Alerta Roja\"}]},{\"@type\":\"WebSite\",\"@id\":\"https:\\\/\\\/redmediterranea.com\\\/#website\",\"url\":\"https:\\\/\\\/redmediterranea.com\\\/\",\"name\":\"Red Mediterr\u00e1nea\",\"description\":\"Noticias de De\u00e1n Funes\",\"publisher\":{\"@id\":\"https:\\\/\\\/redmediterranea.com\\\/#organization\"},\"potentialAction\":[{\"@type\":\"SearchAction\",\"target\":{\"@type\":\"EntryPoint\",\"urlTemplate\":\"https:\\\/\\\/redmediterranea.com\\\/?s={search_term_string}\"},\"query-input\":{\"@type\":\"PropertyValueSpecification\",\"valueRequired\":true,\"valueName\":\"search_term_string\"}}],\"inLanguage\":\"es\"},{\"@type\":\"Organization\",\"@id\":\"https:\\\/\\\/redmediterranea.com\\\/#organization\",\"name\":\"Red Mediterr\u00e1nea\",\"url\":\"https:\\\/\\\/redmediterranea.com\\\/\",\"logo\":{\"@type\":\"ImageObject\",\"inLanguage\":\"es\",\"@id\":\"https:\\\/\\\/redmediterranea.com\\\/#\\\/schema\\\/logo\\\/image\\\/\",\"url\":\"https:\\\/\\\/redmediterranea.com\\\/wp-content\\\/uploads\\\/2021\\\/09\\\/red.png\",\"contentUrl\":\"https:\\\/\\\/redmediterranea.com\\\/wp-content\\\/uploads\\\/2021\\\/09\\\/red.png\",\"width\":400,\"height\":260,\"caption\":\"Red Mediterr\u00e1nea\"},\"image\":{\"@id\":\"https:\\\/\\\/redmediterranea.com\\\/#\\\/schema\\\/logo\\\/image\\\/\"},\"sameAs\":[\"https:\\\/\\\/www.facebook.com\\\/redmediterranea.net\",\"https:\\\/\\\/www.youtube.com\\\/channel\\\/UCvm4ojIMOGKnk5v9TsWnFWQ\"]},{\"@type\":\"Person\",\"@id\":\"https:\\\/\\\/redmediterranea.com\\\/#\\\/schema\\\/person\\\/a59f6085115b75a865fb0338fe81d577\",\"name\":\"Red Mediterr\u00e1nea\",\"image\":{\"@type\":\"ImageObject\",\"inLanguage\":\"es\",\"@id\":\"https:\\\/\\\/redmediterranea.com\\\/wp-content\\\/litespeed\\\/avatar\\\/1a3770c806a5dd31cb05580dd57bedd6.jpg?ver=1777231671\",\"url\":\"https:\\\/\\\/redmediterranea.com\\\/wp-content\\\/litespeed\\\/avatar\\\/1a3770c806a5dd31cb05580dd57bedd6.jpg?ver=1777231671\",\"contentUrl\":\"https:\\\/\\\/redmediterranea.com\\\/wp-content\\\/litespeed\\\/avatar\\\/1a3770c806a5dd31cb05580dd57bedd6.jpg?ver=1777231671\",\"caption\":\"Red Mediterr\u00e1nea\"},\"sameAs\":[\"http:\\\/\\\/redmediterranea.com\"],\"url\":\"https:\\\/\\\/redmediterranea.com\\\/index.php\\\/author\\\/hg-hatecraft\\\/\"}]}<\/script>\n<!-- \/ Yoast SEO plugin. -->","yoast_head_json":{"title":"COSEDEF: Alerta Roja &#8212; Red Mediterr\u00e1nea","robots":{"index":"index","follow":"follow","max-snippet":"max-snippet:-1","max-image-preview":"max-image-preview:large","max-video-preview":"max-video-preview:-1"},"canonical":"https:\/\/redmediterranea.com\/index.php\/2024\/10\/04\/cosedef-alerta-roja\/","og_locale":"es_ES","og_type":"article","og_title":"COSEDEF: Alerta Roja &#8212; Red Mediterr\u00e1nea","og_description":"\u26a0\ufe0fCOSEDEF informa:\u27a1\ufe0fEn virtud del Alerta Roja emitida por el Comit\u00e9 de Alerta Temprana de Cat\u00e1strofes de C\u00f3rdoba, donde se recomienda el corte del suministro en ZONA RURAL con riesgo de incendio forestal, se comunica que seg\u00fan el informe emitido, en la hora mencionada, el viento del sector Norte con ciertas variaciones al noroeste y noreste [&hellip;]","og_url":"https:\/\/redmediterranea.com\/index.php\/2024\/10\/04\/cosedef-alerta-roja\/","og_site_name":"Red Mediterr\u00e1nea","article_publisher":"https:\/\/www.facebook.com\/redmediterranea.net","article_published_time":"2024-10-04T00:56:56+00:00","article_modified_time":"2024-10-04T00:56:57+00:00","og_image":[{"width":764,"height":1080,"url":"https:\/\/redmediterranea.com\/wp-content\/uploads\/2024\/10\/WhatsApp-Image-2024-10-03-at-9.34.58-PM.jpeg","type":"image\/jpeg"}],"author":"Red Mediterr\u00e1nea","twitter_card":"summary_large_image","twitter_misc":{"Escrito por":"Red Mediterr\u00e1nea","Tiempo de lectura":"2 minutos"},"schema":{"@context":"https:\/\/schema.org","@graph":[{"@type":"Article","@id":"https:\/\/redmediterranea.com\/index.php\/2024\/10\/04\/cosedef-alerta-roja\/#article","isPartOf":{"@id":"https:\/\/redmediterranea.com\/index.php\/2024\/10\/04\/cosedef-alerta-roja\/"},"author":{"name":"Red Mediterr\u00e1nea","@id":"https:\/\/redmediterranea.com\/#\/schema\/person\/a59f6085115b75a865fb0338fe81d577"},"headline":"COSEDEF: Alerta Roja","datePublished":"2024-10-04T00:56:56+00:00","dateModified":"2024-10-04T00:56:57+00:00","mainEntityOfPage":{"@id":"https:\/\/redmediterranea.com\/index.php\/2024\/10\/04\/cosedef-alerta-roja\/"},"wordCount":153,"commentCount":0,"publisher":{"@id":"https:\/\/redmediterranea.com\/#organization"},"image":{"@id":"https:\/\/redmediterranea.com\/index.php\/2024\/10\/04\/cosedef-alerta-roja\/#primaryimage"},"thumbnailUrl":"https:\/\/redmediterranea.com\/wp-content\/uploads\/2024\/10\/WhatsApp-Image-2024-10-03-at-9.34.58-PM.jpeg","keywords":["Alerta Roja","CODESEF"],"articleSection":["Locales"],"inLanguage":"es","potentialAction":[{"@type":"CommentAction","name":"Comment","target":["https:\/\/redmediterranea.com\/index.php\/2024\/10\/04\/cosedef-alerta-roja\/#respond"]}]},{"@type":"WebPage","@id":"https:\/\/redmediterranea.com\/index.php\/2024\/10\/04\/cosedef-alerta-roja\/","url":"https:\/\/redmediterranea.com\/index.php\/2024\/10\/04\/cosedef-alerta-roja\/","name":"COSEDEF: Alerta Roja &#8212; Red Mediterr\u00e1nea","isPartOf":{"@id":"https:\/\/redmediterranea.com\/#website"},"primaryImageOfPage":{"@id":"https:\/\/redmediterranea.com\/index.php\/2024\/10\/04\/cosedef-alerta-roja\/#primaryimage"},"image":{"@id":"https:\/\/redmediterranea.com\/index.php\/2024\/10\/04\/cosedef-alerta-roja\/#primaryimage"},"thumbnailUrl":"https:\/\/redmediterranea.com\/wp-content\/uploads\/2024\/10\/WhatsApp-Image-2024-10-03-at-9.34.58-PM.jpeg","datePublished":"2024-10-04T00:56:56+00:00","dateModified":"2024-10-04T00:56:57+00:00","breadcrumb":{"@id":"https:\/\/redmediterranea.com\/index.php\/2024\/10\/04\/cosedef-alerta-roja\/#breadcrumb"},"inLanguage":"es","potentialAction":[{"@type":"ReadAction","target":["https:\/\/redmediterranea.com\/index.php\/2024\/10\/04\/cosedef-alerta-roja\/"]}]},{"@type":"ImageObject","inLanguage":"es","@id":"https:\/\/redmediterranea.com\/index.php\/2024\/10\/04\/cosedef-alerta-roja\/#primaryimage","url":"https:\/\/redmediterranea.com\/wp-content\/uploads\/2024\/10\/WhatsApp-Image-2024-10-03-at-9.34.58-PM.jpeg","contentUrl":"https:\/\/redmediterranea.com\/wp-content\/uploads\/2024\/10\/WhatsApp-Image-2024-10-03-at-9.34.58-PM.jpeg","width":764,"height":1080},{"@type":"BreadcrumbList","@id":"https:\/\/redmediterranea.com\/index.php\/2024\/10\/04\/cosedef-alerta-roja\/#breadcrumb","itemListElement":[{"@type":"ListItem","position":1,"name":"Portada","item":"https:\/\/redmediterranea.com\/"},{"@type":"ListItem","position":2,"name":"COSEDEF: Alerta Roja"}]},{"@type":"WebSite","@id":"https:\/\/redmediterranea.com\/#website","url":"https:\/\/redmediterranea.com\/","name":"Red Mediterr\u00e1nea","description":"Noticias de De\u00e1n Funes","publisher":{"@id":"https:\/\/redmediterranea.com\/#organization"},"potentialAction":[{"@type":"SearchAction","target":{"@type":"EntryPoint","urlTemplate":"https:\/\/redmediterranea.com\/?s={search_term_string}"},"query-input":{"@type":"PropertyValueSpecification","valueRequired":true,"valueName":"search_term_string"}}],"inLanguage":"es"},{"@type":"Organization","@id":"https:\/\/redmediterranea.com\/#organization","name":"Red Mediterr\u00e1nea","url":"https:\/\/redmediterranea.com\/","logo":{"@type":"ImageObject","inLanguage":"es","@id":"https:\/\/redmediterranea.com\/#\/schema\/logo\/image\/","url":"https:\/\/redmediterranea.com\/wp-content\/uploads\/2021\/09\/red.png","contentUrl":"https:\/\/redmediterranea.com\/wp-content\/uploads\/2021\/09\/red.png","width":400,"height":260,"caption":"Red Mediterr\u00e1nea"},"image":{"@id":"https:\/\/redmediterranea.com\/#\/schema\/logo\/image\/"},"sameAs":["https:\/\/www.facebook.com\/redmediterranea.net","https:\/\/www.youtube.com\/channel\/UCvm4ojIMOGKnk5v9TsWnFWQ"]},{"@type":"Person","@id":"https:\/\/redmediterranea.com\/#\/schema\/person\/a59f6085115b75a865fb0338fe81d577","name":"Red Mediterr\u00e1nea","image":{"@type":"ImageObject","inLanguage":"es","@id":"https:\/\/redmediterranea.com\/wp-content\/litespeed\/avatar\/1a3770c806a5dd31cb05580dd57bedd6.jpg?ver=1777231671","url":"https:\/\/redmediterranea.com\/wp-content\/litespeed\/avatar\/1a3770c806a5dd31cb05580dd57bedd6.jpg?ver=1777231671","contentUrl":"https:\/\/redmediterranea.com\/wp-content\/litespeed\/avatar\/1a3770c806a5dd31cb05580dd57bedd6.jpg?ver=1777231671","caption":"Red Mediterr\u00e1nea"},"sameAs":["http:\/\/redmediterranea.com"],"url":"https:\/\/redmediterranea.com\/index.php\/author\/hg-hatecraft\/"}]}},"_links":{"self":[{"href":"https:\/\/redmediterranea.com\/index.php\/wp-json\/wp\/v2\/posts\/12362","targetHints":{"allow":["GET"]}}],"collection":[{"href":"https:\/\/redmediterranea.com\/index.php\/wp-json\/wp\/v2\/posts"}],"about":[{"href":"https:\/\/redmediterranea.com\/index.php\/wp-json\/wp\/v2\/types\/post"}],"author":[{"embeddable":true,"href":"https:\/\/redmediterranea.com\/index.php\/wp-json\/wp\/v2\/users\/1"}],"replies":[{"embeddable":true,"href":"https:\/\/redmediterranea.com\/index.php\/wp-json\/wp\/v2\/comments?post=12362"}],"version-history":[{"count":1,"href":"https:\/\/redmediterranea.com\/index.php\/wp-json\/wp\/v2\/posts\/12362\/revisions"}],"predecessor-version":[{"id":12365,"href":"https:\/\/redmediterranea.com\/index.php\/wp-json\/wp\/v2\/posts\/12362\/revisions\/12365"}],"wp:featuredmedia":[{"embeddable":true,"href":"https:\/\/redmediterranea.com\/index.php\/wp-json\/wp\/v2\/media\/12363"}],"wp:attachment":[{"href":"https:\/\/redmediterranea.com\/index.php\/wp-json\/wp\/v2\/media?parent=12362"}],"wp:term":[{"taxonomy":"category","embeddable":true,"href":"https:\/\/redmediterranea.com\/index.php\/wp-json\/wp\/v2\/categories?post=12362"},{"taxonomy":"post_tag","embeddable":true,"href":"https:\/\/redmediterranea.com\/index.php\/wp-json\/wp\/v2\/tags?post=12362"}],"curies":[{"name":"wp","href":"https:\/\/api.w.org\/{rel}","templated":true}]}}