{"id":12347,"date":"2024-10-02T23:31:20","date_gmt":"2024-10-02T23:31:20","guid":{"rendered":"https:\/\/redmediterranea.com\/?p=12347"},"modified":"2024-10-02T23:31:21","modified_gmt":"2024-10-02T23:31:21","slug":"adios-al-asceta-de-palacio","status":"publish","type":"post","link":"https:\/\/redmediterranea.com\/index.php\/2024\/10\/02\/adios-al-asceta-de-palacio\/","title":{"rendered":"Adi\u00f3s al asceta de Palacio"},"content":{"rendered":"\n<p>Se va. Y no se lleva nada material: decidi\u00f3 regalar sus objetos personales. Acomod\u00f3 sus trajes para donarlos, todos. \u201cYa no los voy a necesitar\u201d, dijo. Sus camisas blancas, sus corbatas tienen el mismo destino. La mayor\u00eda de sus libros le pertenecen a Laurita, su fiel secretaria a quien hered\u00f3 su biblioteca. Tampoco quiso llevarse los miles de regalos institucionales, los cuadros o los muebles que acompa\u00f1aron su estancia los \u00faltimos seis a\u00f1os. Su reloj, ese que le regal\u00f3 su entra\u00f1able amigo Carlos Torres, lo rif\u00f3 en su \u00faltima ma\u00f1anera. Y no se lleva nada material, repito. Se va como un asceta, abandonando los placeres materiales del poder para purificar su esp\u00edritu. Se va por la puerta grande, se va con el estruendo de los aplausos de millones, aclamado; se va con la satisfacci\u00f3n del deber cumplido, con el orgullo de haber servido a su pueblo. La suya, es una despedida triste para los millones de mexicanos que decidimos acompa\u00f1arlo en esta utop\u00eda, triste porque se nos va el hombre que inici\u00f3 la ansiada transformaci\u00f3n de M\u00e9xico, se nos va el pol\u00edtico que por primera vez pens\u00f3 en los pobres, el presidente que elev\u00f3 a rango constitucional los apoyos sociales, el \u00fanico que se atrevi\u00f3 a defender a los pueblos originarios, el que exalt\u00f3 nuestro origen ind\u00edgena. Se va el presidente m\u00e1s amado; pero tambi\u00e9n el presidente m\u00e1s atacado por los due\u00f1os del dinero, el m\u00e1s difamado por los medios corporativos. Se va el presidente que recorri\u00f3 los pueblos, que le dio varias vueltas a la Rep\u00fablica para abrazar, consolar y sentir a los m\u00e1s necesitados. Nunca le import\u00f3 lo material. Siempre fue sobrio, austero. Todos los que le visitamos en Palacio Nacional fuimos testigos de su estilo espartano de vida, sin lujos, sin ostentaciones. Llora \u00e9l, lloramos nosotros. Se va sin nada. Se va con el equipaje ligero. Se lleva lo m\u00e1s et\u00e9reo, lo m\u00e1s sublime: el amor de su pueblo. Ese amor trasciende en la historia y lo coloca en el glorioso lugar de los grandes hombres que forjaron un M\u00e9xico mejor. Se va dejando la estela de un movimiento \u00fanico, genuino y eterno que contempla una epopeya, la gesta de una nueva raza: el Obradorismo.<br>Gracias presidente, gracias por todo, gracias por tanto; Es un orgullo y es un honor haber luchado con Obrador \u2764\ufe0f<br>Sanjuana Mart\u00ednez Montemayor<br>*Periodista Mejicana<\/p>\n","protected":false},"excerpt":{"rendered":"<p>Se va. Y no se lleva nada material: decidi\u00f3 regalar sus objetos personales. Acomod\u00f3 sus trajes para donarlos, todos. \u201cYa no los voy a necesitar\u201d, dijo. Sus camisas blancas, sus corbatas tienen el mismo destino. La mayor\u00eda de sus libros le pertenecen a Laurita, su fiel secretaria a quien hered\u00f3 su biblioteca. Tampoco quiso llevarse [&hellip;]<\/p>\n","protected":false},"author":1,"featured_media":12348,"comment_status":"open","ping_status":"open","sticky":false,"template":"","format":"standard","meta":{"footnotes":""},"categories":[643],"tags":[3362,2607],"class_list":{"0":"post-12347","1":"post","2":"type-post","3":"status-publish","4":"format-standard","5":"has-post-thumbnail","7":"category-internacional","8":"tag-manuel-lopez-obrador","9":"tag-mexico"},"yoast_head":"<!-- This site is optimized with the Yoast SEO plugin v27.4 - https:\/\/yoast.com\/product\/yoast-seo-wordpress\/ -->\n<title>Adi\u00f3s al asceta de Palacio &#8212; Red Mediterr\u00e1nea<\/title>\n<meta name=\"robots\" content=\"index, follow, max-snippet:-1, max-image-preview:large, max-video-preview:-1\" \/>\n<link rel=\"canonical\" href=\"https:\/\/redmediterranea.com\/index.php\/2024\/10\/02\/adios-al-asceta-de-palacio\/\" \/>\n<meta property=\"og:locale\" content=\"es_ES\" \/>\n<meta property=\"og:type\" content=\"article\" \/>\n<meta property=\"og:title\" content=\"Adi\u00f3s al asceta de Palacio &#8212; Red Mediterr\u00e1nea\" \/>\n<meta property=\"og:description\" content=\"Se va. Y no se lleva nada material: decidi\u00f3 regalar sus objetos personales. Acomod\u00f3 sus trajes para donarlos, todos. \u201cYa no los voy a necesitar\u201d, dijo. Sus camisas blancas, sus corbatas tienen el mismo destino. La mayor\u00eda de sus libros le pertenecen a Laurita, su fiel secretaria a quien hered\u00f3 su biblioteca. Tampoco quiso llevarse [&hellip;]\" \/>\n<meta property=\"og:url\" content=\"https:\/\/redmediterranea.com\/index.php\/2024\/10\/02\/adios-al-asceta-de-palacio\/\" \/>\n<meta property=\"og:site_name\" content=\"Red Mediterr\u00e1nea\" \/>\n<meta property=\"article:publisher\" content=\"https:\/\/www.facebook.com\/redmediterranea.net\" \/>\n<meta property=\"article:published_time\" content=\"2024-10-02T23:31:20+00:00\" \/>\n<meta property=\"article:modified_time\" content=\"2024-10-02T23:31:21+00:00\" \/>\n<meta property=\"og:image\" content=\"https:\/\/redmediterranea.com\/wp-content\/uploads\/2024\/10\/WhatsApp-Image-2024-10-02-at-8.12.47-PM.jpeg\" \/>\n\t<meta property=\"og:image:width\" content=\"966\" \/>\n\t<meta property=\"og:image:height\" content=\"1280\" \/>\n\t<meta property=\"og:image:type\" content=\"image\/jpeg\" \/>\n<meta name=\"author\" content=\"Red Mediterr\u00e1nea\" \/>\n<meta name=\"twitter:card\" content=\"summary_large_image\" \/>\n<meta name=\"twitter:label1\" content=\"Escrito por\" \/>\n\t<meta name=\"twitter:data1\" content=\"Red Mediterr\u00e1nea\" \/>\n\t<meta name=\"twitter:label2\" content=\"Tiempo de lectura\" \/>\n\t<meta name=\"twitter:data2\" content=\"2 minutos\" \/>\n<script type=\"application\/ld+json\" class=\"yoast-schema-graph\">{\"@context\":\"https:\\\/\\\/schema.org\",\"@graph\":[{\"@type\":\"Article\",\"@id\":\"https:\\\/\\\/redmediterranea.com\\\/index.php\\\/2024\\\/10\\\/02\\\/adios-al-asceta-de-palacio\\\/#article\",\"isPartOf\":{\"@id\":\"https:\\\/\\\/redmediterranea.com\\\/index.php\\\/2024\\\/10\\\/02\\\/adios-al-asceta-de-palacio\\\/\"},\"author\":{\"name\":\"Red Mediterr\u00e1nea\",\"@id\":\"https:\\\/\\\/redmediterranea.com\\\/#\\\/schema\\\/person\\\/a59f6085115b75a865fb0338fe81d577\"},\"headline\":\"Adi\u00f3s al asceta de Palacio\",\"datePublished\":\"2024-10-02T23:31:20+00:00\",\"dateModified\":\"2024-10-02T23:31:21+00:00\",\"mainEntityOfPage\":{\"@id\":\"https:\\\/\\\/redmediterranea.com\\\/index.php\\\/2024\\\/10\\\/02\\\/adios-al-asceta-de-palacio\\\/\"},\"wordCount\":423,\"commentCount\":0,\"publisher\":{\"@id\":\"https:\\\/\\\/redmediterranea.com\\\/#organization\"},\"image\":{\"@id\":\"https:\\\/\\\/redmediterranea.com\\\/index.php\\\/2024\\\/10\\\/02\\\/adios-al-asceta-de-palacio\\\/#primaryimage\"},\"thumbnailUrl\":\"https:\\\/\\\/redmediterranea.com\\\/wp-content\\\/uploads\\\/2024\\\/10\\\/WhatsApp-Image-2024-10-02-at-8.12.47-PM.jpeg\",\"keywords\":[\"Manuel Lopez Obrador\",\"M\u00e9xico\"],\"articleSection\":[\"internacional\"],\"inLanguage\":\"es\",\"potentialAction\":[{\"@type\":\"CommentAction\",\"name\":\"Comment\",\"target\":[\"https:\\\/\\\/redmediterranea.com\\\/index.php\\\/2024\\\/10\\\/02\\\/adios-al-asceta-de-palacio\\\/#respond\"]}]},{\"@type\":\"WebPage\",\"@id\":\"https:\\\/\\\/redmediterranea.com\\\/index.php\\\/2024\\\/10\\\/02\\\/adios-al-asceta-de-palacio\\\/\",\"url\":\"https:\\\/\\\/redmediterranea.com\\\/index.php\\\/2024\\\/10\\\/02\\\/adios-al-asceta-de-palacio\\\/\",\"name\":\"Adi\u00f3s al asceta de Palacio &#8212; Red Mediterr\u00e1nea\",\"isPartOf\":{\"@id\":\"https:\\\/\\\/redmediterranea.com\\\/#website\"},\"primaryImageOfPage\":{\"@id\":\"https:\\\/\\\/redmediterranea.com\\\/index.php\\\/2024\\\/10\\\/02\\\/adios-al-asceta-de-palacio\\\/#primaryimage\"},\"image\":{\"@id\":\"https:\\\/\\\/redmediterranea.com\\\/index.php\\\/2024\\\/10\\\/02\\\/adios-al-asceta-de-palacio\\\/#primaryimage\"},\"thumbnailUrl\":\"https:\\\/\\\/redmediterranea.com\\\/wp-content\\\/uploads\\\/2024\\\/10\\\/WhatsApp-Image-2024-10-02-at-8.12.47-PM.jpeg\",\"datePublished\":\"2024-10-02T23:31:20+00:00\",\"dateModified\":\"2024-10-02T23:31:21+00:00\",\"breadcrumb\":{\"@id\":\"https:\\\/\\\/redmediterranea.com\\\/index.php\\\/2024\\\/10\\\/02\\\/adios-al-asceta-de-palacio\\\/#breadcrumb\"},\"inLanguage\":\"es\",\"potentialAction\":[{\"@type\":\"ReadAction\",\"target\":[\"https:\\\/\\\/redmediterranea.com\\\/index.php\\\/2024\\\/10\\\/02\\\/adios-al-asceta-de-palacio\\\/\"]}]},{\"@type\":\"ImageObject\",\"inLanguage\":\"es\",\"@id\":\"https:\\\/\\\/redmediterranea.com\\\/index.php\\\/2024\\\/10\\\/02\\\/adios-al-asceta-de-palacio\\\/#primaryimage\",\"url\":\"https:\\\/\\\/redmediterranea.com\\\/wp-content\\\/uploads\\\/2024\\\/10\\\/WhatsApp-Image-2024-10-02-at-8.12.47-PM.jpeg\",\"contentUrl\":\"https:\\\/\\\/redmediterranea.com\\\/wp-content\\\/uploads\\\/2024\\\/10\\\/WhatsApp-Image-2024-10-02-at-8.12.47-PM.jpeg\",\"width\":966,\"height\":1280},{\"@type\":\"BreadcrumbList\",\"@id\":\"https:\\\/\\\/redmediterranea.com\\\/index.php\\\/2024\\\/10\\\/02\\\/adios-al-asceta-de-palacio\\\/#breadcrumb\",\"itemListElement\":[{\"@type\":\"ListItem\",\"position\":1,\"name\":\"Portada\",\"item\":\"https:\\\/\\\/redmediterranea.com\\\/\"},{\"@type\":\"ListItem\",\"position\":2,\"name\":\"Adi\u00f3s al asceta de Palacio\"}]},{\"@type\":\"WebSite\",\"@id\":\"https:\\\/\\\/redmediterranea.com\\\/#website\",\"url\":\"https:\\\/\\\/redmediterranea.com\\\/\",\"name\":\"Red Mediterr\u00e1nea\",\"description\":\"Noticias de De\u00e1n Funes\",\"publisher\":{\"@id\":\"https:\\\/\\\/redmediterranea.com\\\/#organization\"},\"potentialAction\":[{\"@type\":\"SearchAction\",\"target\":{\"@type\":\"EntryPoint\",\"urlTemplate\":\"https:\\\/\\\/redmediterranea.com\\\/?s={search_term_string}\"},\"query-input\":{\"@type\":\"PropertyValueSpecification\",\"valueRequired\":true,\"valueName\":\"search_term_string\"}}],\"inLanguage\":\"es\"},{\"@type\":\"Organization\",\"@id\":\"https:\\\/\\\/redmediterranea.com\\\/#organization\",\"name\":\"Red Mediterr\u00e1nea\",\"url\":\"https:\\\/\\\/redmediterranea.com\\\/\",\"logo\":{\"@type\":\"ImageObject\",\"inLanguage\":\"es\",\"@id\":\"https:\\\/\\\/redmediterranea.com\\\/#\\\/schema\\\/logo\\\/image\\\/\",\"url\":\"https:\\\/\\\/redmediterranea.com\\\/wp-content\\\/uploads\\\/2021\\\/09\\\/red.png\",\"contentUrl\":\"https:\\\/\\\/redmediterranea.com\\\/wp-content\\\/uploads\\\/2021\\\/09\\\/red.png\",\"width\":400,\"height\":260,\"caption\":\"Red Mediterr\u00e1nea\"},\"image\":{\"@id\":\"https:\\\/\\\/redmediterranea.com\\\/#\\\/schema\\\/logo\\\/image\\\/\"},\"sameAs\":[\"https:\\\/\\\/www.facebook.com\\\/redmediterranea.net\",\"https:\\\/\\\/www.youtube.com\\\/channel\\\/UCvm4ojIMOGKnk5v9TsWnFWQ\"]},{\"@type\":\"Person\",\"@id\":\"https:\\\/\\\/redmediterranea.com\\\/#\\\/schema\\\/person\\\/a59f6085115b75a865fb0338fe81d577\",\"name\":\"Red Mediterr\u00e1nea\",\"image\":{\"@type\":\"ImageObject\",\"inLanguage\":\"es\",\"@id\":\"https:\\\/\\\/redmediterranea.com\\\/wp-content\\\/litespeed\\\/avatar\\\/1a3770c806a5dd31cb05580dd57bedd6.jpg?ver=1777231671\",\"url\":\"https:\\\/\\\/redmediterranea.com\\\/wp-content\\\/litespeed\\\/avatar\\\/1a3770c806a5dd31cb05580dd57bedd6.jpg?ver=1777231671\",\"contentUrl\":\"https:\\\/\\\/redmediterranea.com\\\/wp-content\\\/litespeed\\\/avatar\\\/1a3770c806a5dd31cb05580dd57bedd6.jpg?ver=1777231671\",\"caption\":\"Red Mediterr\u00e1nea\"},\"sameAs\":[\"http:\\\/\\\/redmediterranea.com\"],\"url\":\"https:\\\/\\\/redmediterranea.com\\\/index.php\\\/author\\\/hg-hatecraft\\\/\"}]}<\/script>\n<!-- \/ Yoast SEO plugin. -->","yoast_head_json":{"title":"Adi\u00f3s al asceta de Palacio &#8212; Red Mediterr\u00e1nea","robots":{"index":"index","follow":"follow","max-snippet":"max-snippet:-1","max-image-preview":"max-image-preview:large","max-video-preview":"max-video-preview:-1"},"canonical":"https:\/\/redmediterranea.com\/index.php\/2024\/10\/02\/adios-al-asceta-de-palacio\/","og_locale":"es_ES","og_type":"article","og_title":"Adi\u00f3s al asceta de Palacio &#8212; Red Mediterr\u00e1nea","og_description":"Se va. Y no se lleva nada material: decidi\u00f3 regalar sus objetos personales. Acomod\u00f3 sus trajes para donarlos, todos. \u201cYa no los voy a necesitar\u201d, dijo. Sus camisas blancas, sus corbatas tienen el mismo destino. La mayor\u00eda de sus libros le pertenecen a Laurita, su fiel secretaria a quien hered\u00f3 su biblioteca. Tampoco quiso llevarse [&hellip;]","og_url":"https:\/\/redmediterranea.com\/index.php\/2024\/10\/02\/adios-al-asceta-de-palacio\/","og_site_name":"Red Mediterr\u00e1nea","article_publisher":"https:\/\/www.facebook.com\/redmediterranea.net","article_published_time":"2024-10-02T23:31:20+00:00","article_modified_time":"2024-10-02T23:31:21+00:00","og_image":[{"width":966,"height":1280,"url":"https:\/\/redmediterranea.com\/wp-content\/uploads\/2024\/10\/WhatsApp-Image-2024-10-02-at-8.12.47-PM.jpeg","type":"image\/jpeg"}],"author":"Red Mediterr\u00e1nea","twitter_card":"summary_large_image","twitter_misc":{"Escrito por":"Red Mediterr\u00e1nea","Tiempo de lectura":"2 minutos"},"schema":{"@context":"https:\/\/schema.org","@graph":[{"@type":"Article","@id":"https:\/\/redmediterranea.com\/index.php\/2024\/10\/02\/adios-al-asceta-de-palacio\/#article","isPartOf":{"@id":"https:\/\/redmediterranea.com\/index.php\/2024\/10\/02\/adios-al-asceta-de-palacio\/"},"author":{"name":"Red Mediterr\u00e1nea","@id":"https:\/\/redmediterranea.com\/#\/schema\/person\/a59f6085115b75a865fb0338fe81d577"},"headline":"Adi\u00f3s al asceta de Palacio","datePublished":"2024-10-02T23:31:20+00:00","dateModified":"2024-10-02T23:31:21+00:00","mainEntityOfPage":{"@id":"https:\/\/redmediterranea.com\/index.php\/2024\/10\/02\/adios-al-asceta-de-palacio\/"},"wordCount":423,"commentCount":0,"publisher":{"@id":"https:\/\/redmediterranea.com\/#organization"},"image":{"@id":"https:\/\/redmediterranea.com\/index.php\/2024\/10\/02\/adios-al-asceta-de-palacio\/#primaryimage"},"thumbnailUrl":"https:\/\/redmediterranea.com\/wp-content\/uploads\/2024\/10\/WhatsApp-Image-2024-10-02-at-8.12.47-PM.jpeg","keywords":["Manuel Lopez Obrador","M\u00e9xico"],"articleSection":["internacional"],"inLanguage":"es","potentialAction":[{"@type":"CommentAction","name":"Comment","target":["https:\/\/redmediterranea.com\/index.php\/2024\/10\/02\/adios-al-asceta-de-palacio\/#respond"]}]},{"@type":"WebPage","@id":"https:\/\/redmediterranea.com\/index.php\/2024\/10\/02\/adios-al-asceta-de-palacio\/","url":"https:\/\/redmediterranea.com\/index.php\/2024\/10\/02\/adios-al-asceta-de-palacio\/","name":"Adi\u00f3s al asceta de Palacio &#8212; Red Mediterr\u00e1nea","isPartOf":{"@id":"https:\/\/redmediterranea.com\/#website"},"primaryImageOfPage":{"@id":"https:\/\/redmediterranea.com\/index.php\/2024\/10\/02\/adios-al-asceta-de-palacio\/#primaryimage"},"image":{"@id":"https:\/\/redmediterranea.com\/index.php\/2024\/10\/02\/adios-al-asceta-de-palacio\/#primaryimage"},"thumbnailUrl":"https:\/\/redmediterranea.com\/wp-content\/uploads\/2024\/10\/WhatsApp-Image-2024-10-02-at-8.12.47-PM.jpeg","datePublished":"2024-10-02T23:31:20+00:00","dateModified":"2024-10-02T23:31:21+00:00","breadcrumb":{"@id":"https:\/\/redmediterranea.com\/index.php\/2024\/10\/02\/adios-al-asceta-de-palacio\/#breadcrumb"},"inLanguage":"es","potentialAction":[{"@type":"ReadAction","target":["https:\/\/redmediterranea.com\/index.php\/2024\/10\/02\/adios-al-asceta-de-palacio\/"]}]},{"@type":"ImageObject","inLanguage":"es","@id":"https:\/\/redmediterranea.com\/index.php\/2024\/10\/02\/adios-al-asceta-de-palacio\/#primaryimage","url":"https:\/\/redmediterranea.com\/wp-content\/uploads\/2024\/10\/WhatsApp-Image-2024-10-02-at-8.12.47-PM.jpeg","contentUrl":"https:\/\/redmediterranea.com\/wp-content\/uploads\/2024\/10\/WhatsApp-Image-2024-10-02-at-8.12.47-PM.jpeg","width":966,"height":1280},{"@type":"BreadcrumbList","@id":"https:\/\/redmediterranea.com\/index.php\/2024\/10\/02\/adios-al-asceta-de-palacio\/#breadcrumb","itemListElement":[{"@type":"ListItem","position":1,"name":"Portada","item":"https:\/\/redmediterranea.com\/"},{"@type":"ListItem","position":2,"name":"Adi\u00f3s al asceta de Palacio"}]},{"@type":"WebSite","@id":"https:\/\/redmediterranea.com\/#website","url":"https:\/\/redmediterranea.com\/","name":"Red Mediterr\u00e1nea","description":"Noticias de De\u00e1n Funes","publisher":{"@id":"https:\/\/redmediterranea.com\/#organization"},"potentialAction":[{"@type":"SearchAction","target":{"@type":"EntryPoint","urlTemplate":"https:\/\/redmediterranea.com\/?s={search_term_string}"},"query-input":{"@type":"PropertyValueSpecification","valueRequired":true,"valueName":"search_term_string"}}],"inLanguage":"es"},{"@type":"Organization","@id":"https:\/\/redmediterranea.com\/#organization","name":"Red Mediterr\u00e1nea","url":"https:\/\/redmediterranea.com\/","logo":{"@type":"ImageObject","inLanguage":"es","@id":"https:\/\/redmediterranea.com\/#\/schema\/logo\/image\/","url":"https:\/\/redmediterranea.com\/wp-content\/uploads\/2021\/09\/red.png","contentUrl":"https:\/\/redmediterranea.com\/wp-content\/uploads\/2021\/09\/red.png","width":400,"height":260,"caption":"Red Mediterr\u00e1nea"},"image":{"@id":"https:\/\/redmediterranea.com\/#\/schema\/logo\/image\/"},"sameAs":["https:\/\/www.facebook.com\/redmediterranea.net","https:\/\/www.youtube.com\/channel\/UCvm4ojIMOGKnk5v9TsWnFWQ"]},{"@type":"Person","@id":"https:\/\/redmediterranea.com\/#\/schema\/person\/a59f6085115b75a865fb0338fe81d577","name":"Red Mediterr\u00e1nea","image":{"@type":"ImageObject","inLanguage":"es","@id":"https:\/\/redmediterranea.com\/wp-content\/litespeed\/avatar\/1a3770c806a5dd31cb05580dd57bedd6.jpg?ver=1777231671","url":"https:\/\/redmediterranea.com\/wp-content\/litespeed\/avatar\/1a3770c806a5dd31cb05580dd57bedd6.jpg?ver=1777231671","contentUrl":"https:\/\/redmediterranea.com\/wp-content\/litespeed\/avatar\/1a3770c806a5dd31cb05580dd57bedd6.jpg?ver=1777231671","caption":"Red Mediterr\u00e1nea"},"sameAs":["http:\/\/redmediterranea.com"],"url":"https:\/\/redmediterranea.com\/index.php\/author\/hg-hatecraft\/"}]}},"_links":{"self":[{"href":"https:\/\/redmediterranea.com\/index.php\/wp-json\/wp\/v2\/posts\/12347","targetHints":{"allow":["GET"]}}],"collection":[{"href":"https:\/\/redmediterranea.com\/index.php\/wp-json\/wp\/v2\/posts"}],"about":[{"href":"https:\/\/redmediterranea.com\/index.php\/wp-json\/wp\/v2\/types\/post"}],"author":[{"embeddable":true,"href":"https:\/\/redmediterranea.com\/index.php\/wp-json\/wp\/v2\/users\/1"}],"replies":[{"embeddable":true,"href":"https:\/\/redmediterranea.com\/index.php\/wp-json\/wp\/v2\/comments?post=12347"}],"version-history":[{"count":1,"href":"https:\/\/redmediterranea.com\/index.php\/wp-json\/wp\/v2\/posts\/12347\/revisions"}],"predecessor-version":[{"id":12349,"href":"https:\/\/redmediterranea.com\/index.php\/wp-json\/wp\/v2\/posts\/12347\/revisions\/12349"}],"wp:featuredmedia":[{"embeddable":true,"href":"https:\/\/redmediterranea.com\/index.php\/wp-json\/wp\/v2\/media\/12348"}],"wp:attachment":[{"href":"https:\/\/redmediterranea.com\/index.php\/wp-json\/wp\/v2\/media?parent=12347"}],"wp:term":[{"taxonomy":"category","embeddable":true,"href":"https:\/\/redmediterranea.com\/index.php\/wp-json\/wp\/v2\/categories?post=12347"},{"taxonomy":"post_tag","embeddable":true,"href":"https:\/\/redmediterranea.com\/index.php\/wp-json\/wp\/v2\/tags?post=12347"}],"curies":[{"name":"wp","href":"https:\/\/api.w.org\/{rel}","templated":true}]}}