{"id":11631,"date":"2024-08-05T03:28:23","date_gmt":"2024-08-05T03:28:23","guid":{"rendered":"https:\/\/redmediterranea.com\/?p=11631"},"modified":"2024-08-05T03:28:24","modified_gmt":"2024-08-05T03:28:24","slug":"lucas-ibanez-y-martin-bravo-premiados-en-chile","status":"publish","type":"post","link":"https:\/\/redmediterranea.com\/index.php\/2024\/08\/05\/lucas-ibanez-y-martin-bravo-premiados-en-chile\/","title":{"rendered":"Lucas Ib\u00e1\u00f1ez y Mart\u00edn Bravo premiados en Chile."},"content":{"rendered":"\n<p>El gimnasio de la Confederaci\u00f3n Deportiva de Magallanes, Chile, fue escenario de la 43\u00aa edici\u00f3n del Festival Folcl\u00f3rico en la Patagonia. Durante tres d\u00edas, los asistentes disfrutaron de un evento cargado de m\u00fasica y tradici\u00f3n magall\u00e1nica, con invitados regionales e internacionales. La competencia folcl\u00f3rica cont\u00f3 con la participaci\u00f3n de 12 canciones.<\/p>\n\n\n\n<p>Por Argentina, el logro de \u00abAzul y Gris\u00bb, una obra del autor Lucas Ib\u00e1\u00f1ez, interpretada por Mart\u00edn Bravo y Lucas Ib\u00e1\u00f1ez, que obtuvo el segundo lugar en el certamen. Ambos m\u00fasicos, oriundos del norte cordob\u00e9s y de la regi\u00f3n de la Sal, representaron con orgullo a nuestra zona.<br>La Intendente Municipal y Presidente del Ente Mixto de Salinas Grandes, Prof. Mabel Godoy, saluda y felicita a Mart\u00edn Bravo y Lucas Ib\u00e1\u00f1ez por tan importante logro obtenido, resaltando su talento y dedicaci\u00f3n que ponen en alto el nombre de nuestra comunidad.<br>\u00a1Felicitaciones a nuestros artistas por su destacada participaci\u00f3n y por llevar la m\u00fasica y cultura de nuestra regi\u00f3n a escenarios internacionales!<\/p>\n\n\n\n<h1 class=\"wp-block-heading\">FestivalFolcl\u00f3rico<\/h1>\n\n\n\n<h1 class=\"wp-block-heading\">Patagonia2024<\/h1>\n\n\n\n<h1 class=\"wp-block-heading\">OrgulloQuilino<\/h1>\n\n\n\n<h1 class=\"wp-block-heading\">CulturaYTradici\u00f3n<\/h1>\n\n\n\n<h1 class=\"wp-block-heading\">GestionMabelGodoy<\/h1>\n","protected":false},"excerpt":{"rendered":"<p>El gimnasio de la Confederaci\u00f3n Deportiva de Magallanes, Chile, fue escenario de la 43\u00aa edici\u00f3n del Festival Folcl\u00f3rico en la Patagonia. Durante tres d\u00edas, los asistentes disfrutaron de un evento cargado de m\u00fasica y tradici\u00f3n magall\u00e1nica, con invitados regionales e internacionales. La competencia folcl\u00f3rica cont\u00f3 con la participaci\u00f3n de 12 canciones. Por Argentina, el logro [&hellip;]<\/p>\n","protected":false},"author":1,"featured_media":11632,"comment_status":"open","ping_status":"open","sticky":false,"template":"","format":"standard","meta":{"footnotes":""},"categories":[56,3,142,13],"tags":[3220,3219,3218,1003],"class_list":{"0":"post-11631","1":"post","2":"type-post","3":"status-publish","4":"format-standard","5":"has-post-thumbnail","7":"category-cultura","8":"category-locales","9":"category-musica","10":"category-quilino","11":"tag-chile","12":"tag-lucas-ibanez","13":"tag-martin-bravo","14":"tag-premio"},"yoast_head":"<!-- This site is optimized with the Yoast SEO plugin v27.4 - https:\/\/yoast.com\/product\/yoast-seo-wordpress\/ -->\n<title>Lucas Ib\u00e1\u00f1ez y Mart\u00edn Bravo premiados en Chile. &#8212; Red Mediterr\u00e1nea<\/title>\n<meta name=\"robots\" content=\"index, follow, max-snippet:-1, max-image-preview:large, max-video-preview:-1\" \/>\n<link rel=\"canonical\" href=\"https:\/\/redmediterranea.com\/index.php\/2024\/08\/05\/lucas-ibanez-y-martin-bravo-premiados-en-chile\/\" \/>\n<meta property=\"og:locale\" content=\"es_ES\" \/>\n<meta property=\"og:type\" content=\"article\" \/>\n<meta property=\"og:title\" content=\"Lucas Ib\u00e1\u00f1ez y Mart\u00edn Bravo premiados en Chile. &#8212; Red Mediterr\u00e1nea\" \/>\n<meta property=\"og:description\" content=\"El gimnasio de la Confederaci\u00f3n Deportiva de Magallanes, Chile, fue escenario de la 43\u00aa edici\u00f3n del Festival Folcl\u00f3rico en la Patagonia. Durante tres d\u00edas, los asistentes disfrutaron de un evento cargado de m\u00fasica y tradici\u00f3n magall\u00e1nica, con invitados regionales e internacionales. La competencia folcl\u00f3rica cont\u00f3 con la participaci\u00f3n de 12 canciones. Por Argentina, el logro [&hellip;]\" \/>\n<meta property=\"og:url\" content=\"https:\/\/redmediterranea.com\/index.php\/2024\/08\/05\/lucas-ibanez-y-martin-bravo-premiados-en-chile\/\" \/>\n<meta property=\"og:site_name\" content=\"Red Mediterr\u00e1nea\" \/>\n<meta property=\"article:publisher\" content=\"https:\/\/www.facebook.com\/redmediterranea.net\" \/>\n<meta property=\"article:published_time\" content=\"2024-08-05T03:28:23+00:00\" \/>\n<meta property=\"article:modified_time\" content=\"2024-08-05T03:28:24+00:00\" \/>\n<meta property=\"og:image\" content=\"http:\/\/redmediterranea.com\/wp-content\/uploads\/2024\/08\/WhatsApp-Image-2024-08-04-at-8.18.50-PM.jpeg\" \/>\n\t<meta property=\"og:image:width\" content=\"904\" \/>\n\t<meta property=\"og:image:height\" content=\"1008\" \/>\n\t<meta property=\"og:image:type\" content=\"image\/jpeg\" \/>\n<meta name=\"author\" content=\"Red Mediterr\u00e1nea\" \/>\n<meta name=\"twitter:card\" content=\"summary_large_image\" \/>\n<meta name=\"twitter:label1\" content=\"Escrito por\" \/>\n\t<meta name=\"twitter:data1\" content=\"Red Mediterr\u00e1nea\" \/>\n\t<meta name=\"twitter:label2\" content=\"Tiempo de lectura\" \/>\n\t<meta name=\"twitter:data2\" content=\"1 minuto\" \/>\n<script type=\"application\/ld+json\" class=\"yoast-schema-graph\">{\"@context\":\"https:\\\/\\\/schema.org\",\"@graph\":[{\"@type\":\"Article\",\"@id\":\"https:\\\/\\\/redmediterranea.com\\\/index.php\\\/2024\\\/08\\\/05\\\/lucas-ibanez-y-martin-bravo-premiados-en-chile\\\/#article\",\"isPartOf\":{\"@id\":\"https:\\\/\\\/redmediterranea.com\\\/index.php\\\/2024\\\/08\\\/05\\\/lucas-ibanez-y-martin-bravo-premiados-en-chile\\\/\"},\"author\":{\"name\":\"Red Mediterr\u00e1nea\",\"@id\":\"https:\\\/\\\/redmediterranea.com\\\/#\\\/schema\\\/person\\\/a59f6085115b75a865fb0338fe81d577\"},\"headline\":\"Lucas Ib\u00e1\u00f1ez y Mart\u00edn Bravo premiados en Chile.\",\"datePublished\":\"2024-08-05T03:28:23+00:00\",\"dateModified\":\"2024-08-05T03:28:24+00:00\",\"mainEntityOfPage\":{\"@id\":\"https:\\\/\\\/redmediterranea.com\\\/index.php\\\/2024\\\/08\\\/05\\\/lucas-ibanez-y-martin-bravo-premiados-en-chile\\\/\"},\"wordCount\":198,\"commentCount\":0,\"publisher\":{\"@id\":\"https:\\\/\\\/redmediterranea.com\\\/#organization\"},\"image\":{\"@id\":\"https:\\\/\\\/redmediterranea.com\\\/index.php\\\/2024\\\/08\\\/05\\\/lucas-ibanez-y-martin-bravo-premiados-en-chile\\\/#primaryimage\"},\"thumbnailUrl\":\"https:\\\/\\\/redmediterranea.com\\\/wp-content\\\/uploads\\\/2024\\\/08\\\/WhatsApp-Image-2024-08-04-at-8.18.50-PM.jpeg\",\"keywords\":[\"Chile\",\"Lucas Iba\u00f1ez\",\"Mart\u00edn Bravo\",\"Premio\"],\"articleSection\":[\"Cultura\",\"Locales\",\"M\u00fasica\",\"Quilino\"],\"inLanguage\":\"es\",\"potentialAction\":[{\"@type\":\"CommentAction\",\"name\":\"Comment\",\"target\":[\"https:\\\/\\\/redmediterranea.com\\\/index.php\\\/2024\\\/08\\\/05\\\/lucas-ibanez-y-martin-bravo-premiados-en-chile\\\/#respond\"]}]},{\"@type\":\"WebPage\",\"@id\":\"https:\\\/\\\/redmediterranea.com\\\/index.php\\\/2024\\\/08\\\/05\\\/lucas-ibanez-y-martin-bravo-premiados-en-chile\\\/\",\"url\":\"https:\\\/\\\/redmediterranea.com\\\/index.php\\\/2024\\\/08\\\/05\\\/lucas-ibanez-y-martin-bravo-premiados-en-chile\\\/\",\"name\":\"Lucas Ib\u00e1\u00f1ez y Mart\u00edn Bravo premiados en Chile. &#8212; Red Mediterr\u00e1nea\",\"isPartOf\":{\"@id\":\"https:\\\/\\\/redmediterranea.com\\\/#website\"},\"primaryImageOfPage\":{\"@id\":\"https:\\\/\\\/redmediterranea.com\\\/index.php\\\/2024\\\/08\\\/05\\\/lucas-ibanez-y-martin-bravo-premiados-en-chile\\\/#primaryimage\"},\"image\":{\"@id\":\"https:\\\/\\\/redmediterranea.com\\\/index.php\\\/2024\\\/08\\\/05\\\/lucas-ibanez-y-martin-bravo-premiados-en-chile\\\/#primaryimage\"},\"thumbnailUrl\":\"https:\\\/\\\/redmediterranea.com\\\/wp-content\\\/uploads\\\/2024\\\/08\\\/WhatsApp-Image-2024-08-04-at-8.18.50-PM.jpeg\",\"datePublished\":\"2024-08-05T03:28:23+00:00\",\"dateModified\":\"2024-08-05T03:28:24+00:00\",\"breadcrumb\":{\"@id\":\"https:\\\/\\\/redmediterranea.com\\\/index.php\\\/2024\\\/08\\\/05\\\/lucas-ibanez-y-martin-bravo-premiados-en-chile\\\/#breadcrumb\"},\"inLanguage\":\"es\",\"potentialAction\":[{\"@type\":\"ReadAction\",\"target\":[\"https:\\\/\\\/redmediterranea.com\\\/index.php\\\/2024\\\/08\\\/05\\\/lucas-ibanez-y-martin-bravo-premiados-en-chile\\\/\"]}]},{\"@type\":\"ImageObject\",\"inLanguage\":\"es\",\"@id\":\"https:\\\/\\\/redmediterranea.com\\\/index.php\\\/2024\\\/08\\\/05\\\/lucas-ibanez-y-martin-bravo-premiados-en-chile\\\/#primaryimage\",\"url\":\"https:\\\/\\\/redmediterranea.com\\\/wp-content\\\/uploads\\\/2024\\\/08\\\/WhatsApp-Image-2024-08-04-at-8.18.50-PM.jpeg\",\"contentUrl\":\"https:\\\/\\\/redmediterranea.com\\\/wp-content\\\/uploads\\\/2024\\\/08\\\/WhatsApp-Image-2024-08-04-at-8.18.50-PM.jpeg\",\"width\":904,\"height\":1008},{\"@type\":\"BreadcrumbList\",\"@id\":\"https:\\\/\\\/redmediterranea.com\\\/index.php\\\/2024\\\/08\\\/05\\\/lucas-ibanez-y-martin-bravo-premiados-en-chile\\\/#breadcrumb\",\"itemListElement\":[{\"@type\":\"ListItem\",\"position\":1,\"name\":\"Portada\",\"item\":\"https:\\\/\\\/redmediterranea.com\\\/\"},{\"@type\":\"ListItem\",\"position\":2,\"name\":\"Lucas Ib\u00e1\u00f1ez y Mart\u00edn Bravo premiados en Chile.\"}]},{\"@type\":\"WebSite\",\"@id\":\"https:\\\/\\\/redmediterranea.com\\\/#website\",\"url\":\"https:\\\/\\\/redmediterranea.com\\\/\",\"name\":\"Red Mediterr\u00e1nea\",\"description\":\"Noticias de De\u00e1n Funes\",\"publisher\":{\"@id\":\"https:\\\/\\\/redmediterranea.com\\\/#organization\"},\"potentialAction\":[{\"@type\":\"SearchAction\",\"target\":{\"@type\":\"EntryPoint\",\"urlTemplate\":\"https:\\\/\\\/redmediterranea.com\\\/?s={search_term_string}\"},\"query-input\":{\"@type\":\"PropertyValueSpecification\",\"valueRequired\":true,\"valueName\":\"search_term_string\"}}],\"inLanguage\":\"es\"},{\"@type\":\"Organization\",\"@id\":\"https:\\\/\\\/redmediterranea.com\\\/#organization\",\"name\":\"Red Mediterr\u00e1nea\",\"url\":\"https:\\\/\\\/redmediterranea.com\\\/\",\"logo\":{\"@type\":\"ImageObject\",\"inLanguage\":\"es\",\"@id\":\"https:\\\/\\\/redmediterranea.com\\\/#\\\/schema\\\/logo\\\/image\\\/\",\"url\":\"https:\\\/\\\/redmediterranea.com\\\/wp-content\\\/uploads\\\/2021\\\/09\\\/red.png\",\"contentUrl\":\"https:\\\/\\\/redmediterranea.com\\\/wp-content\\\/uploads\\\/2021\\\/09\\\/red.png\",\"width\":400,\"height\":260,\"caption\":\"Red Mediterr\u00e1nea\"},\"image\":{\"@id\":\"https:\\\/\\\/redmediterranea.com\\\/#\\\/schema\\\/logo\\\/image\\\/\"},\"sameAs\":[\"https:\\\/\\\/www.facebook.com\\\/redmediterranea.net\",\"https:\\\/\\\/www.youtube.com\\\/channel\\\/UCvm4ojIMOGKnk5v9TsWnFWQ\"]},{\"@type\":\"Person\",\"@id\":\"https:\\\/\\\/redmediterranea.com\\\/#\\\/schema\\\/person\\\/a59f6085115b75a865fb0338fe81d577\",\"name\":\"Red Mediterr\u00e1nea\",\"image\":{\"@type\":\"ImageObject\",\"inLanguage\":\"es\",\"@id\":\"https:\\\/\\\/redmediterranea.com\\\/wp-content\\\/litespeed\\\/avatar\\\/1a3770c806a5dd31cb05580dd57bedd6.jpg?ver=1777231671\",\"url\":\"https:\\\/\\\/redmediterranea.com\\\/wp-content\\\/litespeed\\\/avatar\\\/1a3770c806a5dd31cb05580dd57bedd6.jpg?ver=1777231671\",\"contentUrl\":\"https:\\\/\\\/redmediterranea.com\\\/wp-content\\\/litespeed\\\/avatar\\\/1a3770c806a5dd31cb05580dd57bedd6.jpg?ver=1777231671\",\"caption\":\"Red Mediterr\u00e1nea\"},\"sameAs\":[\"http:\\\/\\\/redmediterranea.com\"],\"url\":\"https:\\\/\\\/redmediterranea.com\\\/index.php\\\/author\\\/hg-hatecraft\\\/\"}]}<\/script>\n<!-- \/ Yoast SEO plugin. -->","yoast_head_json":{"title":"Lucas Ib\u00e1\u00f1ez y Mart\u00edn Bravo premiados en Chile. &#8212; Red Mediterr\u00e1nea","robots":{"index":"index","follow":"follow","max-snippet":"max-snippet:-1","max-image-preview":"max-image-preview:large","max-video-preview":"max-video-preview:-1"},"canonical":"https:\/\/redmediterranea.com\/index.php\/2024\/08\/05\/lucas-ibanez-y-martin-bravo-premiados-en-chile\/","og_locale":"es_ES","og_type":"article","og_title":"Lucas Ib\u00e1\u00f1ez y Mart\u00edn Bravo premiados en Chile. &#8212; Red Mediterr\u00e1nea","og_description":"El gimnasio de la Confederaci\u00f3n Deportiva de Magallanes, Chile, fue escenario de la 43\u00aa edici\u00f3n del Festival Folcl\u00f3rico en la Patagonia. Durante tres d\u00edas, los asistentes disfrutaron de un evento cargado de m\u00fasica y tradici\u00f3n magall\u00e1nica, con invitados regionales e internacionales. La competencia folcl\u00f3rica cont\u00f3 con la participaci\u00f3n de 12 canciones. Por Argentina, el logro [&hellip;]","og_url":"https:\/\/redmediterranea.com\/index.php\/2024\/08\/05\/lucas-ibanez-y-martin-bravo-premiados-en-chile\/","og_site_name":"Red Mediterr\u00e1nea","article_publisher":"https:\/\/www.facebook.com\/redmediterranea.net","article_published_time":"2024-08-05T03:28:23+00:00","article_modified_time":"2024-08-05T03:28:24+00:00","og_image":[{"width":904,"height":1008,"url":"http:\/\/redmediterranea.com\/wp-content\/uploads\/2024\/08\/WhatsApp-Image-2024-08-04-at-8.18.50-PM.jpeg","type":"image\/jpeg"}],"author":"Red Mediterr\u00e1nea","twitter_card":"summary_large_image","twitter_misc":{"Escrito por":"Red Mediterr\u00e1nea","Tiempo de lectura":"1 minuto"},"schema":{"@context":"https:\/\/schema.org","@graph":[{"@type":"Article","@id":"https:\/\/redmediterranea.com\/index.php\/2024\/08\/05\/lucas-ibanez-y-martin-bravo-premiados-en-chile\/#article","isPartOf":{"@id":"https:\/\/redmediterranea.com\/index.php\/2024\/08\/05\/lucas-ibanez-y-martin-bravo-premiados-en-chile\/"},"author":{"name":"Red Mediterr\u00e1nea","@id":"https:\/\/redmediterranea.com\/#\/schema\/person\/a59f6085115b75a865fb0338fe81d577"},"headline":"Lucas Ib\u00e1\u00f1ez y Mart\u00edn Bravo premiados en Chile.","datePublished":"2024-08-05T03:28:23+00:00","dateModified":"2024-08-05T03:28:24+00:00","mainEntityOfPage":{"@id":"https:\/\/redmediterranea.com\/index.php\/2024\/08\/05\/lucas-ibanez-y-martin-bravo-premiados-en-chile\/"},"wordCount":198,"commentCount":0,"publisher":{"@id":"https:\/\/redmediterranea.com\/#organization"},"image":{"@id":"https:\/\/redmediterranea.com\/index.php\/2024\/08\/05\/lucas-ibanez-y-martin-bravo-premiados-en-chile\/#primaryimage"},"thumbnailUrl":"https:\/\/redmediterranea.com\/wp-content\/uploads\/2024\/08\/WhatsApp-Image-2024-08-04-at-8.18.50-PM.jpeg","keywords":["Chile","Lucas Iba\u00f1ez","Mart\u00edn Bravo","Premio"],"articleSection":["Cultura","Locales","M\u00fasica","Quilino"],"inLanguage":"es","potentialAction":[{"@type":"CommentAction","name":"Comment","target":["https:\/\/redmediterranea.com\/index.php\/2024\/08\/05\/lucas-ibanez-y-martin-bravo-premiados-en-chile\/#respond"]}]},{"@type":"WebPage","@id":"https:\/\/redmediterranea.com\/index.php\/2024\/08\/05\/lucas-ibanez-y-martin-bravo-premiados-en-chile\/","url":"https:\/\/redmediterranea.com\/index.php\/2024\/08\/05\/lucas-ibanez-y-martin-bravo-premiados-en-chile\/","name":"Lucas Ib\u00e1\u00f1ez y Mart\u00edn Bravo premiados en Chile. &#8212; Red Mediterr\u00e1nea","isPartOf":{"@id":"https:\/\/redmediterranea.com\/#website"},"primaryImageOfPage":{"@id":"https:\/\/redmediterranea.com\/index.php\/2024\/08\/05\/lucas-ibanez-y-martin-bravo-premiados-en-chile\/#primaryimage"},"image":{"@id":"https:\/\/redmediterranea.com\/index.php\/2024\/08\/05\/lucas-ibanez-y-martin-bravo-premiados-en-chile\/#primaryimage"},"thumbnailUrl":"https:\/\/redmediterranea.com\/wp-content\/uploads\/2024\/08\/WhatsApp-Image-2024-08-04-at-8.18.50-PM.jpeg","datePublished":"2024-08-05T03:28:23+00:00","dateModified":"2024-08-05T03:28:24+00:00","breadcrumb":{"@id":"https:\/\/redmediterranea.com\/index.php\/2024\/08\/05\/lucas-ibanez-y-martin-bravo-premiados-en-chile\/#breadcrumb"},"inLanguage":"es","potentialAction":[{"@type":"ReadAction","target":["https:\/\/redmediterranea.com\/index.php\/2024\/08\/05\/lucas-ibanez-y-martin-bravo-premiados-en-chile\/"]}]},{"@type":"ImageObject","inLanguage":"es","@id":"https:\/\/redmediterranea.com\/index.php\/2024\/08\/05\/lucas-ibanez-y-martin-bravo-premiados-en-chile\/#primaryimage","url":"https:\/\/redmediterranea.com\/wp-content\/uploads\/2024\/08\/WhatsApp-Image-2024-08-04-at-8.18.50-PM.jpeg","contentUrl":"https:\/\/redmediterranea.com\/wp-content\/uploads\/2024\/08\/WhatsApp-Image-2024-08-04-at-8.18.50-PM.jpeg","width":904,"height":1008},{"@type":"BreadcrumbList","@id":"https:\/\/redmediterranea.com\/index.php\/2024\/08\/05\/lucas-ibanez-y-martin-bravo-premiados-en-chile\/#breadcrumb","itemListElement":[{"@type":"ListItem","position":1,"name":"Portada","item":"https:\/\/redmediterranea.com\/"},{"@type":"ListItem","position":2,"name":"Lucas Ib\u00e1\u00f1ez y Mart\u00edn Bravo premiados en Chile."}]},{"@type":"WebSite","@id":"https:\/\/redmediterranea.com\/#website","url":"https:\/\/redmediterranea.com\/","name":"Red Mediterr\u00e1nea","description":"Noticias de De\u00e1n Funes","publisher":{"@id":"https:\/\/redmediterranea.com\/#organization"},"potentialAction":[{"@type":"SearchAction","target":{"@type":"EntryPoint","urlTemplate":"https:\/\/redmediterranea.com\/?s={search_term_string}"},"query-input":{"@type":"PropertyValueSpecification","valueRequired":true,"valueName":"search_term_string"}}],"inLanguage":"es"},{"@type":"Organization","@id":"https:\/\/redmediterranea.com\/#organization","name":"Red Mediterr\u00e1nea","url":"https:\/\/redmediterranea.com\/","logo":{"@type":"ImageObject","inLanguage":"es","@id":"https:\/\/redmediterranea.com\/#\/schema\/logo\/image\/","url":"https:\/\/redmediterranea.com\/wp-content\/uploads\/2021\/09\/red.png","contentUrl":"https:\/\/redmediterranea.com\/wp-content\/uploads\/2021\/09\/red.png","width":400,"height":260,"caption":"Red Mediterr\u00e1nea"},"image":{"@id":"https:\/\/redmediterranea.com\/#\/schema\/logo\/image\/"},"sameAs":["https:\/\/www.facebook.com\/redmediterranea.net","https:\/\/www.youtube.com\/channel\/UCvm4ojIMOGKnk5v9TsWnFWQ"]},{"@type":"Person","@id":"https:\/\/redmediterranea.com\/#\/schema\/person\/a59f6085115b75a865fb0338fe81d577","name":"Red Mediterr\u00e1nea","image":{"@type":"ImageObject","inLanguage":"es","@id":"https:\/\/redmediterranea.com\/wp-content\/litespeed\/avatar\/1a3770c806a5dd31cb05580dd57bedd6.jpg?ver=1777231671","url":"https:\/\/redmediterranea.com\/wp-content\/litespeed\/avatar\/1a3770c806a5dd31cb05580dd57bedd6.jpg?ver=1777231671","contentUrl":"https:\/\/redmediterranea.com\/wp-content\/litespeed\/avatar\/1a3770c806a5dd31cb05580dd57bedd6.jpg?ver=1777231671","caption":"Red Mediterr\u00e1nea"},"sameAs":["http:\/\/redmediterranea.com"],"url":"https:\/\/redmediterranea.com\/index.php\/author\/hg-hatecraft\/"}]}},"_links":{"self":[{"href":"https:\/\/redmediterranea.com\/index.php\/wp-json\/wp\/v2\/posts\/11631","targetHints":{"allow":["GET"]}}],"collection":[{"href":"https:\/\/redmediterranea.com\/index.php\/wp-json\/wp\/v2\/posts"}],"about":[{"href":"https:\/\/redmediterranea.com\/index.php\/wp-json\/wp\/v2\/types\/post"}],"author":[{"embeddable":true,"href":"https:\/\/redmediterranea.com\/index.php\/wp-json\/wp\/v2\/users\/1"}],"replies":[{"embeddable":true,"href":"https:\/\/redmediterranea.com\/index.php\/wp-json\/wp\/v2\/comments?post=11631"}],"version-history":[{"count":1,"href":"https:\/\/redmediterranea.com\/index.php\/wp-json\/wp\/v2\/posts\/11631\/revisions"}],"predecessor-version":[{"id":11633,"href":"https:\/\/redmediterranea.com\/index.php\/wp-json\/wp\/v2\/posts\/11631\/revisions\/11633"}],"wp:featuredmedia":[{"embeddable":true,"href":"https:\/\/redmediterranea.com\/index.php\/wp-json\/wp\/v2\/media\/11632"}],"wp:attachment":[{"href":"https:\/\/redmediterranea.com\/index.php\/wp-json\/wp\/v2\/media?parent=11631"}],"wp:term":[{"taxonomy":"category","embeddable":true,"href":"https:\/\/redmediterranea.com\/index.php\/wp-json\/wp\/v2\/categories?post=11631"},{"taxonomy":"post_tag","embeddable":true,"href":"https:\/\/redmediterranea.com\/index.php\/wp-json\/wp\/v2\/tags?post=11631"}],"curies":[{"name":"wp","href":"https:\/\/api.w.org\/{rel}","templated":true}]}}