{"id":11495,"date":"2024-07-25T14:38:01","date_gmt":"2024-07-25T14:38:01","guid":{"rendered":"https:\/\/redmediterranea.com\/?p=11495"},"modified":"2024-07-25T14:38:01","modified_gmt":"2024-07-25T14:38:01","slug":"nueva-formacion-docente-tecno-presente-infraestructura-tecnologica-diagnostico-y-soluciones","status":"publish","type":"post","link":"https:\/\/redmediterranea.com\/index.php\/2024\/07\/25\/nueva-formacion-docente-tecno-presente-infraestructura-tecnologica-diagnostico-y-soluciones\/","title":{"rendered":"Nueva formaci\u00f3n docente: \u00abTecno Presente: Infraestructura Tecnol\u00f3gica Diagn\u00f3stico y Soluciones\u00bb"},"content":{"rendered":"\n<p>La Secretar\u00eda de Innovaci\u00f3n, Desarrollo Profesional y Tecnolog\u00edas en Educaci\u00f3n, a trav\u00e9s de la Subdirecci\u00f3n de Infraestructura Tecnol\u00f3gica y Conectividad dependiente de la Direcci\u00f3n de Tecnolog\u00eda en la Educaci\u00f3n, invita a docentes de educaci\u00f3n primaria, secundaria y superior, a participar del curso de formaci\u00f3n docente&nbsp;<strong>\u201cTecno Presente: Infraestructura Tecnol\u00f3gica. Diagn\u00f3stico y Soluciones\u201d.<\/strong><\/p>\n\n\n\n<p>Una propuesta que tiene por objetivo potenciar los conocimientos t\u00e9cnicos de las y los docentes que deseen colaborar en la resoluci\u00f3n de situaciones problem\u00e1ticas relacionadas con la conectividad, uso y configuraci\u00f3n de equipamiento y del correo institucional.<\/p>\n\n\n\n<p>En ese sentido, el curso aborda aspectos b\u00e1sicos sobre conectividad en entornos escolares y proporciona los conocimientos necesarios para identificar y solucionar problemas comunes de conexi\u00f3n a internet y redes locales en los establecimientos.<\/p>\n\n\n\n<p>Adem\u00e1s, capacita al personal docente en tareas sencillas de mantenimiento de software, lo que les permitir\u00e1 asegurar el correcto funcionamiento y la seguridad de los dispositivos. Tambi\u00e9n les brinda los conocimientos necesarios para evaluar el estado y las caracter\u00edsticas de los equipos tecnol\u00f3gicos comunicacionales con los que cuenta la instituci\u00f3n.<\/p>\n\n\n\n<p>A su vez, repasa cu\u00e1les son los procedimientos adecuados para gestionar incidencias tecnol\u00f3gicas y los elementos que deben incluir los informes y pedidos de soporte t\u00e9cnico.<\/p>\n\n\n\n<p>Otro aspecto importante que se aborda en este curso son las herramientas ofrecidas para gestionar el correo institucional (Office 365); elementos \u00fatiles para mejorar la comunicaci\u00f3n y colaboraci\u00f3n entre el equipo docente y el personal administrativo.<\/p>\n\n\n\n<p>Esta propuesta, que comienza el 1 de agosto y finaliza el 11 de septiembre, tendr\u00e1 una modalidad de cursado a distancia que consta de 3 encuentros sincr\u00f3nicos obligatorios de 1 hora de duraci\u00f3n.<\/p>\n\n\n\n<p>Quienes aprueben obtendr\u00e1n una certificaci\u00f3n de 50 horas en la Red Provincial de Formaci\u00f3n Docente Continua.<\/p>\n","protected":false},"excerpt":{"rendered":"<p>La Secretar\u00eda de Innovaci\u00f3n, Desarrollo Profesional y Tecnolog\u00edas en Educaci\u00f3n, a trav\u00e9s de la Subdirecci\u00f3n de Infraestructura Tecnol\u00f3gica y Conectividad dependiente de la Direcci\u00f3n de Tecnolog\u00eda en la Educaci\u00f3n, invita a docentes de educaci\u00f3n primaria, secundaria y superior, a participar del curso de formaci\u00f3n docente&nbsp;\u201cTecno Presente: Infraestructura Tecnol\u00f3gica. Diagn\u00f3stico y Soluciones\u201d. Una propuesta que tiene [&hellip;]<\/p>\n","protected":false},"author":1,"featured_media":11496,"comment_status":"open","ping_status":"open","sticky":false,"template":"","format":"standard","meta":{"footnotes":""},"categories":[95],"tags":[],"class_list":{"0":"post-11495","1":"post","2":"type-post","3":"status-publish","4":"format-standard","5":"has-post-thumbnail","7":"category-educacion"},"yoast_head":"<!-- This site is optimized with the Yoast SEO plugin v27.4 - https:\/\/yoast.com\/product\/yoast-seo-wordpress\/ -->\n<title>Nueva formaci\u00f3n docente: \u00abTecno Presente: Infraestructura Tecnol\u00f3gica Diagn\u00f3stico y Soluciones\u00bb &#8212; Red Mediterr\u00e1nea<\/title>\n<meta name=\"robots\" content=\"index, follow, max-snippet:-1, max-image-preview:large, max-video-preview:-1\" \/>\n<link rel=\"canonical\" href=\"https:\/\/redmediterranea.com\/index.php\/2024\/07\/25\/nueva-formacion-docente-tecno-presente-infraestructura-tecnologica-diagnostico-y-soluciones\/\" \/>\n<meta property=\"og:locale\" content=\"es_ES\" \/>\n<meta property=\"og:type\" content=\"article\" \/>\n<meta property=\"og:title\" content=\"Nueva formaci\u00f3n docente: \u00abTecno Presente: Infraestructura Tecnol\u00f3gica Diagn\u00f3stico y Soluciones\u00bb &#8212; Red Mediterr\u00e1nea\" \/>\n<meta property=\"og:description\" content=\"La Secretar\u00eda de Innovaci\u00f3n, Desarrollo Profesional y Tecnolog\u00edas en Educaci\u00f3n, a trav\u00e9s de la Subdirecci\u00f3n de Infraestructura Tecnol\u00f3gica y Conectividad dependiente de la Direcci\u00f3n de Tecnolog\u00eda en la Educaci\u00f3n, invita a docentes de educaci\u00f3n primaria, secundaria y superior, a participar del curso de formaci\u00f3n docente&nbsp;\u201cTecno Presente: Infraestructura Tecnol\u00f3gica. Diagn\u00f3stico y Soluciones\u201d. Una propuesta que tiene [&hellip;]\" \/>\n<meta property=\"og:url\" content=\"https:\/\/redmediterranea.com\/index.php\/2024\/07\/25\/nueva-formacion-docente-tecno-presente-infraestructura-tecnologica-diagnostico-y-soluciones\/\" \/>\n<meta property=\"og:site_name\" content=\"Red Mediterr\u00e1nea\" \/>\n<meta property=\"article:publisher\" content=\"https:\/\/www.facebook.com\/redmediterranea.net\" \/>\n<meta property=\"article:published_time\" content=\"2024-07-25T14:38:01+00:00\" \/>\n<meta property=\"og:image\" content=\"http:\/\/redmediterranea.com\/wp-content\/uploads\/2024\/07\/formacion-docente.png\" \/>\n\t<meta property=\"og:image:width\" content=\"990\" \/>\n\t<meta property=\"og:image:height\" content=\"660\" \/>\n\t<meta property=\"og:image:type\" content=\"image\/png\" \/>\n<meta name=\"author\" content=\"Red Mediterr\u00e1nea\" \/>\n<meta name=\"twitter:card\" content=\"summary_large_image\" \/>\n<meta name=\"twitter:label1\" content=\"Escrito por\" \/>\n\t<meta name=\"twitter:data1\" content=\"Red Mediterr\u00e1nea\" \/>\n\t<meta name=\"twitter:label2\" content=\"Tiempo de lectura\" \/>\n\t<meta name=\"twitter:data2\" content=\"2 minutos\" \/>\n<script type=\"application\/ld+json\" class=\"yoast-schema-graph\">{\"@context\":\"https:\\\/\\\/schema.org\",\"@graph\":[{\"@type\":\"Article\",\"@id\":\"https:\\\/\\\/redmediterranea.com\\\/index.php\\\/2024\\\/07\\\/25\\\/nueva-formacion-docente-tecno-presente-infraestructura-tecnologica-diagnostico-y-soluciones\\\/#article\",\"isPartOf\":{\"@id\":\"https:\\\/\\\/redmediterranea.com\\\/index.php\\\/2024\\\/07\\\/25\\\/nueva-formacion-docente-tecno-presente-infraestructura-tecnologica-diagnostico-y-soluciones\\\/\"},\"author\":{\"name\":\"Red Mediterr\u00e1nea\",\"@id\":\"https:\\\/\\\/redmediterranea.com\\\/#\\\/schema\\\/person\\\/a59f6085115b75a865fb0338fe81d577\"},\"headline\":\"Nueva formaci\u00f3n docente: \u00abTecno Presente: Infraestructura Tecnol\u00f3gica Diagn\u00f3stico y Soluciones\u00bb\",\"datePublished\":\"2024-07-25T14:38:01+00:00\",\"mainEntityOfPage\":{\"@id\":\"https:\\\/\\\/redmediterranea.com\\\/index.php\\\/2024\\\/07\\\/25\\\/nueva-formacion-docente-tecno-presente-infraestructura-tecnologica-diagnostico-y-soluciones\\\/\"},\"wordCount\":327,\"commentCount\":0,\"publisher\":{\"@id\":\"https:\\\/\\\/redmediterranea.com\\\/#organization\"},\"image\":{\"@id\":\"https:\\\/\\\/redmediterranea.com\\\/index.php\\\/2024\\\/07\\\/25\\\/nueva-formacion-docente-tecno-presente-infraestructura-tecnologica-diagnostico-y-soluciones\\\/#primaryimage\"},\"thumbnailUrl\":\"https:\\\/\\\/redmediterranea.com\\\/wp-content\\\/uploads\\\/2024\\\/07\\\/formacion-docente.png\",\"articleSection\":[\"Educaci\u00f3n\"],\"inLanguage\":\"es\",\"potentialAction\":[{\"@type\":\"CommentAction\",\"name\":\"Comment\",\"target\":[\"https:\\\/\\\/redmediterranea.com\\\/index.php\\\/2024\\\/07\\\/25\\\/nueva-formacion-docente-tecno-presente-infraestructura-tecnologica-diagnostico-y-soluciones\\\/#respond\"]}]},{\"@type\":\"WebPage\",\"@id\":\"https:\\\/\\\/redmediterranea.com\\\/index.php\\\/2024\\\/07\\\/25\\\/nueva-formacion-docente-tecno-presente-infraestructura-tecnologica-diagnostico-y-soluciones\\\/\",\"url\":\"https:\\\/\\\/redmediterranea.com\\\/index.php\\\/2024\\\/07\\\/25\\\/nueva-formacion-docente-tecno-presente-infraestructura-tecnologica-diagnostico-y-soluciones\\\/\",\"name\":\"Nueva formaci\u00f3n docente: \u00abTecno Presente: Infraestructura Tecnol\u00f3gica Diagn\u00f3stico y Soluciones\u00bb &#8212; Red Mediterr\u00e1nea\",\"isPartOf\":{\"@id\":\"https:\\\/\\\/redmediterranea.com\\\/#website\"},\"primaryImageOfPage\":{\"@id\":\"https:\\\/\\\/redmediterranea.com\\\/index.php\\\/2024\\\/07\\\/25\\\/nueva-formacion-docente-tecno-presente-infraestructura-tecnologica-diagnostico-y-soluciones\\\/#primaryimage\"},\"image\":{\"@id\":\"https:\\\/\\\/redmediterranea.com\\\/index.php\\\/2024\\\/07\\\/25\\\/nueva-formacion-docente-tecno-presente-infraestructura-tecnologica-diagnostico-y-soluciones\\\/#primaryimage\"},\"thumbnailUrl\":\"https:\\\/\\\/redmediterranea.com\\\/wp-content\\\/uploads\\\/2024\\\/07\\\/formacion-docente.png\",\"datePublished\":\"2024-07-25T14:38:01+00:00\",\"breadcrumb\":{\"@id\":\"https:\\\/\\\/redmediterranea.com\\\/index.php\\\/2024\\\/07\\\/25\\\/nueva-formacion-docente-tecno-presente-infraestructura-tecnologica-diagnostico-y-soluciones\\\/#breadcrumb\"},\"inLanguage\":\"es\",\"potentialAction\":[{\"@type\":\"ReadAction\",\"target\":[\"https:\\\/\\\/redmediterranea.com\\\/index.php\\\/2024\\\/07\\\/25\\\/nueva-formacion-docente-tecno-presente-infraestructura-tecnologica-diagnostico-y-soluciones\\\/\"]}]},{\"@type\":\"ImageObject\",\"inLanguage\":\"es\",\"@id\":\"https:\\\/\\\/redmediterranea.com\\\/index.php\\\/2024\\\/07\\\/25\\\/nueva-formacion-docente-tecno-presente-infraestructura-tecnologica-diagnostico-y-soluciones\\\/#primaryimage\",\"url\":\"https:\\\/\\\/redmediterranea.com\\\/wp-content\\\/uploads\\\/2024\\\/07\\\/formacion-docente.png\",\"contentUrl\":\"https:\\\/\\\/redmediterranea.com\\\/wp-content\\\/uploads\\\/2024\\\/07\\\/formacion-docente.png\",\"width\":990,\"height\":660},{\"@type\":\"BreadcrumbList\",\"@id\":\"https:\\\/\\\/redmediterranea.com\\\/index.php\\\/2024\\\/07\\\/25\\\/nueva-formacion-docente-tecno-presente-infraestructura-tecnologica-diagnostico-y-soluciones\\\/#breadcrumb\",\"itemListElement\":[{\"@type\":\"ListItem\",\"position\":1,\"name\":\"Portada\",\"item\":\"https:\\\/\\\/redmediterranea.com\\\/\"},{\"@type\":\"ListItem\",\"position\":2,\"name\":\"Nueva formaci\u00f3n docente: \u00abTecno Presente: Infraestructura Tecnol\u00f3gica Diagn\u00f3stico y Soluciones\u00bb\"}]},{\"@type\":\"WebSite\",\"@id\":\"https:\\\/\\\/redmediterranea.com\\\/#website\",\"url\":\"https:\\\/\\\/redmediterranea.com\\\/\",\"name\":\"Red Mediterr\u00e1nea\",\"description\":\"Noticias de De\u00e1n Funes\",\"publisher\":{\"@id\":\"https:\\\/\\\/redmediterranea.com\\\/#organization\"},\"potentialAction\":[{\"@type\":\"SearchAction\",\"target\":{\"@type\":\"EntryPoint\",\"urlTemplate\":\"https:\\\/\\\/redmediterranea.com\\\/?s={search_term_string}\"},\"query-input\":{\"@type\":\"PropertyValueSpecification\",\"valueRequired\":true,\"valueName\":\"search_term_string\"}}],\"inLanguage\":\"es\"},{\"@type\":\"Organization\",\"@id\":\"https:\\\/\\\/redmediterranea.com\\\/#organization\",\"name\":\"Red Mediterr\u00e1nea\",\"url\":\"https:\\\/\\\/redmediterranea.com\\\/\",\"logo\":{\"@type\":\"ImageObject\",\"inLanguage\":\"es\",\"@id\":\"https:\\\/\\\/redmediterranea.com\\\/#\\\/schema\\\/logo\\\/image\\\/\",\"url\":\"https:\\\/\\\/redmediterranea.com\\\/wp-content\\\/uploads\\\/2021\\\/09\\\/red.png\",\"contentUrl\":\"https:\\\/\\\/redmediterranea.com\\\/wp-content\\\/uploads\\\/2021\\\/09\\\/red.png\",\"width\":400,\"height\":260,\"caption\":\"Red Mediterr\u00e1nea\"},\"image\":{\"@id\":\"https:\\\/\\\/redmediterranea.com\\\/#\\\/schema\\\/logo\\\/image\\\/\"},\"sameAs\":[\"https:\\\/\\\/www.facebook.com\\\/redmediterranea.net\",\"https:\\\/\\\/www.youtube.com\\\/channel\\\/UCvm4ojIMOGKnk5v9TsWnFWQ\"]},{\"@type\":\"Person\",\"@id\":\"https:\\\/\\\/redmediterranea.com\\\/#\\\/schema\\\/person\\\/a59f6085115b75a865fb0338fe81d577\",\"name\":\"Red Mediterr\u00e1nea\",\"image\":{\"@type\":\"ImageObject\",\"inLanguage\":\"es\",\"@id\":\"https:\\\/\\\/redmediterranea.com\\\/wp-content\\\/litespeed\\\/avatar\\\/1a3770c806a5dd31cb05580dd57bedd6.jpg?ver=1777231671\",\"url\":\"https:\\\/\\\/redmediterranea.com\\\/wp-content\\\/litespeed\\\/avatar\\\/1a3770c806a5dd31cb05580dd57bedd6.jpg?ver=1777231671\",\"contentUrl\":\"https:\\\/\\\/redmediterranea.com\\\/wp-content\\\/litespeed\\\/avatar\\\/1a3770c806a5dd31cb05580dd57bedd6.jpg?ver=1777231671\",\"caption\":\"Red Mediterr\u00e1nea\"},\"sameAs\":[\"http:\\\/\\\/redmediterranea.com\"],\"url\":\"https:\\\/\\\/redmediterranea.com\\\/index.php\\\/author\\\/hg-hatecraft\\\/\"}]}<\/script>\n<!-- \/ Yoast SEO plugin. -->","yoast_head_json":{"title":"Nueva formaci\u00f3n docente: \u00abTecno Presente: Infraestructura Tecnol\u00f3gica Diagn\u00f3stico y Soluciones\u00bb &#8212; Red Mediterr\u00e1nea","robots":{"index":"index","follow":"follow","max-snippet":"max-snippet:-1","max-image-preview":"max-image-preview:large","max-video-preview":"max-video-preview:-1"},"canonical":"https:\/\/redmediterranea.com\/index.php\/2024\/07\/25\/nueva-formacion-docente-tecno-presente-infraestructura-tecnologica-diagnostico-y-soluciones\/","og_locale":"es_ES","og_type":"article","og_title":"Nueva formaci\u00f3n docente: \u00abTecno Presente: Infraestructura Tecnol\u00f3gica Diagn\u00f3stico y Soluciones\u00bb &#8212; Red Mediterr\u00e1nea","og_description":"La Secretar\u00eda de Innovaci\u00f3n, Desarrollo Profesional y Tecnolog\u00edas en Educaci\u00f3n, a trav\u00e9s de la Subdirecci\u00f3n de Infraestructura Tecnol\u00f3gica y Conectividad dependiente de la Direcci\u00f3n de Tecnolog\u00eda en la Educaci\u00f3n, invita a docentes de educaci\u00f3n primaria, secundaria y superior, a participar del curso de formaci\u00f3n docente&nbsp;\u201cTecno Presente: Infraestructura Tecnol\u00f3gica. Diagn\u00f3stico y Soluciones\u201d. Una propuesta que tiene [&hellip;]","og_url":"https:\/\/redmediterranea.com\/index.php\/2024\/07\/25\/nueva-formacion-docente-tecno-presente-infraestructura-tecnologica-diagnostico-y-soluciones\/","og_site_name":"Red Mediterr\u00e1nea","article_publisher":"https:\/\/www.facebook.com\/redmediterranea.net","article_published_time":"2024-07-25T14:38:01+00:00","og_image":[{"width":990,"height":660,"url":"http:\/\/redmediterranea.com\/wp-content\/uploads\/2024\/07\/formacion-docente.png","type":"image\/png"}],"author":"Red Mediterr\u00e1nea","twitter_card":"summary_large_image","twitter_misc":{"Escrito por":"Red Mediterr\u00e1nea","Tiempo de lectura":"2 minutos"},"schema":{"@context":"https:\/\/schema.org","@graph":[{"@type":"Article","@id":"https:\/\/redmediterranea.com\/index.php\/2024\/07\/25\/nueva-formacion-docente-tecno-presente-infraestructura-tecnologica-diagnostico-y-soluciones\/#article","isPartOf":{"@id":"https:\/\/redmediterranea.com\/index.php\/2024\/07\/25\/nueva-formacion-docente-tecno-presente-infraestructura-tecnologica-diagnostico-y-soluciones\/"},"author":{"name":"Red Mediterr\u00e1nea","@id":"https:\/\/redmediterranea.com\/#\/schema\/person\/a59f6085115b75a865fb0338fe81d577"},"headline":"Nueva formaci\u00f3n docente: \u00abTecno Presente: Infraestructura Tecnol\u00f3gica Diagn\u00f3stico y Soluciones\u00bb","datePublished":"2024-07-25T14:38:01+00:00","mainEntityOfPage":{"@id":"https:\/\/redmediterranea.com\/index.php\/2024\/07\/25\/nueva-formacion-docente-tecno-presente-infraestructura-tecnologica-diagnostico-y-soluciones\/"},"wordCount":327,"commentCount":0,"publisher":{"@id":"https:\/\/redmediterranea.com\/#organization"},"image":{"@id":"https:\/\/redmediterranea.com\/index.php\/2024\/07\/25\/nueva-formacion-docente-tecno-presente-infraestructura-tecnologica-diagnostico-y-soluciones\/#primaryimage"},"thumbnailUrl":"https:\/\/redmediterranea.com\/wp-content\/uploads\/2024\/07\/formacion-docente.png","articleSection":["Educaci\u00f3n"],"inLanguage":"es","potentialAction":[{"@type":"CommentAction","name":"Comment","target":["https:\/\/redmediterranea.com\/index.php\/2024\/07\/25\/nueva-formacion-docente-tecno-presente-infraestructura-tecnologica-diagnostico-y-soluciones\/#respond"]}]},{"@type":"WebPage","@id":"https:\/\/redmediterranea.com\/index.php\/2024\/07\/25\/nueva-formacion-docente-tecno-presente-infraestructura-tecnologica-diagnostico-y-soluciones\/","url":"https:\/\/redmediterranea.com\/index.php\/2024\/07\/25\/nueva-formacion-docente-tecno-presente-infraestructura-tecnologica-diagnostico-y-soluciones\/","name":"Nueva formaci\u00f3n docente: \u00abTecno Presente: Infraestructura Tecnol\u00f3gica Diagn\u00f3stico y Soluciones\u00bb &#8212; Red Mediterr\u00e1nea","isPartOf":{"@id":"https:\/\/redmediterranea.com\/#website"},"primaryImageOfPage":{"@id":"https:\/\/redmediterranea.com\/index.php\/2024\/07\/25\/nueva-formacion-docente-tecno-presente-infraestructura-tecnologica-diagnostico-y-soluciones\/#primaryimage"},"image":{"@id":"https:\/\/redmediterranea.com\/index.php\/2024\/07\/25\/nueva-formacion-docente-tecno-presente-infraestructura-tecnologica-diagnostico-y-soluciones\/#primaryimage"},"thumbnailUrl":"https:\/\/redmediterranea.com\/wp-content\/uploads\/2024\/07\/formacion-docente.png","datePublished":"2024-07-25T14:38:01+00:00","breadcrumb":{"@id":"https:\/\/redmediterranea.com\/index.php\/2024\/07\/25\/nueva-formacion-docente-tecno-presente-infraestructura-tecnologica-diagnostico-y-soluciones\/#breadcrumb"},"inLanguage":"es","potentialAction":[{"@type":"ReadAction","target":["https:\/\/redmediterranea.com\/index.php\/2024\/07\/25\/nueva-formacion-docente-tecno-presente-infraestructura-tecnologica-diagnostico-y-soluciones\/"]}]},{"@type":"ImageObject","inLanguage":"es","@id":"https:\/\/redmediterranea.com\/index.php\/2024\/07\/25\/nueva-formacion-docente-tecno-presente-infraestructura-tecnologica-diagnostico-y-soluciones\/#primaryimage","url":"https:\/\/redmediterranea.com\/wp-content\/uploads\/2024\/07\/formacion-docente.png","contentUrl":"https:\/\/redmediterranea.com\/wp-content\/uploads\/2024\/07\/formacion-docente.png","width":990,"height":660},{"@type":"BreadcrumbList","@id":"https:\/\/redmediterranea.com\/index.php\/2024\/07\/25\/nueva-formacion-docente-tecno-presente-infraestructura-tecnologica-diagnostico-y-soluciones\/#breadcrumb","itemListElement":[{"@type":"ListItem","position":1,"name":"Portada","item":"https:\/\/redmediterranea.com\/"},{"@type":"ListItem","position":2,"name":"Nueva formaci\u00f3n docente: \u00abTecno Presente: Infraestructura Tecnol\u00f3gica Diagn\u00f3stico y Soluciones\u00bb"}]},{"@type":"WebSite","@id":"https:\/\/redmediterranea.com\/#website","url":"https:\/\/redmediterranea.com\/","name":"Red Mediterr\u00e1nea","description":"Noticias de De\u00e1n Funes","publisher":{"@id":"https:\/\/redmediterranea.com\/#organization"},"potentialAction":[{"@type":"SearchAction","target":{"@type":"EntryPoint","urlTemplate":"https:\/\/redmediterranea.com\/?s={search_term_string}"},"query-input":{"@type":"PropertyValueSpecification","valueRequired":true,"valueName":"search_term_string"}}],"inLanguage":"es"},{"@type":"Organization","@id":"https:\/\/redmediterranea.com\/#organization","name":"Red Mediterr\u00e1nea","url":"https:\/\/redmediterranea.com\/","logo":{"@type":"ImageObject","inLanguage":"es","@id":"https:\/\/redmediterranea.com\/#\/schema\/logo\/image\/","url":"https:\/\/redmediterranea.com\/wp-content\/uploads\/2021\/09\/red.png","contentUrl":"https:\/\/redmediterranea.com\/wp-content\/uploads\/2021\/09\/red.png","width":400,"height":260,"caption":"Red Mediterr\u00e1nea"},"image":{"@id":"https:\/\/redmediterranea.com\/#\/schema\/logo\/image\/"},"sameAs":["https:\/\/www.facebook.com\/redmediterranea.net","https:\/\/www.youtube.com\/channel\/UCvm4ojIMOGKnk5v9TsWnFWQ"]},{"@type":"Person","@id":"https:\/\/redmediterranea.com\/#\/schema\/person\/a59f6085115b75a865fb0338fe81d577","name":"Red Mediterr\u00e1nea","image":{"@type":"ImageObject","inLanguage":"es","@id":"https:\/\/redmediterranea.com\/wp-content\/litespeed\/avatar\/1a3770c806a5dd31cb05580dd57bedd6.jpg?ver=1777231671","url":"https:\/\/redmediterranea.com\/wp-content\/litespeed\/avatar\/1a3770c806a5dd31cb05580dd57bedd6.jpg?ver=1777231671","contentUrl":"https:\/\/redmediterranea.com\/wp-content\/litespeed\/avatar\/1a3770c806a5dd31cb05580dd57bedd6.jpg?ver=1777231671","caption":"Red Mediterr\u00e1nea"},"sameAs":["http:\/\/redmediterranea.com"],"url":"https:\/\/redmediterranea.com\/index.php\/author\/hg-hatecraft\/"}]}},"_links":{"self":[{"href":"https:\/\/redmediterranea.com\/index.php\/wp-json\/wp\/v2\/posts\/11495","targetHints":{"allow":["GET"]}}],"collection":[{"href":"https:\/\/redmediterranea.com\/index.php\/wp-json\/wp\/v2\/posts"}],"about":[{"href":"https:\/\/redmediterranea.com\/index.php\/wp-json\/wp\/v2\/types\/post"}],"author":[{"embeddable":true,"href":"https:\/\/redmediterranea.com\/index.php\/wp-json\/wp\/v2\/users\/1"}],"replies":[{"embeddable":true,"href":"https:\/\/redmediterranea.com\/index.php\/wp-json\/wp\/v2\/comments?post=11495"}],"version-history":[{"count":1,"href":"https:\/\/redmediterranea.com\/index.php\/wp-json\/wp\/v2\/posts\/11495\/revisions"}],"predecessor-version":[{"id":11497,"href":"https:\/\/redmediterranea.com\/index.php\/wp-json\/wp\/v2\/posts\/11495\/revisions\/11497"}],"wp:featuredmedia":[{"embeddable":true,"href":"https:\/\/redmediterranea.com\/index.php\/wp-json\/wp\/v2\/media\/11496"}],"wp:attachment":[{"href":"https:\/\/redmediterranea.com\/index.php\/wp-json\/wp\/v2\/media?parent=11495"}],"wp:term":[{"taxonomy":"category","embeddable":true,"href":"https:\/\/redmediterranea.com\/index.php\/wp-json\/wp\/v2\/categories?post=11495"},{"taxonomy":"post_tag","embeddable":true,"href":"https:\/\/redmediterranea.com\/index.php\/wp-json\/wp\/v2\/tags?post=11495"}],"curies":[{"name":"wp","href":"https:\/\/api.w.org\/{rel}","templated":true}]}}