{"id":11386,"date":"2024-07-03T13:00:29","date_gmt":"2024-07-03T13:00:29","guid":{"rendered":"https:\/\/redmediterranea.com\/?p=11386"},"modified":"2024-07-03T13:00:30","modified_gmt":"2024-07-03T13:00:30","slug":"relevamiento-del-programa-de-escrituracion-gratuita-de-la-provincia-de-cordoba","status":"publish","type":"post","link":"https:\/\/redmediterranea.com\/index.php\/2024\/07\/03\/relevamiento-del-programa-de-escrituracion-gratuita-de-la-provincia-de-cordoba\/","title":{"rendered":"RELEVAMIENTO DEL PROGRAMA DE ESCRITURACION GRATUITA DE LA PROVINCIA DE C\u00d3RDOBA"},"content":{"rendered":"\n<figure class=\"wp-block-table\"><table><tbody><tr><td><\/td><\/tr><tr><td>El martes 2 de julio de 2024 se realiz\u00f3 en el Hogar de Ancianos Flia. Quinteros en Av. Argentina 701, el Relevamiento del Programa de Escrituraci\u00f3n Gratuita de la Provincia de los barrios 35 y 45 viviendas del Barrio Jos\u00e9 Hern\u00e1ndez, coordinado por la Secretaria de Desarrollo Social a cargo del Sr. Claudio Figueroa. Dicha trabajo les brindar\u00e1 la posibilidad de contar con la escritura de su propiedad, siendo una de las premisas del Gobierno Municipal, para el beneficio de nuestros vecinos. El pr\u00f3ximo jueves 4 de julio esta previsto continuar con los vecinos de la ampliaci\u00f3n Cerro del Sol en el sector este de la ciudad.<\/td><\/tr><\/tbody><\/table><\/figure>\n","protected":false},"excerpt":{"rendered":"<p>El martes 2 de julio de 2024 se realiz\u00f3 en el Hogar de Ancianos Flia. Quinteros en Av. Argentina 701, el Relevamiento del Programa de Escrituraci\u00f3n Gratuita de la Provincia de los barrios 35 y 45 viviendas del Barrio Jos\u00e9 Hern\u00e1ndez, coordinado por la Secretaria de Desarrollo Social a cargo del Sr. Claudio Figueroa. Dicha [&hellip;]<\/p>\n","protected":false},"author":1,"featured_media":11387,"comment_status":"open","ping_status":"open","sticky":false,"template":"","format":"standard","meta":{"footnotes":""},"categories":[4],"tags":[],"class_list":{"0":"post-11386","1":"post","2":"type-post","3":"status-publish","4":"format-standard","5":"has-post-thumbnail","7":"category-dean-funes"},"yoast_head":"<!-- This site is optimized with the Yoast SEO plugin v27.4 - https:\/\/yoast.com\/product\/yoast-seo-wordpress\/ -->\n<title>RELEVAMIENTO DEL PROGRAMA DE ESCRITURACION GRATUITA DE LA PROVINCIA DE C\u00d3RDOBA &#8212; Red Mediterr\u00e1nea<\/title>\n<meta name=\"robots\" content=\"index, follow, max-snippet:-1, max-image-preview:large, max-video-preview:-1\" \/>\n<link rel=\"canonical\" href=\"https:\/\/redmediterranea.com\/index.php\/2024\/07\/03\/relevamiento-del-programa-de-escrituracion-gratuita-de-la-provincia-de-cordoba\/\" \/>\n<meta property=\"og:locale\" content=\"es_ES\" \/>\n<meta property=\"og:type\" content=\"article\" \/>\n<meta property=\"og:title\" content=\"RELEVAMIENTO DEL PROGRAMA DE ESCRITURACION GRATUITA DE LA PROVINCIA DE C\u00d3RDOBA &#8212; Red Mediterr\u00e1nea\" \/>\n<meta property=\"og:description\" content=\"El martes 2 de julio de 2024 se realiz\u00f3 en el Hogar de Ancianos Flia. Quinteros en Av. Argentina 701, el Relevamiento del Programa de Escrituraci\u00f3n Gratuita de la Provincia de los barrios 35 y 45 viviendas del Barrio Jos\u00e9 Hern\u00e1ndez, coordinado por la Secretaria de Desarrollo Social a cargo del Sr. Claudio Figueroa. Dicha [&hellip;]\" \/>\n<meta property=\"og:url\" content=\"https:\/\/redmediterranea.com\/index.php\/2024\/07\/03\/relevamiento-del-programa-de-escrituracion-gratuita-de-la-provincia-de-cordoba\/\" \/>\n<meta property=\"og:site_name\" content=\"Red Mediterr\u00e1nea\" \/>\n<meta property=\"article:publisher\" content=\"https:\/\/www.facebook.com\/redmediterranea.net\" \/>\n<meta property=\"article:published_time\" content=\"2024-07-03T13:00:29+00:00\" \/>\n<meta property=\"article:modified_time\" content=\"2024-07-03T13:00:30+00:00\" \/>\n<meta property=\"og:image\" content=\"http:\/\/redmediterranea.com\/wp-content\/uploads\/2024\/07\/e20b72a6-28e9-4ae4-855a-bd9f81c6af7e.jpg\" \/>\n\t<meta property=\"og:image:width\" content=\"600\" \/>\n\t<meta property=\"og:image:height\" content=\"277\" \/>\n\t<meta property=\"og:image:type\" content=\"image\/jpeg\" \/>\n<meta name=\"author\" content=\"Red Mediterr\u00e1nea\" \/>\n<meta name=\"twitter:card\" content=\"summary_large_image\" \/>\n<meta name=\"twitter:label1\" content=\"Escrito por\" \/>\n\t<meta name=\"twitter:data1\" content=\"Red Mediterr\u00e1nea\" \/>\n\t<meta name=\"twitter:label2\" content=\"Tiempo de lectura\" \/>\n\t<meta name=\"twitter:data2\" content=\"1 minuto\" \/>\n<script type=\"application\/ld+json\" class=\"yoast-schema-graph\">{\"@context\":\"https:\\\/\\\/schema.org\",\"@graph\":[{\"@type\":\"Article\",\"@id\":\"https:\\\/\\\/redmediterranea.com\\\/index.php\\\/2024\\\/07\\\/03\\\/relevamiento-del-programa-de-escrituracion-gratuita-de-la-provincia-de-cordoba\\\/#article\",\"isPartOf\":{\"@id\":\"https:\\\/\\\/redmediterranea.com\\\/index.php\\\/2024\\\/07\\\/03\\\/relevamiento-del-programa-de-escrituracion-gratuita-de-la-provincia-de-cordoba\\\/\"},\"author\":{\"name\":\"Red Mediterr\u00e1nea\",\"@id\":\"https:\\\/\\\/redmediterranea.com\\\/#\\\/schema\\\/person\\\/a59f6085115b75a865fb0338fe81d577\"},\"headline\":\"RELEVAMIENTO DEL PROGRAMA DE ESCRITURACION GRATUITA DE LA PROVINCIA DE C\u00d3RDOBA\",\"datePublished\":\"2024-07-03T13:00:29+00:00\",\"dateModified\":\"2024-07-03T13:00:30+00:00\",\"mainEntityOfPage\":{\"@id\":\"https:\\\/\\\/redmediterranea.com\\\/index.php\\\/2024\\\/07\\\/03\\\/relevamiento-del-programa-de-escrituracion-gratuita-de-la-provincia-de-cordoba\\\/\"},\"wordCount\":117,\"commentCount\":0,\"publisher\":{\"@id\":\"https:\\\/\\\/redmediterranea.com\\\/#organization\"},\"image\":{\"@id\":\"https:\\\/\\\/redmediterranea.com\\\/index.php\\\/2024\\\/07\\\/03\\\/relevamiento-del-programa-de-escrituracion-gratuita-de-la-provincia-de-cordoba\\\/#primaryimage\"},\"thumbnailUrl\":\"https:\\\/\\\/redmediterranea.com\\\/wp-content\\\/uploads\\\/2024\\\/07\\\/e20b72a6-28e9-4ae4-855a-bd9f81c6af7e.jpg\",\"articleSection\":[\"De\u00e1n Funes\"],\"inLanguage\":\"es\",\"potentialAction\":[{\"@type\":\"CommentAction\",\"name\":\"Comment\",\"target\":[\"https:\\\/\\\/redmediterranea.com\\\/index.php\\\/2024\\\/07\\\/03\\\/relevamiento-del-programa-de-escrituracion-gratuita-de-la-provincia-de-cordoba\\\/#respond\"]}]},{\"@type\":\"WebPage\",\"@id\":\"https:\\\/\\\/redmediterranea.com\\\/index.php\\\/2024\\\/07\\\/03\\\/relevamiento-del-programa-de-escrituracion-gratuita-de-la-provincia-de-cordoba\\\/\",\"url\":\"https:\\\/\\\/redmediterranea.com\\\/index.php\\\/2024\\\/07\\\/03\\\/relevamiento-del-programa-de-escrituracion-gratuita-de-la-provincia-de-cordoba\\\/\",\"name\":\"RELEVAMIENTO DEL PROGRAMA DE ESCRITURACION GRATUITA DE LA PROVINCIA DE C\u00d3RDOBA &#8212; Red Mediterr\u00e1nea\",\"isPartOf\":{\"@id\":\"https:\\\/\\\/redmediterranea.com\\\/#website\"},\"primaryImageOfPage\":{\"@id\":\"https:\\\/\\\/redmediterranea.com\\\/index.php\\\/2024\\\/07\\\/03\\\/relevamiento-del-programa-de-escrituracion-gratuita-de-la-provincia-de-cordoba\\\/#primaryimage\"},\"image\":{\"@id\":\"https:\\\/\\\/redmediterranea.com\\\/index.php\\\/2024\\\/07\\\/03\\\/relevamiento-del-programa-de-escrituracion-gratuita-de-la-provincia-de-cordoba\\\/#primaryimage\"},\"thumbnailUrl\":\"https:\\\/\\\/redmediterranea.com\\\/wp-content\\\/uploads\\\/2024\\\/07\\\/e20b72a6-28e9-4ae4-855a-bd9f81c6af7e.jpg\",\"datePublished\":\"2024-07-03T13:00:29+00:00\",\"dateModified\":\"2024-07-03T13:00:30+00:00\",\"breadcrumb\":{\"@id\":\"https:\\\/\\\/redmediterranea.com\\\/index.php\\\/2024\\\/07\\\/03\\\/relevamiento-del-programa-de-escrituracion-gratuita-de-la-provincia-de-cordoba\\\/#breadcrumb\"},\"inLanguage\":\"es\",\"potentialAction\":[{\"@type\":\"ReadAction\",\"target\":[\"https:\\\/\\\/redmediterranea.com\\\/index.php\\\/2024\\\/07\\\/03\\\/relevamiento-del-programa-de-escrituracion-gratuita-de-la-provincia-de-cordoba\\\/\"]}]},{\"@type\":\"ImageObject\",\"inLanguage\":\"es\",\"@id\":\"https:\\\/\\\/redmediterranea.com\\\/index.php\\\/2024\\\/07\\\/03\\\/relevamiento-del-programa-de-escrituracion-gratuita-de-la-provincia-de-cordoba\\\/#primaryimage\",\"url\":\"https:\\\/\\\/redmediterranea.com\\\/wp-content\\\/uploads\\\/2024\\\/07\\\/e20b72a6-28e9-4ae4-855a-bd9f81c6af7e.jpg\",\"contentUrl\":\"https:\\\/\\\/redmediterranea.com\\\/wp-content\\\/uploads\\\/2024\\\/07\\\/e20b72a6-28e9-4ae4-855a-bd9f81c6af7e.jpg\",\"width\":600,\"height\":277},{\"@type\":\"BreadcrumbList\",\"@id\":\"https:\\\/\\\/redmediterranea.com\\\/index.php\\\/2024\\\/07\\\/03\\\/relevamiento-del-programa-de-escrituracion-gratuita-de-la-provincia-de-cordoba\\\/#breadcrumb\",\"itemListElement\":[{\"@type\":\"ListItem\",\"position\":1,\"name\":\"Portada\",\"item\":\"https:\\\/\\\/redmediterranea.com\\\/\"},{\"@type\":\"ListItem\",\"position\":2,\"name\":\"RELEVAMIENTO DEL PROGRAMA DE ESCRITURACION GRATUITA DE LA PROVINCIA DE C\u00d3RDOBA\"}]},{\"@type\":\"WebSite\",\"@id\":\"https:\\\/\\\/redmediterranea.com\\\/#website\",\"url\":\"https:\\\/\\\/redmediterranea.com\\\/\",\"name\":\"Red Mediterr\u00e1nea\",\"description\":\"Noticias de De\u00e1n Funes\",\"publisher\":{\"@id\":\"https:\\\/\\\/redmediterranea.com\\\/#organization\"},\"potentialAction\":[{\"@type\":\"SearchAction\",\"target\":{\"@type\":\"EntryPoint\",\"urlTemplate\":\"https:\\\/\\\/redmediterranea.com\\\/?s={search_term_string}\"},\"query-input\":{\"@type\":\"PropertyValueSpecification\",\"valueRequired\":true,\"valueName\":\"search_term_string\"}}],\"inLanguage\":\"es\"},{\"@type\":\"Organization\",\"@id\":\"https:\\\/\\\/redmediterranea.com\\\/#organization\",\"name\":\"Red Mediterr\u00e1nea\",\"url\":\"https:\\\/\\\/redmediterranea.com\\\/\",\"logo\":{\"@type\":\"ImageObject\",\"inLanguage\":\"es\",\"@id\":\"https:\\\/\\\/redmediterranea.com\\\/#\\\/schema\\\/logo\\\/image\\\/\",\"url\":\"https:\\\/\\\/redmediterranea.com\\\/wp-content\\\/uploads\\\/2021\\\/09\\\/red.png\",\"contentUrl\":\"https:\\\/\\\/redmediterranea.com\\\/wp-content\\\/uploads\\\/2021\\\/09\\\/red.png\",\"width\":400,\"height\":260,\"caption\":\"Red Mediterr\u00e1nea\"},\"image\":{\"@id\":\"https:\\\/\\\/redmediterranea.com\\\/#\\\/schema\\\/logo\\\/image\\\/\"},\"sameAs\":[\"https:\\\/\\\/www.facebook.com\\\/redmediterranea.net\",\"https:\\\/\\\/www.youtube.com\\\/channel\\\/UCvm4ojIMOGKnk5v9TsWnFWQ\"]},{\"@type\":\"Person\",\"@id\":\"https:\\\/\\\/redmediterranea.com\\\/#\\\/schema\\\/person\\\/a59f6085115b75a865fb0338fe81d577\",\"name\":\"Red Mediterr\u00e1nea\",\"image\":{\"@type\":\"ImageObject\",\"inLanguage\":\"es\",\"@id\":\"https:\\\/\\\/redmediterranea.com\\\/wp-content\\\/litespeed\\\/avatar\\\/1a3770c806a5dd31cb05580dd57bedd6.jpg?ver=1777231671\",\"url\":\"https:\\\/\\\/redmediterranea.com\\\/wp-content\\\/litespeed\\\/avatar\\\/1a3770c806a5dd31cb05580dd57bedd6.jpg?ver=1777231671\",\"contentUrl\":\"https:\\\/\\\/redmediterranea.com\\\/wp-content\\\/litespeed\\\/avatar\\\/1a3770c806a5dd31cb05580dd57bedd6.jpg?ver=1777231671\",\"caption\":\"Red Mediterr\u00e1nea\"},\"sameAs\":[\"http:\\\/\\\/redmediterranea.com\"],\"url\":\"https:\\\/\\\/redmediterranea.com\\\/index.php\\\/author\\\/hg-hatecraft\\\/\"}]}<\/script>\n<!-- \/ Yoast SEO plugin. -->","yoast_head_json":{"title":"RELEVAMIENTO DEL PROGRAMA DE ESCRITURACION GRATUITA DE LA PROVINCIA DE C\u00d3RDOBA &#8212; Red Mediterr\u00e1nea","robots":{"index":"index","follow":"follow","max-snippet":"max-snippet:-1","max-image-preview":"max-image-preview:large","max-video-preview":"max-video-preview:-1"},"canonical":"https:\/\/redmediterranea.com\/index.php\/2024\/07\/03\/relevamiento-del-programa-de-escrituracion-gratuita-de-la-provincia-de-cordoba\/","og_locale":"es_ES","og_type":"article","og_title":"RELEVAMIENTO DEL PROGRAMA DE ESCRITURACION GRATUITA DE LA PROVINCIA DE C\u00d3RDOBA &#8212; Red Mediterr\u00e1nea","og_description":"El martes 2 de julio de 2024 se realiz\u00f3 en el Hogar de Ancianos Flia. Quinteros en Av. Argentina 701, el Relevamiento del Programa de Escrituraci\u00f3n Gratuita de la Provincia de los barrios 35 y 45 viviendas del Barrio Jos\u00e9 Hern\u00e1ndez, coordinado por la Secretaria de Desarrollo Social a cargo del Sr. Claudio Figueroa. Dicha [&hellip;]","og_url":"https:\/\/redmediterranea.com\/index.php\/2024\/07\/03\/relevamiento-del-programa-de-escrituracion-gratuita-de-la-provincia-de-cordoba\/","og_site_name":"Red Mediterr\u00e1nea","article_publisher":"https:\/\/www.facebook.com\/redmediterranea.net","article_published_time":"2024-07-03T13:00:29+00:00","article_modified_time":"2024-07-03T13:00:30+00:00","og_image":[{"width":600,"height":277,"url":"http:\/\/redmediterranea.com\/wp-content\/uploads\/2024\/07\/e20b72a6-28e9-4ae4-855a-bd9f81c6af7e.jpg","type":"image\/jpeg"}],"author":"Red Mediterr\u00e1nea","twitter_card":"summary_large_image","twitter_misc":{"Escrito por":"Red Mediterr\u00e1nea","Tiempo de lectura":"1 minuto"},"schema":{"@context":"https:\/\/schema.org","@graph":[{"@type":"Article","@id":"https:\/\/redmediterranea.com\/index.php\/2024\/07\/03\/relevamiento-del-programa-de-escrituracion-gratuita-de-la-provincia-de-cordoba\/#article","isPartOf":{"@id":"https:\/\/redmediterranea.com\/index.php\/2024\/07\/03\/relevamiento-del-programa-de-escrituracion-gratuita-de-la-provincia-de-cordoba\/"},"author":{"name":"Red Mediterr\u00e1nea","@id":"https:\/\/redmediterranea.com\/#\/schema\/person\/a59f6085115b75a865fb0338fe81d577"},"headline":"RELEVAMIENTO DEL PROGRAMA DE ESCRITURACION GRATUITA DE LA PROVINCIA DE C\u00d3RDOBA","datePublished":"2024-07-03T13:00:29+00:00","dateModified":"2024-07-03T13:00:30+00:00","mainEntityOfPage":{"@id":"https:\/\/redmediterranea.com\/index.php\/2024\/07\/03\/relevamiento-del-programa-de-escrituracion-gratuita-de-la-provincia-de-cordoba\/"},"wordCount":117,"commentCount":0,"publisher":{"@id":"https:\/\/redmediterranea.com\/#organization"},"image":{"@id":"https:\/\/redmediterranea.com\/index.php\/2024\/07\/03\/relevamiento-del-programa-de-escrituracion-gratuita-de-la-provincia-de-cordoba\/#primaryimage"},"thumbnailUrl":"https:\/\/redmediterranea.com\/wp-content\/uploads\/2024\/07\/e20b72a6-28e9-4ae4-855a-bd9f81c6af7e.jpg","articleSection":["De\u00e1n Funes"],"inLanguage":"es","potentialAction":[{"@type":"CommentAction","name":"Comment","target":["https:\/\/redmediterranea.com\/index.php\/2024\/07\/03\/relevamiento-del-programa-de-escrituracion-gratuita-de-la-provincia-de-cordoba\/#respond"]}]},{"@type":"WebPage","@id":"https:\/\/redmediterranea.com\/index.php\/2024\/07\/03\/relevamiento-del-programa-de-escrituracion-gratuita-de-la-provincia-de-cordoba\/","url":"https:\/\/redmediterranea.com\/index.php\/2024\/07\/03\/relevamiento-del-programa-de-escrituracion-gratuita-de-la-provincia-de-cordoba\/","name":"RELEVAMIENTO DEL PROGRAMA DE ESCRITURACION GRATUITA DE LA PROVINCIA DE C\u00d3RDOBA &#8212; Red Mediterr\u00e1nea","isPartOf":{"@id":"https:\/\/redmediterranea.com\/#website"},"primaryImageOfPage":{"@id":"https:\/\/redmediterranea.com\/index.php\/2024\/07\/03\/relevamiento-del-programa-de-escrituracion-gratuita-de-la-provincia-de-cordoba\/#primaryimage"},"image":{"@id":"https:\/\/redmediterranea.com\/index.php\/2024\/07\/03\/relevamiento-del-programa-de-escrituracion-gratuita-de-la-provincia-de-cordoba\/#primaryimage"},"thumbnailUrl":"https:\/\/redmediterranea.com\/wp-content\/uploads\/2024\/07\/e20b72a6-28e9-4ae4-855a-bd9f81c6af7e.jpg","datePublished":"2024-07-03T13:00:29+00:00","dateModified":"2024-07-03T13:00:30+00:00","breadcrumb":{"@id":"https:\/\/redmediterranea.com\/index.php\/2024\/07\/03\/relevamiento-del-programa-de-escrituracion-gratuita-de-la-provincia-de-cordoba\/#breadcrumb"},"inLanguage":"es","potentialAction":[{"@type":"ReadAction","target":["https:\/\/redmediterranea.com\/index.php\/2024\/07\/03\/relevamiento-del-programa-de-escrituracion-gratuita-de-la-provincia-de-cordoba\/"]}]},{"@type":"ImageObject","inLanguage":"es","@id":"https:\/\/redmediterranea.com\/index.php\/2024\/07\/03\/relevamiento-del-programa-de-escrituracion-gratuita-de-la-provincia-de-cordoba\/#primaryimage","url":"https:\/\/redmediterranea.com\/wp-content\/uploads\/2024\/07\/e20b72a6-28e9-4ae4-855a-bd9f81c6af7e.jpg","contentUrl":"https:\/\/redmediterranea.com\/wp-content\/uploads\/2024\/07\/e20b72a6-28e9-4ae4-855a-bd9f81c6af7e.jpg","width":600,"height":277},{"@type":"BreadcrumbList","@id":"https:\/\/redmediterranea.com\/index.php\/2024\/07\/03\/relevamiento-del-programa-de-escrituracion-gratuita-de-la-provincia-de-cordoba\/#breadcrumb","itemListElement":[{"@type":"ListItem","position":1,"name":"Portada","item":"https:\/\/redmediterranea.com\/"},{"@type":"ListItem","position":2,"name":"RELEVAMIENTO DEL PROGRAMA DE ESCRITURACION GRATUITA DE LA PROVINCIA DE C\u00d3RDOBA"}]},{"@type":"WebSite","@id":"https:\/\/redmediterranea.com\/#website","url":"https:\/\/redmediterranea.com\/","name":"Red Mediterr\u00e1nea","description":"Noticias de De\u00e1n Funes","publisher":{"@id":"https:\/\/redmediterranea.com\/#organization"},"potentialAction":[{"@type":"SearchAction","target":{"@type":"EntryPoint","urlTemplate":"https:\/\/redmediterranea.com\/?s={search_term_string}"},"query-input":{"@type":"PropertyValueSpecification","valueRequired":true,"valueName":"search_term_string"}}],"inLanguage":"es"},{"@type":"Organization","@id":"https:\/\/redmediterranea.com\/#organization","name":"Red Mediterr\u00e1nea","url":"https:\/\/redmediterranea.com\/","logo":{"@type":"ImageObject","inLanguage":"es","@id":"https:\/\/redmediterranea.com\/#\/schema\/logo\/image\/","url":"https:\/\/redmediterranea.com\/wp-content\/uploads\/2021\/09\/red.png","contentUrl":"https:\/\/redmediterranea.com\/wp-content\/uploads\/2021\/09\/red.png","width":400,"height":260,"caption":"Red Mediterr\u00e1nea"},"image":{"@id":"https:\/\/redmediterranea.com\/#\/schema\/logo\/image\/"},"sameAs":["https:\/\/www.facebook.com\/redmediterranea.net","https:\/\/www.youtube.com\/channel\/UCvm4ojIMOGKnk5v9TsWnFWQ"]},{"@type":"Person","@id":"https:\/\/redmediterranea.com\/#\/schema\/person\/a59f6085115b75a865fb0338fe81d577","name":"Red Mediterr\u00e1nea","image":{"@type":"ImageObject","inLanguage":"es","@id":"https:\/\/redmediterranea.com\/wp-content\/litespeed\/avatar\/1a3770c806a5dd31cb05580dd57bedd6.jpg?ver=1777231671","url":"https:\/\/redmediterranea.com\/wp-content\/litespeed\/avatar\/1a3770c806a5dd31cb05580dd57bedd6.jpg?ver=1777231671","contentUrl":"https:\/\/redmediterranea.com\/wp-content\/litespeed\/avatar\/1a3770c806a5dd31cb05580dd57bedd6.jpg?ver=1777231671","caption":"Red Mediterr\u00e1nea"},"sameAs":["http:\/\/redmediterranea.com"],"url":"https:\/\/redmediterranea.com\/index.php\/author\/hg-hatecraft\/"}]}},"_links":{"self":[{"href":"https:\/\/redmediterranea.com\/index.php\/wp-json\/wp\/v2\/posts\/11386","targetHints":{"allow":["GET"]}}],"collection":[{"href":"https:\/\/redmediterranea.com\/index.php\/wp-json\/wp\/v2\/posts"}],"about":[{"href":"https:\/\/redmediterranea.com\/index.php\/wp-json\/wp\/v2\/types\/post"}],"author":[{"embeddable":true,"href":"https:\/\/redmediterranea.com\/index.php\/wp-json\/wp\/v2\/users\/1"}],"replies":[{"embeddable":true,"href":"https:\/\/redmediterranea.com\/index.php\/wp-json\/wp\/v2\/comments?post=11386"}],"version-history":[{"count":1,"href":"https:\/\/redmediterranea.com\/index.php\/wp-json\/wp\/v2\/posts\/11386\/revisions"}],"predecessor-version":[{"id":11388,"href":"https:\/\/redmediterranea.com\/index.php\/wp-json\/wp\/v2\/posts\/11386\/revisions\/11388"}],"wp:featuredmedia":[{"embeddable":true,"href":"https:\/\/redmediterranea.com\/index.php\/wp-json\/wp\/v2\/media\/11387"}],"wp:attachment":[{"href":"https:\/\/redmediterranea.com\/index.php\/wp-json\/wp\/v2\/media?parent=11386"}],"wp:term":[{"taxonomy":"category","embeddable":true,"href":"https:\/\/redmediterranea.com\/index.php\/wp-json\/wp\/v2\/categories?post=11386"},{"taxonomy":"post_tag","embeddable":true,"href":"https:\/\/redmediterranea.com\/index.php\/wp-json\/wp\/v2\/tags?post=11386"}],"curies":[{"name":"wp","href":"https:\/\/api.w.org\/{rel}","templated":true}]}}