{"id":11248,"date":"2024-06-13T12:32:08","date_gmt":"2024-06-13T12:32:08","guid":{"rendered":"https:\/\/redmediterranea.com\/?p=11248"},"modified":"2024-06-13T12:32:09","modified_gmt":"2024-06-13T12:32:09","slug":"acto-academico-de-entrega-de-titulos-utn-cres-dean-funes-2","status":"publish","type":"post","link":"https:\/\/redmediterranea.com\/index.php\/2024\/06\/13\/acto-academico-de-entrega-de-titulos-utn-cres-dean-funes-2\/","title":{"rendered":"ACTO ACAD\u00c9MICO DE ENTREGA DE T\u00cdTULOS UTN &#8211; CRES DE\u00c1N FUNES."},"content":{"rendered":"\n<figure class=\"wp-block-table\"><table><tbody><tr><td><\/td><\/tr><tr><td>La Sra. Intendente Municipal Andrea Nievas particip\u00f3 del Acto Acad\u00e9mico de Entrega de T\u00edtulos de las Carreras T\u00e9cnico Universitario en Administraci\u00f3n y T\u00e9cnico Universitario en Gesti\u00f3n de Tecnolog\u00eda Agropecuaria de la UTN, llevado a cabo el martes 11 de Junio de 2024 en el Centro Cultural Municipal, con la presencia del Secretario de Planeamiento Acad\u00e9mico de la UTN, Ing. Martin Pereyra, el responsable Acad\u00e9mico de Extensiones \u00e1ulicas de UTN, Ing. Ismael Peveri, el Legislador Provincial Ra\u00fal Alberto Figueroa, docente de la UTN, Prof. Paola Doffo, la Secretaria de Educaci\u00f3n, Prof. Laura Navarro y de Cultura y Turismo, Prof. Eliana Torres. En la ocasi\u00f3n la Intendente destac\u00f3 lo valioso que es contar con nuevos profesionales en la ciudad y la importancia de la educaci\u00f3n para el crecimiento de nuestra sociedad. La ceremonia cont\u00f3 con las interpretaciones musicales de la artista Florencia Torres.<\/td><\/tr><\/tbody><\/table><\/figure>\n","protected":false},"excerpt":{"rendered":"<p>La Sra. Intendente Municipal Andrea Nievas particip\u00f3 del Acto Acad\u00e9mico de Entrega de T\u00edtulos de las Carreras T\u00e9cnico Universitario en Administraci\u00f3n y T\u00e9cnico Universitario en Gesti\u00f3n de Tecnolog\u00eda Agropecuaria de la UTN, llevado a cabo el martes 11 de Junio de 2024 en el Centro Cultural Municipal, con la presencia del Secretario de Planeamiento Acad\u00e9mico [&hellip;]<\/p>\n","protected":false},"author":1,"featured_media":11249,"comment_status":"open","ping_status":"open","sticky":false,"template":"","format":"standard","meta":{"footnotes":""},"categories":[53],"tags":[],"class_list":{"0":"post-11248","1":"post","2":"type-post","3":"status-publish","4":"format-standard","5":"has-post-thumbnail","7":"category-portada"},"yoast_head":"<!-- This site is optimized with the Yoast SEO plugin v27.4 - https:\/\/yoast.com\/product\/yoast-seo-wordpress\/ -->\n<title>ACTO ACAD\u00c9MICO DE ENTREGA DE T\u00cdTULOS UTN - CRES DE\u00c1N FUNES. &#8212; Red Mediterr\u00e1nea<\/title>\n<meta name=\"robots\" content=\"index, follow, max-snippet:-1, max-image-preview:large, max-video-preview:-1\" \/>\n<link rel=\"canonical\" href=\"https:\/\/redmediterranea.com\/index.php\/2024\/06\/13\/acto-academico-de-entrega-de-titulos-utn-cres-dean-funes-2\/\" \/>\n<meta property=\"og:locale\" content=\"es_ES\" \/>\n<meta property=\"og:type\" content=\"article\" \/>\n<meta property=\"og:title\" content=\"ACTO ACAD\u00c9MICO DE ENTREGA DE T\u00cdTULOS UTN - CRES DE\u00c1N FUNES. &#8212; Red Mediterr\u00e1nea\" \/>\n<meta property=\"og:description\" content=\"La Sra. Intendente Municipal Andrea Nievas particip\u00f3 del Acto Acad\u00e9mico de Entrega de T\u00edtulos de las Carreras T\u00e9cnico Universitario en Administraci\u00f3n y T\u00e9cnico Universitario en Gesti\u00f3n de Tecnolog\u00eda Agropecuaria de la UTN, llevado a cabo el martes 11 de Junio de 2024 en el Centro Cultural Municipal, con la presencia del Secretario de Planeamiento Acad\u00e9mico [&hellip;]\" \/>\n<meta property=\"og:url\" content=\"https:\/\/redmediterranea.com\/index.php\/2024\/06\/13\/acto-academico-de-entrega-de-titulos-utn-cres-dean-funes-2\/\" \/>\n<meta property=\"og:site_name\" content=\"Red Mediterr\u00e1nea\" \/>\n<meta property=\"article:publisher\" content=\"https:\/\/www.facebook.com\/redmediterranea.net\" \/>\n<meta property=\"article:published_time\" content=\"2024-06-13T12:32:08+00:00\" \/>\n<meta property=\"article:modified_time\" content=\"2024-06-13T12:32:09+00:00\" \/>\n<meta property=\"og:image\" content=\"http:\/\/redmediterranea.com\/wp-content\/uploads\/2024\/06\/UNC.jpg\" \/>\n\t<meta property=\"og:image:width\" content=\"600\" \/>\n\t<meta property=\"og:image:height\" content=\"243\" \/>\n\t<meta property=\"og:image:type\" content=\"image\/jpeg\" \/>\n<meta name=\"author\" content=\"Red Mediterr\u00e1nea\" \/>\n<meta name=\"twitter:card\" content=\"summary_large_image\" \/>\n<meta name=\"twitter:label1\" content=\"Escrito por\" \/>\n\t<meta name=\"twitter:data1\" content=\"Red Mediterr\u00e1nea\" \/>\n\t<meta name=\"twitter:label2\" content=\"Tiempo de lectura\" \/>\n\t<meta name=\"twitter:data2\" content=\"1 minuto\" \/>\n<script type=\"application\/ld+json\" class=\"yoast-schema-graph\">{\"@context\":\"https:\\\/\\\/schema.org\",\"@graph\":[{\"@type\":\"Article\",\"@id\":\"https:\\\/\\\/redmediterranea.com\\\/index.php\\\/2024\\\/06\\\/13\\\/acto-academico-de-entrega-de-titulos-utn-cres-dean-funes-2\\\/#article\",\"isPartOf\":{\"@id\":\"https:\\\/\\\/redmediterranea.com\\\/index.php\\\/2024\\\/06\\\/13\\\/acto-academico-de-entrega-de-titulos-utn-cres-dean-funes-2\\\/\"},\"author\":{\"name\":\"Red Mediterr\u00e1nea\",\"@id\":\"https:\\\/\\\/redmediterranea.com\\\/#\\\/schema\\\/person\\\/a59f6085115b75a865fb0338fe81d577\"},\"headline\":\"ACTO ACAD\u00c9MICO DE ENTREGA DE T\u00cdTULOS UTN &#8211; CRES DE\u00c1N FUNES.\",\"datePublished\":\"2024-06-13T12:32:08+00:00\",\"dateModified\":\"2024-06-13T12:32:09+00:00\",\"mainEntityOfPage\":{\"@id\":\"https:\\\/\\\/redmediterranea.com\\\/index.php\\\/2024\\\/06\\\/13\\\/acto-academico-de-entrega-de-titulos-utn-cres-dean-funes-2\\\/\"},\"wordCount\":166,\"commentCount\":0,\"publisher\":{\"@id\":\"https:\\\/\\\/redmediterranea.com\\\/#organization\"},\"image\":{\"@id\":\"https:\\\/\\\/redmediterranea.com\\\/index.php\\\/2024\\\/06\\\/13\\\/acto-academico-de-entrega-de-titulos-utn-cres-dean-funes-2\\\/#primaryimage\"},\"thumbnailUrl\":\"https:\\\/\\\/redmediterranea.com\\\/wp-content\\\/uploads\\\/2024\\\/06\\\/UNC.jpg\",\"articleSection\":[\"Portada\"],\"inLanguage\":\"es\",\"potentialAction\":[{\"@type\":\"CommentAction\",\"name\":\"Comment\",\"target\":[\"https:\\\/\\\/redmediterranea.com\\\/index.php\\\/2024\\\/06\\\/13\\\/acto-academico-de-entrega-de-titulos-utn-cres-dean-funes-2\\\/#respond\"]}]},{\"@type\":\"WebPage\",\"@id\":\"https:\\\/\\\/redmediterranea.com\\\/index.php\\\/2024\\\/06\\\/13\\\/acto-academico-de-entrega-de-titulos-utn-cres-dean-funes-2\\\/\",\"url\":\"https:\\\/\\\/redmediterranea.com\\\/index.php\\\/2024\\\/06\\\/13\\\/acto-academico-de-entrega-de-titulos-utn-cres-dean-funes-2\\\/\",\"name\":\"ACTO ACAD\u00c9MICO DE ENTREGA DE T\u00cdTULOS UTN - CRES DE\u00c1N FUNES. &#8212; Red Mediterr\u00e1nea\",\"isPartOf\":{\"@id\":\"https:\\\/\\\/redmediterranea.com\\\/#website\"},\"primaryImageOfPage\":{\"@id\":\"https:\\\/\\\/redmediterranea.com\\\/index.php\\\/2024\\\/06\\\/13\\\/acto-academico-de-entrega-de-titulos-utn-cres-dean-funes-2\\\/#primaryimage\"},\"image\":{\"@id\":\"https:\\\/\\\/redmediterranea.com\\\/index.php\\\/2024\\\/06\\\/13\\\/acto-academico-de-entrega-de-titulos-utn-cres-dean-funes-2\\\/#primaryimage\"},\"thumbnailUrl\":\"https:\\\/\\\/redmediterranea.com\\\/wp-content\\\/uploads\\\/2024\\\/06\\\/UNC.jpg\",\"datePublished\":\"2024-06-13T12:32:08+00:00\",\"dateModified\":\"2024-06-13T12:32:09+00:00\",\"breadcrumb\":{\"@id\":\"https:\\\/\\\/redmediterranea.com\\\/index.php\\\/2024\\\/06\\\/13\\\/acto-academico-de-entrega-de-titulos-utn-cres-dean-funes-2\\\/#breadcrumb\"},\"inLanguage\":\"es\",\"potentialAction\":[{\"@type\":\"ReadAction\",\"target\":[\"https:\\\/\\\/redmediterranea.com\\\/index.php\\\/2024\\\/06\\\/13\\\/acto-academico-de-entrega-de-titulos-utn-cres-dean-funes-2\\\/\"]}]},{\"@type\":\"ImageObject\",\"inLanguage\":\"es\",\"@id\":\"https:\\\/\\\/redmediterranea.com\\\/index.php\\\/2024\\\/06\\\/13\\\/acto-academico-de-entrega-de-titulos-utn-cres-dean-funes-2\\\/#primaryimage\",\"url\":\"https:\\\/\\\/redmediterranea.com\\\/wp-content\\\/uploads\\\/2024\\\/06\\\/UNC.jpg\",\"contentUrl\":\"https:\\\/\\\/redmediterranea.com\\\/wp-content\\\/uploads\\\/2024\\\/06\\\/UNC.jpg\",\"width\":600,\"height\":243},{\"@type\":\"BreadcrumbList\",\"@id\":\"https:\\\/\\\/redmediterranea.com\\\/index.php\\\/2024\\\/06\\\/13\\\/acto-academico-de-entrega-de-titulos-utn-cres-dean-funes-2\\\/#breadcrumb\",\"itemListElement\":[{\"@type\":\"ListItem\",\"position\":1,\"name\":\"Portada\",\"item\":\"https:\\\/\\\/redmediterranea.com\\\/\"},{\"@type\":\"ListItem\",\"position\":2,\"name\":\"ACTO ACAD\u00c9MICO DE ENTREGA DE T\u00cdTULOS UTN &#8211; CRES DE\u00c1N FUNES.\"}]},{\"@type\":\"WebSite\",\"@id\":\"https:\\\/\\\/redmediterranea.com\\\/#website\",\"url\":\"https:\\\/\\\/redmediterranea.com\\\/\",\"name\":\"Red Mediterr\u00e1nea\",\"description\":\"Noticias de De\u00e1n Funes\",\"publisher\":{\"@id\":\"https:\\\/\\\/redmediterranea.com\\\/#organization\"},\"potentialAction\":[{\"@type\":\"SearchAction\",\"target\":{\"@type\":\"EntryPoint\",\"urlTemplate\":\"https:\\\/\\\/redmediterranea.com\\\/?s={search_term_string}\"},\"query-input\":{\"@type\":\"PropertyValueSpecification\",\"valueRequired\":true,\"valueName\":\"search_term_string\"}}],\"inLanguage\":\"es\"},{\"@type\":\"Organization\",\"@id\":\"https:\\\/\\\/redmediterranea.com\\\/#organization\",\"name\":\"Red Mediterr\u00e1nea\",\"url\":\"https:\\\/\\\/redmediterranea.com\\\/\",\"logo\":{\"@type\":\"ImageObject\",\"inLanguage\":\"es\",\"@id\":\"https:\\\/\\\/redmediterranea.com\\\/#\\\/schema\\\/logo\\\/image\\\/\",\"url\":\"https:\\\/\\\/redmediterranea.com\\\/wp-content\\\/uploads\\\/2021\\\/09\\\/red.png\",\"contentUrl\":\"https:\\\/\\\/redmediterranea.com\\\/wp-content\\\/uploads\\\/2021\\\/09\\\/red.png\",\"width\":400,\"height\":260,\"caption\":\"Red Mediterr\u00e1nea\"},\"image\":{\"@id\":\"https:\\\/\\\/redmediterranea.com\\\/#\\\/schema\\\/logo\\\/image\\\/\"},\"sameAs\":[\"https:\\\/\\\/www.facebook.com\\\/redmediterranea.net\",\"https:\\\/\\\/www.youtube.com\\\/channel\\\/UCvm4ojIMOGKnk5v9TsWnFWQ\"]},{\"@type\":\"Person\",\"@id\":\"https:\\\/\\\/redmediterranea.com\\\/#\\\/schema\\\/person\\\/a59f6085115b75a865fb0338fe81d577\",\"name\":\"Red Mediterr\u00e1nea\",\"image\":{\"@type\":\"ImageObject\",\"inLanguage\":\"es\",\"@id\":\"https:\\\/\\\/redmediterranea.com\\\/wp-content\\\/litespeed\\\/avatar\\\/1a3770c806a5dd31cb05580dd57bedd6.jpg?ver=1777231671\",\"url\":\"https:\\\/\\\/redmediterranea.com\\\/wp-content\\\/litespeed\\\/avatar\\\/1a3770c806a5dd31cb05580dd57bedd6.jpg?ver=1777231671\",\"contentUrl\":\"https:\\\/\\\/redmediterranea.com\\\/wp-content\\\/litespeed\\\/avatar\\\/1a3770c806a5dd31cb05580dd57bedd6.jpg?ver=1777231671\",\"caption\":\"Red Mediterr\u00e1nea\"},\"sameAs\":[\"http:\\\/\\\/redmediterranea.com\"],\"url\":\"https:\\\/\\\/redmediterranea.com\\\/index.php\\\/author\\\/hg-hatecraft\\\/\"}]}<\/script>\n<!-- \/ Yoast SEO plugin. -->","yoast_head_json":{"title":"ACTO ACAD\u00c9MICO DE ENTREGA DE T\u00cdTULOS UTN - CRES DE\u00c1N FUNES. &#8212; Red Mediterr\u00e1nea","robots":{"index":"index","follow":"follow","max-snippet":"max-snippet:-1","max-image-preview":"max-image-preview:large","max-video-preview":"max-video-preview:-1"},"canonical":"https:\/\/redmediterranea.com\/index.php\/2024\/06\/13\/acto-academico-de-entrega-de-titulos-utn-cres-dean-funes-2\/","og_locale":"es_ES","og_type":"article","og_title":"ACTO ACAD\u00c9MICO DE ENTREGA DE T\u00cdTULOS UTN - CRES DE\u00c1N FUNES. &#8212; Red Mediterr\u00e1nea","og_description":"La Sra. Intendente Municipal Andrea Nievas particip\u00f3 del Acto Acad\u00e9mico de Entrega de T\u00edtulos de las Carreras T\u00e9cnico Universitario en Administraci\u00f3n y T\u00e9cnico Universitario en Gesti\u00f3n de Tecnolog\u00eda Agropecuaria de la UTN, llevado a cabo el martes 11 de Junio de 2024 en el Centro Cultural Municipal, con la presencia del Secretario de Planeamiento Acad\u00e9mico [&hellip;]","og_url":"https:\/\/redmediterranea.com\/index.php\/2024\/06\/13\/acto-academico-de-entrega-de-titulos-utn-cres-dean-funes-2\/","og_site_name":"Red Mediterr\u00e1nea","article_publisher":"https:\/\/www.facebook.com\/redmediterranea.net","article_published_time":"2024-06-13T12:32:08+00:00","article_modified_time":"2024-06-13T12:32:09+00:00","og_image":[{"width":600,"height":243,"url":"http:\/\/redmediterranea.com\/wp-content\/uploads\/2024\/06\/UNC.jpg","type":"image\/jpeg"}],"author":"Red Mediterr\u00e1nea","twitter_card":"summary_large_image","twitter_misc":{"Escrito por":"Red Mediterr\u00e1nea","Tiempo de lectura":"1 minuto"},"schema":{"@context":"https:\/\/schema.org","@graph":[{"@type":"Article","@id":"https:\/\/redmediterranea.com\/index.php\/2024\/06\/13\/acto-academico-de-entrega-de-titulos-utn-cres-dean-funes-2\/#article","isPartOf":{"@id":"https:\/\/redmediterranea.com\/index.php\/2024\/06\/13\/acto-academico-de-entrega-de-titulos-utn-cres-dean-funes-2\/"},"author":{"name":"Red Mediterr\u00e1nea","@id":"https:\/\/redmediterranea.com\/#\/schema\/person\/a59f6085115b75a865fb0338fe81d577"},"headline":"ACTO ACAD\u00c9MICO DE ENTREGA DE T\u00cdTULOS UTN &#8211; CRES DE\u00c1N FUNES.","datePublished":"2024-06-13T12:32:08+00:00","dateModified":"2024-06-13T12:32:09+00:00","mainEntityOfPage":{"@id":"https:\/\/redmediterranea.com\/index.php\/2024\/06\/13\/acto-academico-de-entrega-de-titulos-utn-cres-dean-funes-2\/"},"wordCount":166,"commentCount":0,"publisher":{"@id":"https:\/\/redmediterranea.com\/#organization"},"image":{"@id":"https:\/\/redmediterranea.com\/index.php\/2024\/06\/13\/acto-academico-de-entrega-de-titulos-utn-cres-dean-funes-2\/#primaryimage"},"thumbnailUrl":"https:\/\/redmediterranea.com\/wp-content\/uploads\/2024\/06\/UNC.jpg","articleSection":["Portada"],"inLanguage":"es","potentialAction":[{"@type":"CommentAction","name":"Comment","target":["https:\/\/redmediterranea.com\/index.php\/2024\/06\/13\/acto-academico-de-entrega-de-titulos-utn-cres-dean-funes-2\/#respond"]}]},{"@type":"WebPage","@id":"https:\/\/redmediterranea.com\/index.php\/2024\/06\/13\/acto-academico-de-entrega-de-titulos-utn-cres-dean-funes-2\/","url":"https:\/\/redmediterranea.com\/index.php\/2024\/06\/13\/acto-academico-de-entrega-de-titulos-utn-cres-dean-funes-2\/","name":"ACTO ACAD\u00c9MICO DE ENTREGA DE T\u00cdTULOS UTN - CRES DE\u00c1N FUNES. &#8212; Red Mediterr\u00e1nea","isPartOf":{"@id":"https:\/\/redmediterranea.com\/#website"},"primaryImageOfPage":{"@id":"https:\/\/redmediterranea.com\/index.php\/2024\/06\/13\/acto-academico-de-entrega-de-titulos-utn-cres-dean-funes-2\/#primaryimage"},"image":{"@id":"https:\/\/redmediterranea.com\/index.php\/2024\/06\/13\/acto-academico-de-entrega-de-titulos-utn-cres-dean-funes-2\/#primaryimage"},"thumbnailUrl":"https:\/\/redmediterranea.com\/wp-content\/uploads\/2024\/06\/UNC.jpg","datePublished":"2024-06-13T12:32:08+00:00","dateModified":"2024-06-13T12:32:09+00:00","breadcrumb":{"@id":"https:\/\/redmediterranea.com\/index.php\/2024\/06\/13\/acto-academico-de-entrega-de-titulos-utn-cres-dean-funes-2\/#breadcrumb"},"inLanguage":"es","potentialAction":[{"@type":"ReadAction","target":["https:\/\/redmediterranea.com\/index.php\/2024\/06\/13\/acto-academico-de-entrega-de-titulos-utn-cres-dean-funes-2\/"]}]},{"@type":"ImageObject","inLanguage":"es","@id":"https:\/\/redmediterranea.com\/index.php\/2024\/06\/13\/acto-academico-de-entrega-de-titulos-utn-cres-dean-funes-2\/#primaryimage","url":"https:\/\/redmediterranea.com\/wp-content\/uploads\/2024\/06\/UNC.jpg","contentUrl":"https:\/\/redmediterranea.com\/wp-content\/uploads\/2024\/06\/UNC.jpg","width":600,"height":243},{"@type":"BreadcrumbList","@id":"https:\/\/redmediterranea.com\/index.php\/2024\/06\/13\/acto-academico-de-entrega-de-titulos-utn-cres-dean-funes-2\/#breadcrumb","itemListElement":[{"@type":"ListItem","position":1,"name":"Portada","item":"https:\/\/redmediterranea.com\/"},{"@type":"ListItem","position":2,"name":"ACTO ACAD\u00c9MICO DE ENTREGA DE T\u00cdTULOS UTN &#8211; CRES DE\u00c1N FUNES."}]},{"@type":"WebSite","@id":"https:\/\/redmediterranea.com\/#website","url":"https:\/\/redmediterranea.com\/","name":"Red Mediterr\u00e1nea","description":"Noticias de De\u00e1n Funes","publisher":{"@id":"https:\/\/redmediterranea.com\/#organization"},"potentialAction":[{"@type":"SearchAction","target":{"@type":"EntryPoint","urlTemplate":"https:\/\/redmediterranea.com\/?s={search_term_string}"},"query-input":{"@type":"PropertyValueSpecification","valueRequired":true,"valueName":"search_term_string"}}],"inLanguage":"es"},{"@type":"Organization","@id":"https:\/\/redmediterranea.com\/#organization","name":"Red Mediterr\u00e1nea","url":"https:\/\/redmediterranea.com\/","logo":{"@type":"ImageObject","inLanguage":"es","@id":"https:\/\/redmediterranea.com\/#\/schema\/logo\/image\/","url":"https:\/\/redmediterranea.com\/wp-content\/uploads\/2021\/09\/red.png","contentUrl":"https:\/\/redmediterranea.com\/wp-content\/uploads\/2021\/09\/red.png","width":400,"height":260,"caption":"Red Mediterr\u00e1nea"},"image":{"@id":"https:\/\/redmediterranea.com\/#\/schema\/logo\/image\/"},"sameAs":["https:\/\/www.facebook.com\/redmediterranea.net","https:\/\/www.youtube.com\/channel\/UCvm4ojIMOGKnk5v9TsWnFWQ"]},{"@type":"Person","@id":"https:\/\/redmediterranea.com\/#\/schema\/person\/a59f6085115b75a865fb0338fe81d577","name":"Red Mediterr\u00e1nea","image":{"@type":"ImageObject","inLanguage":"es","@id":"https:\/\/redmediterranea.com\/wp-content\/litespeed\/avatar\/1a3770c806a5dd31cb05580dd57bedd6.jpg?ver=1777231671","url":"https:\/\/redmediterranea.com\/wp-content\/litespeed\/avatar\/1a3770c806a5dd31cb05580dd57bedd6.jpg?ver=1777231671","contentUrl":"https:\/\/redmediterranea.com\/wp-content\/litespeed\/avatar\/1a3770c806a5dd31cb05580dd57bedd6.jpg?ver=1777231671","caption":"Red Mediterr\u00e1nea"},"sameAs":["http:\/\/redmediterranea.com"],"url":"https:\/\/redmediterranea.com\/index.php\/author\/hg-hatecraft\/"}]}},"_links":{"self":[{"href":"https:\/\/redmediterranea.com\/index.php\/wp-json\/wp\/v2\/posts\/11248","targetHints":{"allow":["GET"]}}],"collection":[{"href":"https:\/\/redmediterranea.com\/index.php\/wp-json\/wp\/v2\/posts"}],"about":[{"href":"https:\/\/redmediterranea.com\/index.php\/wp-json\/wp\/v2\/types\/post"}],"author":[{"embeddable":true,"href":"https:\/\/redmediterranea.com\/index.php\/wp-json\/wp\/v2\/users\/1"}],"replies":[{"embeddable":true,"href":"https:\/\/redmediterranea.com\/index.php\/wp-json\/wp\/v2\/comments?post=11248"}],"version-history":[{"count":1,"href":"https:\/\/redmediterranea.com\/index.php\/wp-json\/wp\/v2\/posts\/11248\/revisions"}],"predecessor-version":[{"id":11250,"href":"https:\/\/redmediterranea.com\/index.php\/wp-json\/wp\/v2\/posts\/11248\/revisions\/11250"}],"wp:featuredmedia":[{"embeddable":true,"href":"https:\/\/redmediterranea.com\/index.php\/wp-json\/wp\/v2\/media\/11249"}],"wp:attachment":[{"href":"https:\/\/redmediterranea.com\/index.php\/wp-json\/wp\/v2\/media?parent=11248"}],"wp:term":[{"taxonomy":"category","embeddable":true,"href":"https:\/\/redmediterranea.com\/index.php\/wp-json\/wp\/v2\/categories?post=11248"},{"taxonomy":"post_tag","embeddable":true,"href":"https:\/\/redmediterranea.com\/index.php\/wp-json\/wp\/v2\/tags?post=11248"}],"curies":[{"name":"wp","href":"https:\/\/api.w.org\/{rel}","templated":true}]}}