{"id":10831,"date":"2024-05-13T19:16:35","date_gmt":"2024-05-13T19:16:35","guid":{"rendered":"https:\/\/redmediterranea.com\/?p=10831"},"modified":"2024-05-13T19:16:36","modified_gmt":"2024-05-13T19:16:36","slug":"avellaneda-vehiculo-incendiado","status":"publish","type":"post","link":"https:\/\/redmediterranea.com\/index.php\/2024\/05\/13\/avellaneda-vehiculo-incendiado\/","title":{"rendered":"Avellaneda: Veh\u00edculo incendiado"},"content":{"rendered":"\n<p>En horas de la ma\u00f1ana de la fecha, en camino rural de la localidad de Avellaneda, personal de la departamental, por comisi\u00f3n recibida a la l\u00ednea Gratuita de Emergencia 911, toma intervenci\u00f3n donde por causas a establecer se produjo el incendio de un veh\u00edculo marca Fiat Siena, conducido por un masculino mayor de edad, trabaj\u00f3 en el lugar personal de Bomberos Voluntarios logrando sofocar el mismo, registr\u00e1ndose solo da\u00f1os materiales por la destrucci\u00f3n total del rodado, sin resultar personas lesionadas.<\/p>\n","protected":false},"excerpt":{"rendered":"<p>En horas de la ma\u00f1ana de la fecha, en camino rural de la localidad de Avellaneda, personal de la departamental, por comisi\u00f3n recibida a la l\u00ednea Gratuita de Emergencia 911, toma intervenci\u00f3n donde por causas a establecer se produjo el incendio de un veh\u00edculo marca Fiat Siena, conducido por un masculino mayor de edad, trabaj\u00f3 [&hellip;]<\/p>\n","protected":false},"author":1,"featured_media":10832,"comment_status":"open","ping_status":"open","sticky":false,"template":"","format":"standard","meta":{"footnotes":""},"categories":[3,59],"tags":[625,3044,599],"class_list":{"0":"post-10831","1":"post","2":"type-post","3":"status-publish","4":"format-standard","5":"has-post-thumbnail","7":"category-locales","8":"category-policiales","9":"tag-avellaneda","10":"tag-fiat-sierra","11":"tag-incendio"},"yoast_head":"<!-- This site is optimized with the Yoast SEO plugin v27.4 - https:\/\/yoast.com\/product\/yoast-seo-wordpress\/ -->\n<title>Avellaneda: Veh\u00edculo incendiado &#8212; Red Mediterr\u00e1nea<\/title>\n<meta name=\"robots\" content=\"index, follow, max-snippet:-1, max-image-preview:large, max-video-preview:-1\" \/>\n<link rel=\"canonical\" href=\"https:\/\/redmediterranea.com\/index.php\/2024\/05\/13\/avellaneda-vehiculo-incendiado\/\" \/>\n<meta property=\"og:locale\" content=\"es_ES\" \/>\n<meta property=\"og:type\" content=\"article\" \/>\n<meta property=\"og:title\" content=\"Avellaneda: Veh\u00edculo incendiado &#8212; Red Mediterr\u00e1nea\" \/>\n<meta property=\"og:description\" content=\"En horas de la ma\u00f1ana de la fecha, en camino rural de la localidad de Avellaneda, personal de la departamental, por comisi\u00f3n recibida a la l\u00ednea Gratuita de Emergencia 911, toma intervenci\u00f3n donde por causas a establecer se produjo el incendio de un veh\u00edculo marca Fiat Siena, conducido por un masculino mayor de edad, trabaj\u00f3 [&hellip;]\" \/>\n<meta property=\"og:url\" content=\"https:\/\/redmediterranea.com\/index.php\/2024\/05\/13\/avellaneda-vehiculo-incendiado\/\" \/>\n<meta property=\"og:site_name\" content=\"Red Mediterr\u00e1nea\" \/>\n<meta property=\"article:publisher\" content=\"https:\/\/www.facebook.com\/redmediterranea.net\" \/>\n<meta property=\"article:published_time\" content=\"2024-05-13T19:16:35+00:00\" \/>\n<meta property=\"article:modified_time\" content=\"2024-05-13T19:16:36+00:00\" \/>\n<meta property=\"og:image\" content=\"http:\/\/redmediterranea.com\/wp-content\/uploads\/2024\/05\/WhatsApp-Image-2024-05-13-at-4.01.53-PM.jpeg\" \/>\n\t<meta property=\"og:image:width\" content=\"1078\" \/>\n\t<meta property=\"og:image:height\" content=\"806\" \/>\n\t<meta property=\"og:image:type\" content=\"image\/jpeg\" \/>\n<meta name=\"author\" content=\"Red Mediterr\u00e1nea\" \/>\n<meta name=\"twitter:card\" content=\"summary_large_image\" \/>\n<meta name=\"twitter:label1\" content=\"Escrito por\" \/>\n\t<meta name=\"twitter:data1\" content=\"Red Mediterr\u00e1nea\" \/>\n\t<meta name=\"twitter:label2\" content=\"Tiempo de lectura\" \/>\n\t<meta name=\"twitter:data2\" content=\"1 minuto\" \/>\n<script type=\"application\/ld+json\" class=\"yoast-schema-graph\">{\"@context\":\"https:\\\/\\\/schema.org\",\"@graph\":[{\"@type\":\"Article\",\"@id\":\"https:\\\/\\\/redmediterranea.com\\\/index.php\\\/2024\\\/05\\\/13\\\/avellaneda-vehiculo-incendiado\\\/#article\",\"isPartOf\":{\"@id\":\"https:\\\/\\\/redmediterranea.com\\\/index.php\\\/2024\\\/05\\\/13\\\/avellaneda-vehiculo-incendiado\\\/\"},\"author\":{\"name\":\"Red Mediterr\u00e1nea\",\"@id\":\"https:\\\/\\\/redmediterranea.com\\\/#\\\/schema\\\/person\\\/a59f6085115b75a865fb0338fe81d577\"},\"headline\":\"Avellaneda: Veh\u00edculo incendiado\",\"datePublished\":\"2024-05-13T19:16:35+00:00\",\"dateModified\":\"2024-05-13T19:16:36+00:00\",\"mainEntityOfPage\":{\"@id\":\"https:\\\/\\\/redmediterranea.com\\\/index.php\\\/2024\\\/05\\\/13\\\/avellaneda-vehiculo-incendiado\\\/\"},\"wordCount\":91,\"commentCount\":0,\"publisher\":{\"@id\":\"https:\\\/\\\/redmediterranea.com\\\/#organization\"},\"image\":{\"@id\":\"https:\\\/\\\/redmediterranea.com\\\/index.php\\\/2024\\\/05\\\/13\\\/avellaneda-vehiculo-incendiado\\\/#primaryimage\"},\"thumbnailUrl\":\"https:\\\/\\\/redmediterranea.com\\\/wp-content\\\/uploads\\\/2024\\\/05\\\/WhatsApp-Image-2024-05-13-at-4.01.53-PM.jpeg\",\"keywords\":[\"Avellaneda\",\"Fiat Sierra\",\"Incendio\"],\"articleSection\":[\"Locales\",\"Policiales\"],\"inLanguage\":\"es\",\"potentialAction\":[{\"@type\":\"CommentAction\",\"name\":\"Comment\",\"target\":[\"https:\\\/\\\/redmediterranea.com\\\/index.php\\\/2024\\\/05\\\/13\\\/avellaneda-vehiculo-incendiado\\\/#respond\"]}]},{\"@type\":\"WebPage\",\"@id\":\"https:\\\/\\\/redmediterranea.com\\\/index.php\\\/2024\\\/05\\\/13\\\/avellaneda-vehiculo-incendiado\\\/\",\"url\":\"https:\\\/\\\/redmediterranea.com\\\/index.php\\\/2024\\\/05\\\/13\\\/avellaneda-vehiculo-incendiado\\\/\",\"name\":\"Avellaneda: Veh\u00edculo incendiado &#8212; Red Mediterr\u00e1nea\",\"isPartOf\":{\"@id\":\"https:\\\/\\\/redmediterranea.com\\\/#website\"},\"primaryImageOfPage\":{\"@id\":\"https:\\\/\\\/redmediterranea.com\\\/index.php\\\/2024\\\/05\\\/13\\\/avellaneda-vehiculo-incendiado\\\/#primaryimage\"},\"image\":{\"@id\":\"https:\\\/\\\/redmediterranea.com\\\/index.php\\\/2024\\\/05\\\/13\\\/avellaneda-vehiculo-incendiado\\\/#primaryimage\"},\"thumbnailUrl\":\"https:\\\/\\\/redmediterranea.com\\\/wp-content\\\/uploads\\\/2024\\\/05\\\/WhatsApp-Image-2024-05-13-at-4.01.53-PM.jpeg\",\"datePublished\":\"2024-05-13T19:16:35+00:00\",\"dateModified\":\"2024-05-13T19:16:36+00:00\",\"breadcrumb\":{\"@id\":\"https:\\\/\\\/redmediterranea.com\\\/index.php\\\/2024\\\/05\\\/13\\\/avellaneda-vehiculo-incendiado\\\/#breadcrumb\"},\"inLanguage\":\"es\",\"potentialAction\":[{\"@type\":\"ReadAction\",\"target\":[\"https:\\\/\\\/redmediterranea.com\\\/index.php\\\/2024\\\/05\\\/13\\\/avellaneda-vehiculo-incendiado\\\/\"]}]},{\"@type\":\"ImageObject\",\"inLanguage\":\"es\",\"@id\":\"https:\\\/\\\/redmediterranea.com\\\/index.php\\\/2024\\\/05\\\/13\\\/avellaneda-vehiculo-incendiado\\\/#primaryimage\",\"url\":\"https:\\\/\\\/redmediterranea.com\\\/wp-content\\\/uploads\\\/2024\\\/05\\\/WhatsApp-Image-2024-05-13-at-4.01.53-PM.jpeg\",\"contentUrl\":\"https:\\\/\\\/redmediterranea.com\\\/wp-content\\\/uploads\\\/2024\\\/05\\\/WhatsApp-Image-2024-05-13-at-4.01.53-PM.jpeg\",\"width\":1078,\"height\":806},{\"@type\":\"BreadcrumbList\",\"@id\":\"https:\\\/\\\/redmediterranea.com\\\/index.php\\\/2024\\\/05\\\/13\\\/avellaneda-vehiculo-incendiado\\\/#breadcrumb\",\"itemListElement\":[{\"@type\":\"ListItem\",\"position\":1,\"name\":\"Portada\",\"item\":\"https:\\\/\\\/redmediterranea.com\\\/\"},{\"@type\":\"ListItem\",\"position\":2,\"name\":\"Avellaneda: Veh\u00edculo incendiado\"}]},{\"@type\":\"WebSite\",\"@id\":\"https:\\\/\\\/redmediterranea.com\\\/#website\",\"url\":\"https:\\\/\\\/redmediterranea.com\\\/\",\"name\":\"Red Mediterr\u00e1nea\",\"description\":\"Noticias de De\u00e1n Funes\",\"publisher\":{\"@id\":\"https:\\\/\\\/redmediterranea.com\\\/#organization\"},\"potentialAction\":[{\"@type\":\"SearchAction\",\"target\":{\"@type\":\"EntryPoint\",\"urlTemplate\":\"https:\\\/\\\/redmediterranea.com\\\/?s={search_term_string}\"},\"query-input\":{\"@type\":\"PropertyValueSpecification\",\"valueRequired\":true,\"valueName\":\"search_term_string\"}}],\"inLanguage\":\"es\"},{\"@type\":\"Organization\",\"@id\":\"https:\\\/\\\/redmediterranea.com\\\/#organization\",\"name\":\"Red Mediterr\u00e1nea\",\"url\":\"https:\\\/\\\/redmediterranea.com\\\/\",\"logo\":{\"@type\":\"ImageObject\",\"inLanguage\":\"es\",\"@id\":\"https:\\\/\\\/redmediterranea.com\\\/#\\\/schema\\\/logo\\\/image\\\/\",\"url\":\"https:\\\/\\\/redmediterranea.com\\\/wp-content\\\/uploads\\\/2021\\\/09\\\/red.png\",\"contentUrl\":\"https:\\\/\\\/redmediterranea.com\\\/wp-content\\\/uploads\\\/2021\\\/09\\\/red.png\",\"width\":400,\"height\":260,\"caption\":\"Red Mediterr\u00e1nea\"},\"image\":{\"@id\":\"https:\\\/\\\/redmediterranea.com\\\/#\\\/schema\\\/logo\\\/image\\\/\"},\"sameAs\":[\"https:\\\/\\\/www.facebook.com\\\/redmediterranea.net\",\"https:\\\/\\\/www.youtube.com\\\/channel\\\/UCvm4ojIMOGKnk5v9TsWnFWQ\"]},{\"@type\":\"Person\",\"@id\":\"https:\\\/\\\/redmediterranea.com\\\/#\\\/schema\\\/person\\\/a59f6085115b75a865fb0338fe81d577\",\"name\":\"Red Mediterr\u00e1nea\",\"image\":{\"@type\":\"ImageObject\",\"inLanguage\":\"es\",\"@id\":\"https:\\\/\\\/redmediterranea.com\\\/wp-content\\\/litespeed\\\/avatar\\\/1a3770c806a5dd31cb05580dd57bedd6.jpg?ver=1776626807\",\"url\":\"https:\\\/\\\/redmediterranea.com\\\/wp-content\\\/litespeed\\\/avatar\\\/1a3770c806a5dd31cb05580dd57bedd6.jpg?ver=1776626807\",\"contentUrl\":\"https:\\\/\\\/redmediterranea.com\\\/wp-content\\\/litespeed\\\/avatar\\\/1a3770c806a5dd31cb05580dd57bedd6.jpg?ver=1776626807\",\"caption\":\"Red Mediterr\u00e1nea\"},\"sameAs\":[\"http:\\\/\\\/redmediterranea.com\"],\"url\":\"https:\\\/\\\/redmediterranea.com\\\/index.php\\\/author\\\/hg-hatecraft\\\/\"}]}<\/script>\n<!-- \/ Yoast SEO plugin. -->","yoast_head_json":{"title":"Avellaneda: Veh\u00edculo incendiado &#8212; Red Mediterr\u00e1nea","robots":{"index":"index","follow":"follow","max-snippet":"max-snippet:-1","max-image-preview":"max-image-preview:large","max-video-preview":"max-video-preview:-1"},"canonical":"https:\/\/redmediterranea.com\/index.php\/2024\/05\/13\/avellaneda-vehiculo-incendiado\/","og_locale":"es_ES","og_type":"article","og_title":"Avellaneda: Veh\u00edculo incendiado &#8212; Red Mediterr\u00e1nea","og_description":"En horas de la ma\u00f1ana de la fecha, en camino rural de la localidad de Avellaneda, personal de la departamental, por comisi\u00f3n recibida a la l\u00ednea Gratuita de Emergencia 911, toma intervenci\u00f3n donde por causas a establecer se produjo el incendio de un veh\u00edculo marca Fiat Siena, conducido por un masculino mayor de edad, trabaj\u00f3 [&hellip;]","og_url":"https:\/\/redmediterranea.com\/index.php\/2024\/05\/13\/avellaneda-vehiculo-incendiado\/","og_site_name":"Red Mediterr\u00e1nea","article_publisher":"https:\/\/www.facebook.com\/redmediterranea.net","article_published_time":"2024-05-13T19:16:35+00:00","article_modified_time":"2024-05-13T19:16:36+00:00","og_image":[{"width":1078,"height":806,"url":"http:\/\/redmediterranea.com\/wp-content\/uploads\/2024\/05\/WhatsApp-Image-2024-05-13-at-4.01.53-PM.jpeg","type":"image\/jpeg"}],"author":"Red Mediterr\u00e1nea","twitter_card":"summary_large_image","twitter_misc":{"Escrito por":"Red Mediterr\u00e1nea","Tiempo de lectura":"1 minuto"},"schema":{"@context":"https:\/\/schema.org","@graph":[{"@type":"Article","@id":"https:\/\/redmediterranea.com\/index.php\/2024\/05\/13\/avellaneda-vehiculo-incendiado\/#article","isPartOf":{"@id":"https:\/\/redmediterranea.com\/index.php\/2024\/05\/13\/avellaneda-vehiculo-incendiado\/"},"author":{"name":"Red Mediterr\u00e1nea","@id":"https:\/\/redmediterranea.com\/#\/schema\/person\/a59f6085115b75a865fb0338fe81d577"},"headline":"Avellaneda: Veh\u00edculo incendiado","datePublished":"2024-05-13T19:16:35+00:00","dateModified":"2024-05-13T19:16:36+00:00","mainEntityOfPage":{"@id":"https:\/\/redmediterranea.com\/index.php\/2024\/05\/13\/avellaneda-vehiculo-incendiado\/"},"wordCount":91,"commentCount":0,"publisher":{"@id":"https:\/\/redmediterranea.com\/#organization"},"image":{"@id":"https:\/\/redmediterranea.com\/index.php\/2024\/05\/13\/avellaneda-vehiculo-incendiado\/#primaryimage"},"thumbnailUrl":"https:\/\/redmediterranea.com\/wp-content\/uploads\/2024\/05\/WhatsApp-Image-2024-05-13-at-4.01.53-PM.jpeg","keywords":["Avellaneda","Fiat Sierra","Incendio"],"articleSection":["Locales","Policiales"],"inLanguage":"es","potentialAction":[{"@type":"CommentAction","name":"Comment","target":["https:\/\/redmediterranea.com\/index.php\/2024\/05\/13\/avellaneda-vehiculo-incendiado\/#respond"]}]},{"@type":"WebPage","@id":"https:\/\/redmediterranea.com\/index.php\/2024\/05\/13\/avellaneda-vehiculo-incendiado\/","url":"https:\/\/redmediterranea.com\/index.php\/2024\/05\/13\/avellaneda-vehiculo-incendiado\/","name":"Avellaneda: Veh\u00edculo incendiado &#8212; Red Mediterr\u00e1nea","isPartOf":{"@id":"https:\/\/redmediterranea.com\/#website"},"primaryImageOfPage":{"@id":"https:\/\/redmediterranea.com\/index.php\/2024\/05\/13\/avellaneda-vehiculo-incendiado\/#primaryimage"},"image":{"@id":"https:\/\/redmediterranea.com\/index.php\/2024\/05\/13\/avellaneda-vehiculo-incendiado\/#primaryimage"},"thumbnailUrl":"https:\/\/redmediterranea.com\/wp-content\/uploads\/2024\/05\/WhatsApp-Image-2024-05-13-at-4.01.53-PM.jpeg","datePublished":"2024-05-13T19:16:35+00:00","dateModified":"2024-05-13T19:16:36+00:00","breadcrumb":{"@id":"https:\/\/redmediterranea.com\/index.php\/2024\/05\/13\/avellaneda-vehiculo-incendiado\/#breadcrumb"},"inLanguage":"es","potentialAction":[{"@type":"ReadAction","target":["https:\/\/redmediterranea.com\/index.php\/2024\/05\/13\/avellaneda-vehiculo-incendiado\/"]}]},{"@type":"ImageObject","inLanguage":"es","@id":"https:\/\/redmediterranea.com\/index.php\/2024\/05\/13\/avellaneda-vehiculo-incendiado\/#primaryimage","url":"https:\/\/redmediterranea.com\/wp-content\/uploads\/2024\/05\/WhatsApp-Image-2024-05-13-at-4.01.53-PM.jpeg","contentUrl":"https:\/\/redmediterranea.com\/wp-content\/uploads\/2024\/05\/WhatsApp-Image-2024-05-13-at-4.01.53-PM.jpeg","width":1078,"height":806},{"@type":"BreadcrumbList","@id":"https:\/\/redmediterranea.com\/index.php\/2024\/05\/13\/avellaneda-vehiculo-incendiado\/#breadcrumb","itemListElement":[{"@type":"ListItem","position":1,"name":"Portada","item":"https:\/\/redmediterranea.com\/"},{"@type":"ListItem","position":2,"name":"Avellaneda: Veh\u00edculo incendiado"}]},{"@type":"WebSite","@id":"https:\/\/redmediterranea.com\/#website","url":"https:\/\/redmediterranea.com\/","name":"Red Mediterr\u00e1nea","description":"Noticias de De\u00e1n Funes","publisher":{"@id":"https:\/\/redmediterranea.com\/#organization"},"potentialAction":[{"@type":"SearchAction","target":{"@type":"EntryPoint","urlTemplate":"https:\/\/redmediterranea.com\/?s={search_term_string}"},"query-input":{"@type":"PropertyValueSpecification","valueRequired":true,"valueName":"search_term_string"}}],"inLanguage":"es"},{"@type":"Organization","@id":"https:\/\/redmediterranea.com\/#organization","name":"Red Mediterr\u00e1nea","url":"https:\/\/redmediterranea.com\/","logo":{"@type":"ImageObject","inLanguage":"es","@id":"https:\/\/redmediterranea.com\/#\/schema\/logo\/image\/","url":"https:\/\/redmediterranea.com\/wp-content\/uploads\/2021\/09\/red.png","contentUrl":"https:\/\/redmediterranea.com\/wp-content\/uploads\/2021\/09\/red.png","width":400,"height":260,"caption":"Red Mediterr\u00e1nea"},"image":{"@id":"https:\/\/redmediterranea.com\/#\/schema\/logo\/image\/"},"sameAs":["https:\/\/www.facebook.com\/redmediterranea.net","https:\/\/www.youtube.com\/channel\/UCvm4ojIMOGKnk5v9TsWnFWQ"]},{"@type":"Person","@id":"https:\/\/redmediterranea.com\/#\/schema\/person\/a59f6085115b75a865fb0338fe81d577","name":"Red Mediterr\u00e1nea","image":{"@type":"ImageObject","inLanguage":"es","@id":"https:\/\/redmediterranea.com\/wp-content\/litespeed\/avatar\/1a3770c806a5dd31cb05580dd57bedd6.jpg?ver=1776626807","url":"https:\/\/redmediterranea.com\/wp-content\/litespeed\/avatar\/1a3770c806a5dd31cb05580dd57bedd6.jpg?ver=1776626807","contentUrl":"https:\/\/redmediterranea.com\/wp-content\/litespeed\/avatar\/1a3770c806a5dd31cb05580dd57bedd6.jpg?ver=1776626807","caption":"Red Mediterr\u00e1nea"},"sameAs":["http:\/\/redmediterranea.com"],"url":"https:\/\/redmediterranea.com\/index.php\/author\/hg-hatecraft\/"}]}},"_links":{"self":[{"href":"https:\/\/redmediterranea.com\/index.php\/wp-json\/wp\/v2\/posts\/10831","targetHints":{"allow":["GET"]}}],"collection":[{"href":"https:\/\/redmediterranea.com\/index.php\/wp-json\/wp\/v2\/posts"}],"about":[{"href":"https:\/\/redmediterranea.com\/index.php\/wp-json\/wp\/v2\/types\/post"}],"author":[{"embeddable":true,"href":"https:\/\/redmediterranea.com\/index.php\/wp-json\/wp\/v2\/users\/1"}],"replies":[{"embeddable":true,"href":"https:\/\/redmediterranea.com\/index.php\/wp-json\/wp\/v2\/comments?post=10831"}],"version-history":[{"count":1,"href":"https:\/\/redmediterranea.com\/index.php\/wp-json\/wp\/v2\/posts\/10831\/revisions"}],"predecessor-version":[{"id":10833,"href":"https:\/\/redmediterranea.com\/index.php\/wp-json\/wp\/v2\/posts\/10831\/revisions\/10833"}],"wp:featuredmedia":[{"embeddable":true,"href":"https:\/\/redmediterranea.com\/index.php\/wp-json\/wp\/v2\/media\/10832"}],"wp:attachment":[{"href":"https:\/\/redmediterranea.com\/index.php\/wp-json\/wp\/v2\/media?parent=10831"}],"wp:term":[{"taxonomy":"category","embeddable":true,"href":"https:\/\/redmediterranea.com\/index.php\/wp-json\/wp\/v2\/categories?post=10831"},{"taxonomy":"post_tag","embeddable":true,"href":"https:\/\/redmediterranea.com\/index.php\/wp-json\/wp\/v2\/tags?post=10831"}],"curies":[{"name":"wp","href":"https:\/\/api.w.org\/{rel}","templated":true}]}}